{"id":296215,"date":"2025-12-19T14:32:08","date_gmt":"2025-12-19T14:32:08","guid":{"rendered":"https:\/\/www.europesays.com\/es\/296215\/"},"modified":"2025-12-19T14:32:08","modified_gmt":"2025-12-19T14:32:08","slug":"el-louvre-vuelve-a-abrir-con-normalidad-tras-desconvocar-la-huelga-los-trabajadores-cultura","status":"publish","type":"post","link":"https:\/\/www.europesays.com\/es\/296215\/","title":{"rendered":"El Louvre vuelve a abrir con normalidad tras desconvocar la huelga los trabajadores | Cultura"},"content":{"rendered":"<p class=\"\">Los trabajadores del <a href=\"https:\/\/elpais.com\/noticias\/museo-louvre\/\" target=\"_blank\" rel=\"noreferrer nofollow noopener\" title=\"https:\/\/elpais.com\/noticias\/museo-louvre\/\">Museo del Louvre<\/a> han decidido este viernes en una asamblea general no seguir <a href=\"https:\/\/elpais.com\/internacional\/2025-12-15\/el-louvre-arranca-este-lunes-una-huelga-con-las-puertas-cerradas-al-publico.html\" target=\"_blank\" rel=\"noreferrer nofollow noopener\" title=\"https:\/\/elpais.com\/internacional\/2025-12-15\/el-louvre-arranca-este-lunes-una-huelga-con-las-puertas-cerradas-al-publico.html\">con la huelga que comenzaron el pasado lunes<\/a> y que oblig\u00f3 a cerrar el museo m\u00e1s visitado del mundo. La pinacoteca ha abierto este viernes con normalidad, tras permanecer completamente clausurada el lunes. <a href=\"https:\/\/elpais.com\/cultura\/2025-12-17\/el-louvre-arranca-otra-jornada-cerrado-por-la-huelga-de-sus-empleados.html\" target=\"_blank\" rel=\"noreferrer nofollow noopener\" title=\"https:\/\/elpais.com\/cultura\/2025-12-17\/el-louvre-arranca-otra-jornada-cerrado-por-la-huelga-de-sus-empleados.html\">Reabri\u00f3 el mi\u00e9rcoles aunque con algunas salas cerradas<\/a>, ante la falta de personal. <\/p>\n<p class=\"\">Los trabajadores, unos 300 reunidos, han acordado de manera un\u00e1nime y \u201cpor responsabilidad\u201d poner fin al paro de momento, pero se han dado cita el pr\u00f3ximo 5 de enero para decidir si lo reinician despu\u00e9s de las fiestas. El sindicato CFDT denuncia en un comunicado los \u201cavances insuficientes\u201d en las negociaciones que han mantenido estos d\u00edas con el Ministerio de Cultura. <\/p>\n<p class=\"\">Critican tambi\u00e9n la ausencia de respuestas por parte de la direcci\u00f3n del museo a sus reivindicaciones: la degradaci\u00f3n en las condiciones de trabajo, <a href=\"https:\/\/elpais.com\/cultura\/2025-11-17\/el-museo-del-louvre-cierra-al-publico-una-de-sus-galerias-por-la-fragilidad-de-algunas-vigas-en-el-edificio.html\" target=\"_blank\" rel=\"noreferrer nofollow noopener\" title=\"https:\/\/elpais.com\/cultura\/2025-11-17\/el-museo-del-louvre-cierra-al-publico-una-de-sus-galerias-por-la-fragilidad-de-algunas-vigas-en-el-edificio.html\">el deterioro del edificio<\/a> y <a href=\"https:\/\/elpais.com\/cultura\/2025-11-07\/el-louvre-se-defiende-de-las-criticas-aunque-admite-fallos-en-la-seguridad.html\" target=\"_blank\" rel=\"noreferrer nofollow noopener\" title=\"https:\/\/elpais.com\/cultura\/2025-11-07\/el-louvre-se-defiende-de-las-criticas-aunque-admite-fallos-en-la-seguridad.html\">la falta de seguridad<\/a>, que qued\u00f3 en evidencia tras <a href=\"https:\/\/elpais.com\/cultura\/2025-10-21\/la-fiscalia-fija-en-88-millones-de-euros-el-valor-de-los-objetos-robados-en-el-louvre.html\" target=\"_blank\" rel=\"noreferrer nofollow noopener\" title=\"https:\/\/elpais.com\/cultura\/2025-10-21\/la-fiscalia-fija-en-88-millones-de-euros-el-valor-de-los-objetos-robados-en-el-louvre.html\">el espectacular robo de las ocho joyas de la Corona el pasado 19 de octubre<\/a>.<\/p>\n<p>M\u00e1s informaci\u00f3n<\/p>\n<p class=\"\">Desde el lunes los trabajadores se han reunido en cinco ocasiones con representantes del Ministerio que dirige Rachida Dati, aunque \u201clos avances logrados son insuficientes, sobre todo en lo que respecta al empleo y las remuneraciones\u201d, ha se\u00f1alado la CFDT. Lamentan que <a href=\"https:\/\/elpais.com\/cultura\/2025-10-22\/la-presidenta-del-louvre-el-robo-es-una-herida-inmensa-hemos-fracasado.html\" target=\"_blank\" rel=\"noreferrer nofollow noopener\" title=\"https:\/\/elpais.com\/cultura\/2025-10-22\/la-presidenta-del-louvre-el-robo-es-una-herida-inmensa-hemos-fracasado.html\">la presidenta del Louvre, Laurence des Cars<\/a>, no se haya reunido ni dirigido a ellos desde que empezaron la movilizaci\u00f3n. <\/p>\n<p class=\"\">\u201cHemos votado no seguir con la huelga para dar un respiro a las negociaciones\u201d con Cultura, ha se\u00f1alado Val\u00e9rie Baud, delegada del citado sindicato. El Ministerio se ha comprometido a anular una rebaja de 5,7 millones de euros en la dotaci\u00f3n p\u00fablica al museo. Las conversaciones se retomar\u00e1n tras la pausa navide\u00f1a. <\/p>\n<p class=\"\">\u201cNuestro objetivo no es impedir el acceso a los turistas durante las fiestas, sino mejorar las condiciones de trabajo y tambi\u00e9n las condiciones de visita\u201d, ha se\u00f1alado la representante del sindicato CGT Nathalie Ramos. Los trabajadores reprochan tambi\u00e9n el <a href=\"https:\/\/elpais.com\/cultura\/2025-02-16\/laurence-des-cars-directora-del-louvre-el-turismo-de-masas-no-es-una-maldicion-para-el-museo-sino-un-orgullo.html\" target=\"_blank\" rel=\"noreferrer nofollow noopener\" title=\"https:\/\/elpais.com\/cultura\/2025-02-16\/laurence-des-cars-directora-del-louvre-el-turismo-de-masas-no-es-una-maldicion-para-el-museo-sino-un-orgullo.html\">incremento del precio de la entrada para los turistas de fuera de Europa<\/a>, <a href=\"https:\/\/elpais.com\/cultura\/2025-01-28\/las-entradas-del-nuevo-louvre-seran-mas-caras-para-los-visitantes-de-fuera-de-la-union-europea.html\" target=\"_blank\" rel=\"noreferrer nofollow noopener\" title=\"https:\/\/elpais.com\/cultura\/2025-01-28\/las-entradas-del-nuevo-louvre-seran-mas-caras-para-los-visitantes-de-fuera-de-la-union-europea.html\">que pasar\u00e1 de 22 a 32 euros en enero<\/a>.<\/p>\n<p class=\"\">Las reivindicaciones de los empleados parecen m\u00e1s que justificadas tras la cadena de pol\u00e9micas que salpican al museo. Poco despu\u00e9s del <a href=\"https:\/\/elpais.com\/cultura\/2025-10-20\/las-joyas-robadas-del-louvre-simbolos-del-apogeo-de-francia-y-dificiles-de-vender.html\" target=\"_blank\" rel=\"noreferrer nofollow noopener\" title=\"https:\/\/elpais.com\/cultura\/2025-10-20\/las-joyas-robadas-del-louvre-simbolos-del-apogeo-de-francia-y-dificiles-de-vender.html\">ins\u00f3lito robo de las joyas de Napol\u00e9on<\/a>, la pinacoteca tuvo que cerrar una de sus galer\u00edas ante el peligro de derrumbe. Varias auditor\u00edas que se han publicado desde entonces revelan <a href=\"https:\/\/elpais.com\/cultura\/2025-12-07\/cerca-de-400-documentos-del-departamento-egipcio-del-louvre-danados-por-una-fuga-de-agua.html\" target=\"_blank\" rel=\"noreferrer nofollow noopener\" title=\"https:\/\/elpais.com\/cultura\/2025-12-07\/cerca-de-400-documentos-del-departamento-egipcio-del-louvre-danados-por-una-fuga-de-agua.html\">los problemas en el edificio<\/a>, la poca inversi\u00f3n en su mantenimiento y los problemas de seguridad. <\/p>\n<p class=\"\">En el punto de mira est\u00e1 <a href=\"https:\/\/elpais.com\/cultura\/2025-02-16\/laurence-des-cars-directora-del-louvre-el-turismo-de-masas-no-es-una-maldicion-para-el-museo-sino-un-orgullo.html\" target=\"_blank\" rel=\"noreferrer nofollow noopener\" title=\"https:\/\/elpais.com\/cultura\/2025-02-16\/laurence-des-cars-directora-del-louvre-el-turismo-de-masas-no-es-una-maldicion-para-el-museo-sino-un-orgullo.html\">la actual presidenta, que fue nombrada en 2021<\/a>, pero tambi\u00e9n su predecesor, Jean Luc Mart\u00ednez, que asumi\u00f3 el mando en 2013 hasta que le relev\u00f3 Laurence des Cars. Ambos han comparecido esta semana en una comisi\u00f3n en el Senado para dar explicaciones, en concreto sobre un informe de 2019 que ya revelaba la vulnerabilidad de la galer\u00eda de Apolo. Es la que atracaron los cuatro ladrones el pasado 19 de octubre. Treparon por una escalera de mudanza al balc\u00f3n que da acceso, entraron y rompieron con radiales las vitrinas donde estaban las joyas, que siguen sin aparecer. <\/p>\n","protected":false},"excerpt":{"rendered":"Los trabajadores del Museo del Louvre han decidido este viernes en una asamblea general no seguir con la&hellip;\n","protected":false},"author":2,"featured_media":296216,"comment_status":"","ping_status":"","sticky":false,"template":"","format":"standard","meta":{"footnotes":""},"categories":[173],"tags":[229,233,231,230,209,232,234,146,147,25,24,317,21454,41530,3873,17948,4759,23,4664],"class_list":{"0":"post-296215","1":"post","2":"type-post","3":"status-publish","4":"format-standard","5":"has-post-thumbnail","7":"category-arte-y-diseno","8":"tag-arte","9":"tag-arte-y-diseno","10":"tag-arts","11":"tag-arts-and-design","12":"tag-cultura","13":"tag-design","14":"tag-diseno","15":"tag-entertainment","16":"tag-entretenimiento","17":"tag-es","18":"tag-espana","19":"tag-francia","20":"tag-huelgas","21":"tag-museo-del-louvre","22":"tag-museos","23":"tag-museos-publicos","24":"tag-paris","25":"tag-spain","26":"tag-turismo"},"share_on_mastodon":{"url":"https:\/\/pubeurope.com\/@es\/115746723787090139","error":""},"_links":{"self":[{"href":"https:\/\/www.europesays.com\/es\/wp-json\/wp\/v2\/posts\/296215","targetHints":{"allow":["GET"]}}],"collection":[{"href":"https:\/\/www.europesays.com\/es\/wp-json\/wp\/v2\/posts"}],"about":[{"href":"https:\/\/www.europesays.com\/es\/wp-json\/wp\/v2\/types\/post"}],"author":[{"embeddable":true,"href":"https:\/\/www.europesays.com\/es\/wp-json\/wp\/v2\/users\/2"}],"replies":[{"embeddable":true,"href":"https:\/\/www.europesays.com\/es\/wp-json\/wp\/v2\/comments?post=296215"}],"version-history":[{"count":0,"href":"https:\/\/www.europesays.com\/es\/wp-json\/wp\/v2\/posts\/296215\/revisions"}],"wp:featuredmedia":[{"embeddable":true,"href":"https:\/\/www.europesays.com\/es\/wp-json\/wp\/v2\/media\/296216"}],"wp:attachment":[{"href":"https:\/\/www.europesays.com\/es\/wp-json\/wp\/v2\/media?parent=296215"}],"wp:term":[{"taxonomy":"category","embeddable":true,"href":"https:\/\/www.europesays.com\/es\/wp-json\/wp\/v2\/categories?post=296215"},{"taxonomy":"post_tag","embeddable":true,"href":"https:\/\/www.europesays.com\/es\/wp-json\/wp\/v2\/tags?post=296215"}],"curies":[{"name":"wp","href":"https:\/\/api.w.org\/{rel}","templated":true}]}}