{"id":296225,"date":"2025-12-19T14:38:12","date_gmt":"2025-12-19T14:38:12","guid":{"rendered":"https:\/\/www.europesays.com\/es\/296225\/"},"modified":"2025-12-19T14:38:12","modified_gmt":"2025-12-19T14:38:12","slug":"la-gripe-a-se-intensifica-y-dispara-los-ingresos","status":"publish","type":"post","link":"https:\/\/www.europesays.com\/es\/296225\/","title":{"rendered":"La gripe A se intensifica y dispara los ingresos"},"content":{"rendered":"<p>As\u00ed lo advierte el <strong>vicepresidente de <a href=\"https:\/\/www.semes.org\/\" target=\"_blank\" rel=\"noreferrer noopener nofollow\">SEMES,<\/a> Javier Mill\u00e1n<\/strong>, quien se\u00f1ala que \u201cen la \u00faltima semana pr\u00e1cticamente se ha duplicado la tasa de infecciones por virus respiratorios, sobre todo gripe A, situ\u00e1ndose ya a nivel nacional en torno a los 700 casos por cada 100.000 habitantes, y superando los 1.000 casos en muchas comunidades aut\u00f3nomas\u201d.<\/p>\n<p>En este sentido, los informes auton\u00f3micos confirman una tendencia claramente ascendente, con incidencias muy elevadas de infecciones respiratorias agudas (IRAs) y un impacto creciente en los servicios de urgencias y hospitalizaci\u00f3n, especialmente en poblaci\u00f3n pedi\u00e1trica, beb\u00e9s menores de un a\u00f1o y personas mayores de 75-80 a\u00f1os.<\/p>\n<p><strong>De hecho, en algunos territorios, el n\u00famero de casos diagnosticados ha aumentado m\u00e1s de un 8% respecto a la semana anterior. Paralelamente, los <a href=\"https:\/\/www.saludadiario.es\/salud-publica\/la-gripe-a-la-cabeza-de-los-virus-respiratorios-en-espana\/\" target=\"_blank\" rel=\"noreferrer noopener nofollow\">ingresos hospitalarios <\/a>se han incrementado por encima del 50%,<\/strong> superando ya los m\u00e1ximos registrados en toda la temporada pasada. <\/p>\n<p><strong>El Dr. Mill\u00e1n subraya que el aumento <\/strong>de las hospitalizaciones se centra especialmente en personas vulnerables: \u201cCada vez son m\u00e1s los pacientes que requieren ingreso hospitalario por complicaciones, sobre todo mayores de 65 a\u00f1os con comorbilidades como enfermedades cardiovasculares, respiratorias cr\u00f3nicas, procesos oncohematol\u00f3gicos o situaciones de inmunodepresi\u00f3n\u201d.<\/p>\n<p>Situaci\u00f3n en cada territorio<\/p>\n<p>En cuanto a la distribuci\u00f3n de los virus respiratorios, el vicepresidente de SEMES destaca que entre el 60% y el 70% de los casos corresponden a gripe A, con predominio de la variante H3N2 clado K, \u201cque parece tener una mayor velocidad de transmisi\u00f3n\u201d, mientras que la covid-19 y el virus respiratorio sincitial mantienen una circulaci\u00f3n mucho menor.<\/p>\n<ul class=\"wp-block-list\">\n<li><strong>GALICIA:<\/strong> la actividad gripal ha alcanzado ya un nivel medio de intensidad, con un aumento muy significativo de la demanda asistencial. La tasa de consultas por gripe se increment\u00f3 un 46,2%, hasta situarse en 122 consultas por 100.000 habitantes, duplicando pr\u00e1cticamente el crecimiento registrado la semana anterior. El aumento se observ\u00f3 en todos los grupos de edad, destacando el grupo de 5 a 19 a\u00f1os, con un incremento del 58,8%, aunque tambi\u00e9n creci\u00f3 de forma relevante en menores de 4 a\u00f1os y en poblaci\u00f3n adulta. En el \u00e1mbito hospitalario, los ingresos por gripe aumentaron un 20%, con 332 personas hospitalizadas en una sola semana y un total acumulado de 1.675 ingresos esta temporada. El mayor impacto se registr\u00f3 en personas de + 80 a\u00f1os.<\/li>\n<li><strong>NAVARRA:<\/strong> El informe correspondiente a la semana 50 apunta a una fase de estabilizaci\u00f3n de la actividad gripal, con una incidencia de s\u00edndromes gripales de 330 casos por 100.000 habitantes. Aunque se observa un aumento en los mayores de 15 a\u00f1os, las tasas m\u00e1s elevadas contin\u00faan registr\u00e1ndose en poblaci\u00f3n infantil, especialmente en los grupos de 0 a 4 a\u00f1os (756 casos por 100.000) y de 5 a 14 a\u00f1os (562). El descenso global de la incidencia se explica principalmente por la reducci\u00f3n del 43% en el grupo de 5 a 14 a\u00f1os respecto a la semana anterior. Se han confirmado 162 casos de gripe por PCR, mayoritariamente gripe A(H3N2), y se han contabilizado 115 ingresos hospitalarios. La circulaci\u00f3n de otros virus respiratorios se mantiene limitada, con pocos casos de COVID-19 y presencia moderada de VRS, principalmente en poblaci\u00f3n pedi\u00e1trica.<\/li>\n<li><strong>ANDALUC\u00cdA: <\/strong>se confirma la entrada en fase epid\u00e9mica, con una tasa de incidencia de IRAs de 411,3 casos por 100.000 habitantes, superando el umbral basal de la temporada. La mayor incidencia se observa en menores de 1 a\u00f1o, seguida del grupo de 1 a 4 a\u00f1os, y con una afectaci\u00f3n superior en mujeres. La tasa de s\u00edndrome gripal aument\u00f3 de forma muy marcada hasta 33,5 casos por 100.000 habitantes, triplicando la registrada la semana previa. La positividad para gripe se elev\u00f3 hasta el 46,2%, frente al 17,9% de la semana anterior, mientras que COVID-19 y VRS se mantienen en niveles bajos. En hospitales, la tasa de IRAG alcanz\u00f3 los 9,4 casos por 100.000 habitantes, con mayor impacto en menores de 1 a\u00f1o y mayores de 80, y un aumento claro de la hospitalizaci\u00f3n por gripe, que ya se sit\u00faa en 2,5 ingresos por 100.000 habitantes.<\/li>\n<li><strong>CANARIAS: <\/strong>se observa un ascenso muy r\u00e1pido de las infecciones respiratorias agudas, con una tasa de 926,4 casos por 100.000 habitantes, frente a 763,6 la semana previa. El s\u00edndrome gripal contin\u00faa aumentando hasta situarse en 125,4 casos por 100.000 habitantes, adelant\u00e1ndose cuatro semanas respecto al comportamiento de la temporada anterior. La hospitalizaci\u00f3n por IRAG tambi\u00e9n muestra una tendencia ascendente, alcanzando los 11,4 casos por 100.000 habitantes, lo que indica un impacto creciente en el \u00e1mbito hospitalario.<\/li>\n<li><strong>CASTILLA Y LE\u00d3N: <\/strong>presenta una alta carga de infecciones respiratorias, con una tasa global de 893 casos por 100.000 habitantes. La incidencia de s\u00edndrome gripal asciende a 173 casos por 100.000, a\u00fan en nivel de intensidad bajo, pero con una clara tendencia al alza. Las urgencias hospitalarias por IRAs contin\u00faan aumentando en todos los grupos de edad y ya representan casi el 11% del total de las urgencias, mientras que las hospitalizaciones crecen especialmente en mayores de 75 a\u00f1os. La gripe A, mayoritariamente subtipo H3, supone el 50% de las muestras centinelas positivas, y se detecta un ligero repunte de VRS en menores de 5 a\u00f1os y mayores de 65.<\/li>\n<li><strong>MURCIA: <\/strong>en la Regi\u00f3n de Murcia la incidencia de IRAs en Atenci\u00f3n Primaria aument\u00f3 un 32%, alcanzando los 982 casos por 100.000 habitantes. El incremento se debe principalmente a la gripe, cuya incidencia pas\u00f3 de 52 a 180 casos por 100.000 habitantes en una sola semana. La positividad para gripe alcanza el 43,5%, frente a cifras mucho menores para COVID-19 y VRS. En el \u00e1mbito hospitalario, la incidencia de ingresos por IRAG se elev\u00f3 hasta 17,5 casos por 100.000 habitantes, con todos los casos de gripe correspondientes a gripe A, lo que confirma un impacto hospitalario creciente.<\/li>\n<li><strong>CATALU\u00d1A:<\/strong> registra en la semana 50 una situaci\u00f3n de m\u00e1xima intensidad, con 1.152 casos de infecciones respiratorias agudas por 100.000 habitantes y una incidencia de gripe que alcanza los 764 casos por 100.000 habitantes, situ\u00e1ndose entre las cifras m\u00e1s altas del pa\u00eds.<\/li>\n<li><strong>ISLAS BALEARES:<\/strong> aunque la tasa epid\u00e9mica sigue siendo relativamente baja, la tendencia es claramente ascendente. La incidencia de IRAs se sit\u00faa en 479 casos por 100.000 habitantes y la de gripe en 65 por 100.000, con una fuerte repercusi\u00f3n en los servicios de urgencias hospitalarios por descompensaci\u00f3n de pacientes cr\u00f3nicos, especialmente en la isla de Ibiza.<\/li>\n<li><strong>ARAG\u00d3N:<\/strong> mantiene incidencias elevadas, con 325 casos de gripe por 100.000 habitantes y 981 casos de IRAs por 100.000. La pr\u00e1ctica totalidad de los casos confirmados corresponden a gripe A. Durante la \u00faltima jornada se han registrado episodios de colapso hospitalario en Zaragoza, con falta de camas para ingresos.<\/li>\n<li><strong>LA RIOJA:<\/strong> la evoluci\u00f3n entre las semanas 49 y 50 muestra un ascenso claro de la gripe, que pasa de 131 a 193 casos por 100.000 habitantes, mientras que las IRAs se mantienen en niveles elevados. En la semana 50 se han registrado 30 ingresos por gripe, frente a cifras mucho menores por COVID-19 y VRS.<\/li>\n<li><strong>CANTABRIA: <\/strong>se diagnosticaron 224 casos de gripe en el \u00e1mbito hospitalario, de los cuales el 32% correspondieron a poblaci\u00f3n pedi\u00e1trica. La circulaci\u00f3n es exclusivamente de gripe A, tanto en casos diagnosticados como en pacientes ingresados. De los casos subtipados hasta el momento, predomina el subtipo H3N2 (57,9%), seguido de H1N1 (36,8%), con algunos casos de coinfecci\u00f3n por ambos subtipos. La presi\u00f3n hospitalaria es relevante: en esta semana se registraron 56 nuevos ingresos por gripe, fundamentalmente en adultos, y en m\u00e1s del 60% de los casos el motivo del ingreso fue una infecci\u00f3n respiratoria, lo que refleja un impacto cl\u00ednico significativo. A cierre del periodo, 38 pacientes permanec\u00edan a\u00fan hospitalizados. La gravedad tambi\u00e9n es destacable, con 6 ingresos en UCI (10,7%), todos ellos en poblaci\u00f3n adulta, y 5 pacientes cr\u00edticos que contin\u00faan ingresados. Desde el inicio del periodo analizado, se han producido 2 fallecimientos por gripe, confirmando un impacto severo de la infecci\u00f3n en los casos hospitalizados.<\/li>\n<li><strong>CASTILLA-LA MANCHA: <\/strong>el informe de la semana 49 muestra un incremento muy marcado de las infecciones respiratorias agudas, impulsado principalmente por la gripe y por un aumento paralelo de las infecciones por virus respiratorio sincitial (VRS). La incidencia de IRAs en Atenci\u00f3n Primaria se situ\u00f3 en 998,5 casos por 100.000 habitantes, frente a los 722 casos de la semana anterior, mientras que la incidencia hospitalaria ascendi\u00f3 hasta 19,9 casos por 100.000 habitantes, desde los 15,8 registrados previamente, con niveles de intensidad medios. La mayor afectaci\u00f3n contin\u00faa concentr\u00e1ndose en los menores de 4 a\u00f1os y en las personas mayores de 80, aunque se observa un aumento significativo en el grupo de edad de 5 a 19 a\u00f1os, lo que indica una intensificaci\u00f3n de la transmisi\u00f3n comunitaria. En cuanto a la caracterizaci\u00f3n virol\u00f3gica, la circulaci\u00f3n es pr\u00e1cticamente exclusiva de gripe A, con presencia del subtipo A(H1N1) y un claro predominio del A(H3N2) clado K, variante asociada a una mayor capacidad de transmisi\u00f3n.<\/li>\n<li><strong>EUSKADI: <\/strong>la circulaci\u00f3n del virus de la gripe mantiene una tendencia ascendente, acompa\u00f1ada de un aumento continuado de los casos de bronquiolitis, mientras que la incidencia de COVID-19 permanece en niveles bajos. La tasa de infecciones respiratorias agudas en Atenci\u00f3n Primaria se sit\u00faa en 537 casos por 100.000 habitantes, con un incremento respecto a la semana previa. En el \u00e1mbito hospitalario, la tasa de IRA grave ha aumentado hasta 22,1 casos por 100.000 habitantes, reflejando una mayor presi\u00f3n asistencial. Aunque las tasas de IRA y bronquiolitis en Atenci\u00f3n Primaria se mantienen en niveles de intensidad bajos, el s\u00edndrome gripal atendido en urgencias se sit\u00faa en un nivel de intensidad medio, con una elevada detecci\u00f3n de virus gripales en los sistemas de vigilancia microbiol\u00f3gica.<\/li>\n<\/ul>\n<p>Colapso del sistema<\/p>\n<p>La confluencia de gripe A, VRS y descompensaciones de pacientes cr\u00f3nicos est\u00e1 provocando un incremento notable de la presi\u00f3n asistencial, con jornadas de colapso en algunos hospitales y dificultades para la disponibilidad de camas de hospitalizaci\u00f3n: \u201cEstamos ya en una situaci\u00f3n muy compleja en muchos servicios de urgencias, con salas de espera saturadas, largas demoras y pacientes pendientes de cama de hospitalizaci\u00f3n\u201d, alerta el Dr. Javier Mill\u00e1n, quien insiste en la necesidad de activar de forma urgente planes de contingencia, reforzar las plantillas y garantizar la disponibilidad de camas para evitar el colapso del sistema<\/p>\n","protected":false},"excerpt":{"rendered":"As\u00ed lo advierte el vicepresidente de SEMES, Javier Mill\u00e1n, quien se\u00f1ala que \u201cen la \u00faltima semana pr\u00e1cticamente se&hellip;\n","protected":false},"author":2,"featured_media":102917,"comment_status":"","ping_status":"","sticky":false,"template":"","format":"standard","meta":{"footnotes":""},"categories":[92],"tags":[25,24,7749,165,66847,166,23,12353],"class_list":{"0":"post-296225","1":"post","2":"type-post","3":"status-publish","4":"format-standard","5":"has-post-thumbnail","7":"category-salud","8":"tag-es","9":"tag-espana","10":"tag-gripe","11":"tag-health","12":"tag-infecciones-respiratorias","13":"tag-salud","14":"tag-spain","15":"tag-urgencias"},"share_on_mastodon":{"url":"","error":""},"_links":{"self":[{"href":"https:\/\/www.europesays.com\/es\/wp-json\/wp\/v2\/posts\/296225","targetHints":{"allow":["GET"]}}],"collection":[{"href":"https:\/\/www.europesays.com\/es\/wp-json\/wp\/v2\/posts"}],"about":[{"href":"https:\/\/www.europesays.com\/es\/wp-json\/wp\/v2\/types\/post"}],"author":[{"embeddable":true,"href":"https:\/\/www.europesays.com\/es\/wp-json\/wp\/v2\/users\/2"}],"replies":[{"embeddable":true,"href":"https:\/\/www.europesays.com\/es\/wp-json\/wp\/v2\/comments?post=296225"}],"version-history":[{"count":0,"href":"https:\/\/www.europesays.com\/es\/wp-json\/wp\/v2\/posts\/296225\/revisions"}],"wp:featuredmedia":[{"embeddable":true,"href":"https:\/\/www.europesays.com\/es\/wp-json\/wp\/v2\/media\/102917"}],"wp:attachment":[{"href":"https:\/\/www.europesays.com\/es\/wp-json\/wp\/v2\/media?parent=296225"}],"wp:term":[{"taxonomy":"category","embeddable":true,"href":"https:\/\/www.europesays.com\/es\/wp-json\/wp\/v2\/categories?post=296225"},{"taxonomy":"post_tag","embeddable":true,"href":"https:\/\/www.europesays.com\/es\/wp-json\/wp\/v2\/tags?post=296225"}],"curies":[{"name":"wp","href":"https:\/\/api.w.org\/{rel}","templated":true}]}}