{"id":296226,"date":"2025-12-19T14:39:09","date_gmt":"2025-12-19T14:39:09","guid":{"rendered":"https:\/\/www.europesays.com\/es\/296226\/"},"modified":"2025-12-19T14:39:09","modified_gmt":"2025-12-19T14:39:09","slug":"el-teatro-canovas-estrena-el-musical-pedro-y-el-lobo-con-el-baritono-malagueno-carlos-alvarez-como-narrador-noticias","status":"publish","type":"post","link":"https:\/\/www.europesays.com\/es\/296226\/","title":{"rendered":"El Teatro C\u00e1novas estrena el musical \u2018Pedro y el Lobo\u2019, con el bar\u00edtono malague\u00f1o Carlos \u00c1lvarez como narrador &#8211; Noticias"},"content":{"rendered":"<p class=\"western\">El Teatro C\u00e1novas, espacio dependiente de la Consejer\u00eda de Cultura y Deporte y gestionado a trav\u00e9s de la Agencia Andaluza de Instituciones Culturales, acoge como programaci\u00f3n especial de Navidad el estreno del musical Pedro y el Lobo, que podr\u00e1 verse<strong> los pr\u00f3ximos 22 y 23 de diciembre, en la sala A, a partir de las 19:00 horas<\/strong>.<\/p>\n<p class=\"western\">El estreno del musical &#8216;Pedro y el Lobo&#8217;, contar\u00e1 con la presencia del bar\u00edtono malague\u00f1o Carlos \u00c1lvarez en la narraci\u00f3n y con Santiago J. Otero Vela en la direcci\u00f3n. Se trata de una producci\u00f3n del Teatro C\u00e1novas junto a la Asociaci\u00f3n Amiga de la \u00d3pera de M\u00e1laga, en colaboraci\u00f3n con la Fundaci\u00f3n Musical de M\u00e1laga.<\/p>\n<p class=\"western\">El proyecto, planteado como concierto did\u00e1ctico, ofrece una interpretaci\u00f3n pedag\u00f3gica y accesible de dos grandes obras del repertorio sinf\u00f3nico: \u2018Jeux d\u2019 Enfants\u2019 de Georges Bizet y \u2018Pedro y el lobo\u2019, de Sergu\u00e9i Prok\u00f3fiev. A trav\u00e9s de una narraci\u00f3n envolvente y ejemplos musicales interpretados en directo, el espect\u00e1culo introduce al p\u00fablico en el contexto hist\u00f3rico, narrativo y expresivo de cada composici\u00f3n. <\/p>\n<p class=\"western\">\u2018Jeux d\u2019 Enfants\u2019, en honor al 150 aniversario del fallecimiento de su compositor, Georges Bizet, es una delicada evocaci\u00f3n musical del mundo infantil. A trav\u00e9s de breves piezas de car\u00e1cter contrastado, Bizet recrea juegos, juguetes y escenas de la ni\u00f1ez con una escritura de gran refinamiento, ingenio r\u00edtmico y notable claridad formal. Lejos de ser m\u00fasica ingenua, la obra combina frescura mel\u00f3dica con una sutil iron\u00eda y un dominio orquestal <\/p>\n<p class=\"western\">El programa est\u00e1 especialmente dirigido a j\u00f3venes estudiantes, familias y amantes de la m\u00fasica en general, y combina entretenimiento y aprendizaje con el objetivo de profundizar en la apreciaci\u00f3n de la m\u00fasica cl\u00e1sica de una manera amena, participativa y cercana.<\/p>\n<p><strong>Pr\u00f3ximas citas en el Teatro C\u00e1novas<\/strong><\/p>\n<p>En enero, el Teatro C\u00e1novas contin\u00faa con una programaci\u00f3n variada que combina propuestas dirigidas tanto a familias como al p\u00fablico adulto, dentro de su temporada esc\u00e9nica 2025-2026. El mes arranca con \u2018Buen Viento (Circo de sur a sur IV)\u2019, de la compa\u00f1\u00eda Truca Circus \/ La Grainerie, una pieza de circo contempor\u00e1neo para todos los p\u00fablicos que estar\u00e1 en cartel los d\u00edas 10 y 11 de enero. El programa contin\u00faa con destacadas propuestas de danza contempor\u00e1nea, como \u2018Org\u00eda\u2019, de Miquel Barcelona, el fin de semana del 16 y 17. M\u00e1s adelante, el p\u00fablico podr\u00e1 disfrutar de \u2018Halley\u2019, de LED Silhouette, -23 y 24 de enero-, otra creaci\u00f3n que explora el lenguaje del movimiento desde una mirada actual. El cierre del mes lo protagoniza \u2018Un viol\u00edn inmenso\u2019, de Luz Prado, una propuesta musical prevista para el 30 y 31 de enero. <\/p>\n<p>La programaci\u00f3n de enero refuerza la vocaci\u00f3n del C\u00e1novas por ofrecer experiencias esc\u00e9nicas accesibles, combinando espect\u00e1culos familiares y de artes del movimiento con proyectos contempor\u00e1neos de danza y m\u00fasica en vivo. Esta diversidad responde al compromiso del teatro con p\u00fablicos de diferentes edades y gustos, consolid\u00e1ndose como un espacio cultural din\u00e1mico en el panorama esc\u00e9nico malague\u00f1o.<\/p>\n","protected":false},"excerpt":{"rendered":"El Teatro C\u00e1novas, espacio dependiente de la Consejer\u00eda de Cultura y Deporte y gestionado a trav\u00e9s de la&hellip;\n","protected":false},"author":2,"featured_media":296227,"comment_status":"","ping_status":"","sticky":false,"template":"","format":"standard","meta":{"footnotes":""},"categories":[91],"tags":[8257,146,147,25,24,23],"class_list":{"0":"post-296226","1":"post","2":"type-post","3":"status-publish","4":"format-standard","5":"has-post-thumbnail","7":"category-entretenimiento","8":"tag-artes-escenicas-y-musica","9":"tag-entertainment","10":"tag-entretenimiento","11":"tag-es","12":"tag-espana","13":"tag-spain"},"share_on_mastodon":{"url":"https:\/\/pubeurope.com\/@es\/115746751549780698","error":""},"_links":{"self":[{"href":"https:\/\/www.europesays.com\/es\/wp-json\/wp\/v2\/posts\/296226","targetHints":{"allow":["GET"]}}],"collection":[{"href":"https:\/\/www.europesays.com\/es\/wp-json\/wp\/v2\/posts"}],"about":[{"href":"https:\/\/www.europesays.com\/es\/wp-json\/wp\/v2\/types\/post"}],"author":[{"embeddable":true,"href":"https:\/\/www.europesays.com\/es\/wp-json\/wp\/v2\/users\/2"}],"replies":[{"embeddable":true,"href":"https:\/\/www.europesays.com\/es\/wp-json\/wp\/v2\/comments?post=296226"}],"version-history":[{"count":0,"href":"https:\/\/www.europesays.com\/es\/wp-json\/wp\/v2\/posts\/296226\/revisions"}],"wp:featuredmedia":[{"embeddable":true,"href":"https:\/\/www.europesays.com\/es\/wp-json\/wp\/v2\/media\/296227"}],"wp:attachment":[{"href":"https:\/\/www.europesays.com\/es\/wp-json\/wp\/v2\/media?parent=296226"}],"wp:term":[{"taxonomy":"category","embeddable":true,"href":"https:\/\/www.europesays.com\/es\/wp-json\/wp\/v2\/categories?post=296226"},{"taxonomy":"post_tag","embeddable":true,"href":"https:\/\/www.europesays.com\/es\/wp-json\/wp\/v2\/tags?post=296226"}],"curies":[{"name":"wp","href":"https:\/\/api.w.org\/{rel}","templated":true}]}}