{"id":296230,"date":"2025-12-19T14:41:30","date_gmt":"2025-12-19T14:41:30","guid":{"rendered":"https:\/\/www.europesays.com\/es\/296230\/"},"modified":"2025-12-19T14:41:30","modified_gmt":"2025-12-19T14:41:30","slug":"el-consejo-de-administracion-de-caixabank-acuerda-cambios-en-el-comite-de-direccion-2","status":"publish","type":"post","link":"https:\/\/www.europesays.com\/es\/296230\/","title":{"rendered":"El Consejo de Administraci\u00f3n de CaixaBank acuerda cambios en el Comit\u00e9 de Direcci\u00f3n"},"content":{"rendered":"<p>\ud83d\udca1 Selecciona tu IA preferida para generar en segundos un an\u00e1lisis completo del contenido y una propuesta de post optimizado para redes sociales:<\/p>\n<p data-start=\"179\" data-end=\"381\"><a id=\"openModalButton\" class=\"btn\"> Lee un resumen r\u00e1pido generado por IA<\/a> <\/p>\n<p>  \u00d7 <\/p>\n<p><b>Resumen de la noticia:<\/b><\/p>\n<p> El Consejo de Administraci\u00f3n de CaixaBank ha acordado, en su sesi\u00f3n de hoy, una nueva composici\u00f3n del Comit\u00e9 de Direcci\u00f3n, presidido por Gonzalo Gort\u00e1zar, primer ejecutivo de la entidad. <\/p>\n<p>El Consejo de Administraci\u00f3n ha nombrado a Jordi Mond\u00e9jar, actual director de Riesgos, nuevo director de Negocio en sustituci\u00f3n de Jaume Masana. <\/p>\n<p>El \u00e1rea de Sostenibilidad, que pasar\u00e1 a depender de la direcci\u00f3n de Negocio, integrar\u00e1 tambi\u00e9n Acci\u00f3n Social. <\/p>\n<p data-start=\"179\" data-end=\"381\">El <strong data-start=\"182\" data-end=\"211\">Consejo de Administraci\u00f3n<\/strong> de <strong data-start=\"215\" data-end=\"228\">CaixaBank<\/strong> ha acordado, en su sesi\u00f3n de hoy, una nueva composici\u00f3n del <strong data-start=\"289\" data-end=\"312\">Comit\u00e9 de Direcci\u00f3n<\/strong>, presidido por <strong data-start=\"328\" data-end=\"348\">Gonzalo Gort\u00e1zar<\/strong>, primer ejecutivo de la entidad.<\/p>\n<p data-start=\"383\" data-end=\"539\">El <strong data-start=\"386\" data-end=\"415\">Consejo de Administraci\u00f3n<\/strong> ha nombrado a <strong data-start=\"430\" data-end=\"448\">Jordi Mond\u00e9jar<\/strong>, actual director de Riesgos, nuevo director de Negocio en sustituci\u00f3n de <strong data-start=\"522\" data-end=\"538\">Jaume Masana<\/strong>.<\/p>\n<p data-start=\"541\" data-end=\"658\">El \u00e1rea de <strong data-start=\"552\" data-end=\"570\">Sostenibilidad<\/strong>, que pasar\u00e1 a depender de la direcci\u00f3n de Negocio, integrar\u00e1 tambi\u00e9n <strong data-start=\"640\" data-end=\"657\">Acci\u00f3n <a href=\"http:\/\/www.corresponsables.com\/categoria\/social\/\" rel=\"nofollow noopener\" target=\"_blank\">Social<\/a><\/strong>.<\/p>\n<p data-start=\"660\" data-end=\"1033\">La actual direcci\u00f3n de <strong data-start=\"683\" data-end=\"694\">Riesgos<\/strong> se dividir\u00e1 en dos \u00e1reas: una direcci\u00f3n de <strong data-start=\"738\" data-end=\"786\">Admisi\u00f3n y Seguimiento del Riesgo de Cr\u00e9dito<\/strong>, que estar\u00e1 liderada por <strong data-start=\"812\" data-end=\"830\">Manuel Galarza<\/strong>, hasta ahora director de <strong data-start=\"856\" data-end=\"898\">Cumplimiento, Control y Public Affairs<\/strong>; y la direcci\u00f3n de <strong data-start=\"918\" data-end=\"955\">Gesti\u00f3n de Riesgos y Cumplimiento<\/strong>, a cargo de <strong data-start=\"968\" data-end=\"989\">Natividad Capella<\/strong>, que se incorporar\u00e1 al comit\u00e9 de direcci\u00f3n.<\/p>\n<p data-start=\"1035\" data-end=\"1430\">Por otro lado, <strong data-start=\"1050\" data-end=\"1066\">Jaume Masana<\/strong> asumir\u00e1 el cargo de director general de <strong data-start=\"1107\" data-end=\"1129\">SegurCaixa Adeslas<\/strong> en sustituci\u00f3n de <strong data-start=\"1148\" data-end=\"1166\">Javier Murillo<\/strong>. Para facilitar una transici\u00f3n estructurada, <strong data-start=\"1212\" data-end=\"1230\">Javier Murillo<\/strong> permanecer\u00e1 como director general de <strong data-start=\"1268\" data-end=\"1290\">SegurCaixa Adeslas<\/strong>, apoyado por <strong data-start=\"1304\" data-end=\"1320\">Jaume Masana<\/strong> como director general adjunto, hasta su relevo, que se prev\u00e9 que tenga lugar en el segundo trimestre de 2026.<\/p>\n<p data-start=\"1432\" data-end=\"1738\"><strong data-start=\"1432\" data-end=\"1450\">Mariona Vicens<\/strong> mantiene la direcci\u00f3n de <strong data-start=\"1476\" data-end=\"1523\">Transformaci\u00f3n Digital y Advanced Analytics<\/strong>, que adem\u00e1s agrupar\u00e1 las \u00e1reas de <strong data-start=\"1558\" data-end=\"1581\">Payments &amp; Consumer<\/strong> e <strong data-start=\"1584\" data-end=\"1594\">imagin<\/strong>. <strong data-start=\"1596\" data-end=\"1613\">Jordi Nicolau<\/strong> y <strong data-start=\"1616\" data-end=\"1631\">Anna Canela<\/strong> continuar\u00e1n como consejeros delegados de, respectivamente, <strong data-start=\"1691\" data-end=\"1724\">CaixaBank Payments &amp; Consumer<\/strong> e <strong data-start=\"1727\" data-end=\"1737\">imagin<\/strong>.<\/p>\n<p data-start=\"1740\" data-end=\"1893\">La direcci\u00f3n de <strong data-start=\"1756\" data-end=\"1802\">Contabilidad, Control de Gesti\u00f3n y Capital<\/strong>, cuyo responsable es <strong data-start=\"1824\" data-end=\"1843\">Matthias Bulach<\/strong>, integrar\u00e1 tambi\u00e9n el \u00e1rea de <strong data-start=\"1874\" data-end=\"1892\">Public Affairs<\/strong>.<\/p>\n<p data-start=\"1895\" data-end=\"2030\">Los anteriores cambios en el <strong data-start=\"1924\" data-end=\"1947\">Comit\u00e9 de Direcci\u00f3n<\/strong> est\u00e1n sujetos a verificaci\u00f3n de idoneidad por parte del <strong data-start=\"2004\" data-end=\"2029\">Banco Central Europeo<\/strong>.<\/p>\n<p> <strong data-start=\"2036\" data-end=\"2116\">Refuerzo de la estrategia de transformaci\u00f3n digital en un entorno disruptivo<\/strong> <\/p>\n<p data-start=\"2118\" data-end=\"2301\">Estos cambios permiten evolucionar hacia un <strong data-start=\"2162\" data-end=\"2184\">ecosistema digital<\/strong>, promoviendo la <strong data-start=\"2201\" data-end=\"2215\">innovaci\u00f3n<\/strong> y la <strong data-start=\"2221\" data-end=\"2247\">disrupci\u00f3n tecnol\u00f3gica<\/strong> como motor de transformaci\u00f3n en el sector financiero.<\/p>\n<p data-start=\"2303\" data-end=\"2481\">El nuevo <strong data-start=\"2312\" data-end=\"2335\">Comit\u00e9 de Direcci\u00f3n<\/strong> de <strong data-start=\"2339\" data-end=\"2352\">CaixaBank<\/strong> seguir\u00e1 presidido por <strong data-start=\"2375\" data-end=\"2395\">Gonzalo Gort\u00e1zar<\/strong>, consejero delegado de la entidad, y quedar\u00e1 compuesto por los siguientes directivos:<\/p>\n<ul data-start=\"2483\" data-end=\"3296\">\n<li data-start=\"2483\" data-end=\"2547\">\n<p data-start=\"2485\" data-end=\"2547\"><strong data-start=\"2485\" data-end=\"2502\">I\u00f1aki Badiola<\/strong>, director de <strong data-start=\"2516\" data-end=\"2547\">CIB &amp; International Banking<\/strong><\/p>\n<\/li>\n<li data-start=\"2548\" data-end=\"2594\">\n<p data-start=\"2550\" data-end=\"2594\"><strong data-start=\"2550\" data-end=\"2570\">Luis Javier Blas<\/strong>, director de <strong data-start=\"2584\" data-end=\"2594\">Medios<\/strong><\/p>\n<\/li>\n<li data-start=\"2595\" data-end=\"2676\">\n<p data-start=\"2597\" data-end=\"2676\"><strong data-start=\"2597\" data-end=\"2616\">Matthias Bulach<\/strong>, director de <strong data-start=\"2630\" data-end=\"2676\">Contabilidad, Control de Gesti\u00f3n y Capital<\/strong><\/p>\n<\/li>\n<li data-start=\"2677\" data-end=\"2752\">\n<p data-start=\"2679\" data-end=\"2752\"><strong data-start=\"2679\" data-end=\"2700\">Natividad Capella<\/strong>, directora de <strong data-start=\"2715\" data-end=\"2752\">Gesti\u00f3n de Riesgos y Cumplimiento<\/strong><\/p>\n<\/li>\n<li data-start=\"2753\" data-end=\"2835\">\n<p data-start=\"2755\" data-end=\"2835\"><strong data-start=\"2755\" data-end=\"2773\">Manuel Galarza<\/strong>, director de <strong data-start=\"2787\" data-end=\"2835\">Admisi\u00f3n y Seguimiento del Riesgo de Cr\u00e9dito<\/strong><\/p>\n<\/li>\n<li data-start=\"2836\" data-end=\"2879\">\n<p data-start=\"2838\" data-end=\"2879\"><strong data-start=\"2838\" data-end=\"2853\">David L\u00f3pez<\/strong>, director de <strong data-start=\"2867\" data-end=\"2879\">Personas<\/strong><\/p>\n<\/li>\n<li data-start=\"2880\" data-end=\"2963\">\n<p data-start=\"2882\" data-end=\"2963\"><strong data-start=\"2882\" data-end=\"2903\">M\u00aa Luisa Mart\u00ednez<\/strong>, directora de <strong data-start=\"2918\" data-end=\"2963\">Comunicaci\u00f3n y Relaciones Institucionales<\/strong><\/p>\n<\/li>\n<li data-start=\"2964\" data-end=\"3009\">\n<p data-start=\"2966\" data-end=\"3009\"><strong data-start=\"2966\" data-end=\"2984\">Jordi Mond\u00e9jar<\/strong>, director de <strong data-start=\"2998\" data-end=\"3009\">Negocio<\/strong><\/p>\n<\/li>\n<li data-start=\"3010\" data-end=\"3052\">\n<p data-start=\"3012\" data-end=\"3052\"><strong data-start=\"3012\" data-end=\"3027\">Javier Pano<\/strong>, director <strong data-start=\"3038\" data-end=\"3052\">Financiero<\/strong><\/p>\n<\/li>\n<li data-start=\"3053\" data-end=\"3110\">\n<p data-start=\"3055\" data-end=\"3110\"><strong data-start=\"3055\" data-end=\"3074\">Marisa Retamosa<\/strong>, directora de <strong data-start=\"3089\" data-end=\"3110\">Auditor\u00eda Interna<\/strong><\/p>\n<\/li>\n<li data-start=\"3111\" data-end=\"3154\">\n<p data-start=\"3113\" data-end=\"3154\"><strong data-start=\"3113\" data-end=\"3129\">Javier Valle<\/strong>, director de <strong data-start=\"3143\" data-end=\"3154\">Seguros<\/strong><\/p>\n<\/li>\n<li data-start=\"3155\" data-end=\"3237\">\n<p data-start=\"3157\" data-end=\"3237\"><strong data-start=\"3157\" data-end=\"3175\">Mariona Vicens<\/strong>, directora de <strong data-start=\"3190\" data-end=\"3237\">Transformaci\u00f3n Digital y Advanced Analytics<\/strong><\/p>\n<\/li>\n<li data-start=\"3238\" data-end=\"3296\">\n<p data-start=\"3240\" data-end=\"3296\"><strong data-start=\"3240\" data-end=\"3258\">\u00d3scar Calder\u00f3n<\/strong>, secretario general y del <strong data-start=\"3285\" data-end=\"3296\">Consejo<\/strong><\/p>\n<\/li>\n<\/ul>\n<p><b>Consulta m\u00e1s informaci\u00f3n responsable en las <a href=\"http:\/\/www.corresponsables.com\/categoria\/publicaciones\/\" rel=\"nofollow noopener\" target=\"_blank\">publicaciones<\/a> <a href=\"http:\/\/www.corresponsables.com\/categoria\/corresponsables\/\" rel=\"nofollow noopener\" target=\"_blank\">Corresponsables<\/a> y en el espacio de <a href=\"http:\/\/www.corresponsables.com\/categoria\/caixabank\/\" rel=\"nofollow noopener\" target=\"_blank\">CaixaBank<\/a> en <a href=\"https:\/\/www.corresponsables.com\/categoria\/organizaciones\/caixabank\/\" target=\"_blank\" rel=\"noopener nofollow\">Organizaciones Corresponsables 2025<\/a>.<\/b><\/p>\n<p> \ud83d\udca1 Selecciona tu IA preferida para generar en segundos un an\u00e1lisis completo del contenido y una propuesta de post optimizado para redes sociales:<\/p>\n<p>Puedes darte de baja en cualquier momento.<\/p>\n","protected":false},"excerpt":{"rendered":"\ud83d\udca1 Selecciona tu IA preferida para generar en segundos un an\u00e1lisis completo del contenido y una propuesta de&hellip;\n","protected":false},"author":2,"featured_media":296231,"comment_status":"","ping_status":"","sticky":false,"template":"","format":"standard","meta":{"footnotes":""},"categories":[80],"tags":[82,95,94,25,24,23],"class_list":{"0":"post-296230","1":"post","2":"type-post","3":"status-publish","4":"format-standard","5":"has-post-thumbnail","7":"category-economia","8":"tag-business","9":"tag-economia","10":"tag-economy","11":"tag-es","12":"tag-espana","13":"tag-spain"},"share_on_mastodon":{"url":"https:\/\/pubeurope.com\/@es\/115746759332919685","error":""},"_links":{"self":[{"href":"https:\/\/www.europesays.com\/es\/wp-json\/wp\/v2\/posts\/296230","targetHints":{"allow":["GET"]}}],"collection":[{"href":"https:\/\/www.europesays.com\/es\/wp-json\/wp\/v2\/posts"}],"about":[{"href":"https:\/\/www.europesays.com\/es\/wp-json\/wp\/v2\/types\/post"}],"author":[{"embeddable":true,"href":"https:\/\/www.europesays.com\/es\/wp-json\/wp\/v2\/users\/2"}],"replies":[{"embeddable":true,"href":"https:\/\/www.europesays.com\/es\/wp-json\/wp\/v2\/comments?post=296230"}],"version-history":[{"count":0,"href":"https:\/\/www.europesays.com\/es\/wp-json\/wp\/v2\/posts\/296230\/revisions"}],"wp:featuredmedia":[{"embeddable":true,"href":"https:\/\/www.europesays.com\/es\/wp-json\/wp\/v2\/media\/296231"}],"wp:attachment":[{"href":"https:\/\/www.europesays.com\/es\/wp-json\/wp\/v2\/media?parent=296230"}],"wp:term":[{"taxonomy":"category","embeddable":true,"href":"https:\/\/www.europesays.com\/es\/wp-json\/wp\/v2\/categories?post=296230"},{"taxonomy":"post_tag","embeddable":true,"href":"https:\/\/www.europesays.com\/es\/wp-json\/wp\/v2\/tags?post=296230"}],"curies":[{"name":"wp","href":"https:\/\/api.w.org\/{rel}","templated":true}]}}