{"id":296312,"date":"2025-12-19T15:47:09","date_gmt":"2025-12-19T15:47:09","guid":{"rendered":"https:\/\/www.europesays.com\/es\/296312\/"},"modified":"2025-12-19T15:47:09","modified_gmt":"2025-12-19T15:47:09","slug":"la-princesa-leonor-realiza-su-primer-vuelo-en-solitario","status":"publish","type":"post","link":"https:\/\/www.europesays.com\/es\/296312\/","title":{"rendered":"La Princesa Leonor realiza su primer vuelo en solitario"},"content":{"rendered":"<p class=\"paragraph\">La <b>Princesa de Asturias<\/b> ha realizado su primer vuelo solitario como parte de su formaci\u00f3n militar, la <b>\u00absuelta\u00bb,<\/b> como se conoce entre los aviadores. As\u00ed lo ha anunciado este viernes la Casa del Rey, que ha facilitado fotos y v\u00eddeos de la Heredera de la Corona.<\/p>\n<p class=\"paragraph\">La<b> \u00absuelta\u00bb <\/b>de la Princesa de Asturias se produjo este jueves 18 de diciembre, tres meses y medio despu\u00e9s de que Do\u00f1a Leonor empezara su formaci\u00f3n militar en la <b>Academia General del Aire y del Espacio<\/b> de San Javier (Murcia) como alf\u00e9rez del Ej\u00e9rcito del Aire y del Espacio.<\/p>\n<p class=\"paragraph\">La imagen del vuelo de la Princesa fue grabada desde la torre de control, ya que las medidas de seguridad durante la \u00absuelta\u00bb de un alumno son muy restrictivas y no permiten que otro avi\u00f3n se aproxime para tomar im\u00e1genes.<\/p>\n<p class=\"c-detail__media__subtitle composite_image\">\n<p>        La Princesa celebra con sus compa\u00f1eros su primer vuelo en solitario y se\u00f1ala con el dedo el parche que lo acreditaCasa del Rey<\/p>\n<p class=\"paragraph\">Desde el 1 de septiembre, que se incorpor\u00f3 a la Academia del Aire, la Heredera de la Corona ha realizado <b>una formaci\u00f3n intensiva<\/b> para adquirir los conocimientos aeron\u00e1uticos y del modelo de avi\u00f3n en el que se instruye y vuela (Pilatus PC-21 (E.27)), adem\u00e1s de atender a otros aspectos que mejoren su conocimiento de la organizaci\u00f3n y estructura del Ej\u00e9rcito del Aire y del Espacio.<\/p>\n<p class=\"c-detail__media__subtitle composite_image\">\n<p>        La Heredera de la Corona, durante su primer vueloCasa del Rey<\/p>\n<p class=\"paragraph\">Para llegar a volar en solitario, la Heredera de la Corona ha completado la <b>formaci\u00f3n te\u00f3rica y las sesiones de simulador y de vuelo real <\/b>en Pilatus establecidas para alcanzar las competencias necesarias que le han permitido realizar \u00abla suelta\u00bb con seguridad.<\/p>\n<p class=\"c-detail__media__subtitle composite_image\">\n<p>        Do\u00f1a Leonor inspecciona el avi\u00f3n antes de realizar su \u00absuelta\u00bbCasa del Rey<\/p>\n<p class=\"c-detail__media__subtitle composite_image\">\n<p>        La Princesa se sube en el Pilatus para realizar su primer vuelo en solitarioCasa del Rey<\/p>\n<p class=\"c-detail__media__subtitle composite_image\">\n<p>        Do\u00f1a Leonor, en el hangar antes de su \u00absuelta\u00bbCasa del Rey<\/p>\n<p>El adiestramiento de la Princesa<\/p>\n<p class=\"paragraph\">Con motivo de su \u00absuelta\u00bb, el Palacio de La Zarzuela ha difundido im\u00e1genes y v\u00eddeos de los \u00faltimos meses sobre la preparaci\u00f3n del vuelo, el briefing previo, la firma en el libro del avi\u00f3n y la revisi\u00f3n pre-vuelo, as\u00ed como otras escenas de los vuelos de ense\u00f1anza y de su formaci\u00f3n en simuladores.<\/p>\n<p class=\"c-detail__media__subtitle composite_image\">\n<p>        La Princesa completa una sesi\u00f3n de simulador para alcanzar las competencias necesarias que le han permitido realizar \u00abla suelta\u00bb con seguridadCasa del Rey<\/p>\n<p class=\"c-detail__media__subtitle composite_image\">\n<p>        Briefing previo a un vuelo de ense\u00f1anza de la PrincesaCasa del Rey<\/p>\n<p class=\"c-detail__media__subtitle composite_image\">\n<p>        Recorrido hacia el avi\u00f3n con la instructora para realizar un vuelo de ense\u00f1anzaCasa del Rey<\/p>\n<p class=\"c-detail__media__subtitle composite_image\">\n<p>        La Heredera de la Corona completa con la instructora los procedimientos para un vuelo de ense\u00f1anzaCasa del Rey<\/p>\n<p>Supervivencia en el mar<\/p>\n<p class=\"paragraph\">Tambi\u00e9n se han distribuido fotograf\u00edas de otras actividades de instrucci\u00f3n y adiestramiento como la de <b>supervivencia en el mar,<\/b> el momento de equiparse con el zah\u00f3n anti-g, una prenda que utilizan los pilotos de aviones de combate para contrarrestar los efectos de las fuerzas de aceleraci\u00f3n y evitar la p\u00e9rdida del conocimiento.<\/p>\n<p class=\"c-detail__media__subtitle composite_image\">\n<p>        Do\u00f1a Leonor, en la actividad de adiestramiento de supervivencia en el marCasa del Rey<\/p>\n<p class=\"c-detail__media__subtitle composite_image\">\n<p>        Do\u00f1a Leonor, en una actividad de instrucci\u00f3n y adiestramiento en la Academia del AireCasa del Rey<\/p>\n<p class=\"c-detail__media__subtitle composite_image\">\n<p>        Momento en el que la Princesa se equipa con el zah\u00f3n anti-g antes de un vuelo de ense\u00f1anza.Casa del Rey<\/p>\n<p class=\"c-detail__media__subtitle composite_image\">\n<p>        Do\u00f1a Leonor firma en el libro del avi\u00f3n antes de realizar un vuelo de ense\u00f1anzaCasa del Rey<\/p>\n<p>Celebraci\u00f3n del d\u00eda de Loreto<\/p>\n<p class=\"paragraph\">Adem\u00e1s, Zarzuela ha hecho p\u00fablicas otras im\u00e1genes del tradicional acto de jura de bandera que se celebra en la Academia General del Aire y del Espacio (AGA) en la festividad de la patrona de los aviadores, <b>la Virgen de Loreto<\/b>, celebrada el pasado 10 de diciembre.<\/p>\n<p class=\"c-detail__media__subtitle composite_image\">\n<p>        Momento de la formaci\u00f3n militar durante la celebraci\u00f3n de la patrona Nuestra Se\u00f1ora de LoretoCasa del Rey<\/p>\n<p class=\"c-detail__media__subtitle composite_image\">\n<p>        Desfile militar en la Academia General Militar durante la celebraci\u00f3n de Nuestra Se\u00f1ora de LoretoCasa del Rey<\/p>\n<p class=\"c-detail__media__subtitle composite_image\">\n<p>        La Princesa de Asturias charla con sus compa\u00f1eras de la Academia General del AireCasa del Rey<\/p>\n<p class=\"c-detail__media__subtitle composite_image\">\n<p>        Foto de grupo de la cena de gala con motivo de la festividad de Nuestra Se\u00f1ora de LoretoCasa del Rey<\/p>\n<p class=\"paragraph\">Do\u00f1a Leonor ha realizado su \u00absuelta\u00bb <b>38 a\u00f1os despu\u00e9s<\/b> de que la hiciera su padre, el Rey, en la Academia General del Aire de San Javier.<\/p>\n","protected":false},"excerpt":{"rendered":"La Princesa de Asturias ha realizado su primer vuelo solitario como parte de su formaci\u00f3n militar, la \u00absuelta\u00bb,&hellip;\n","protected":false},"author":2,"featured_media":296313,"comment_status":"","ping_status":"","sticky":false,"template":"","format":"standard","meta":{"footnotes":""},"categories":[174],"tags":[255,146,147,25,24,256,23],"class_list":{"0":"post-296312","1":"post","2":"type-post","3":"status-publish","4":"format-standard","5":"has-post-thumbnail","7":"category-famosos","8":"tag-celebrities","9":"tag-entertainment","10":"tag-entretenimiento","11":"tag-es","12":"tag-espana","13":"tag-famosos","14":"tag-spain"},"share_on_mastodon":{"url":"https:\/\/pubeurope.com\/@es\/115747018760339331","error":""},"_links":{"self":[{"href":"https:\/\/www.europesays.com\/es\/wp-json\/wp\/v2\/posts\/296312","targetHints":{"allow":["GET"]}}],"collection":[{"href":"https:\/\/www.europesays.com\/es\/wp-json\/wp\/v2\/posts"}],"about":[{"href":"https:\/\/www.europesays.com\/es\/wp-json\/wp\/v2\/types\/post"}],"author":[{"embeddable":true,"href":"https:\/\/www.europesays.com\/es\/wp-json\/wp\/v2\/users\/2"}],"replies":[{"embeddable":true,"href":"https:\/\/www.europesays.com\/es\/wp-json\/wp\/v2\/comments?post=296312"}],"version-history":[{"count":0,"href":"https:\/\/www.europesays.com\/es\/wp-json\/wp\/v2\/posts\/296312\/revisions"}],"wp:featuredmedia":[{"embeddable":true,"href":"https:\/\/www.europesays.com\/es\/wp-json\/wp\/v2\/media\/296313"}],"wp:attachment":[{"href":"https:\/\/www.europesays.com\/es\/wp-json\/wp\/v2\/media?parent=296312"}],"wp:term":[{"taxonomy":"category","embeddable":true,"href":"https:\/\/www.europesays.com\/es\/wp-json\/wp\/v2\/categories?post=296312"},{"taxonomy":"post_tag","embeddable":true,"href":"https:\/\/www.europesays.com\/es\/wp-json\/wp\/v2\/tags?post=296312"}],"curies":[{"name":"wp","href":"https:\/\/api.w.org\/{rel}","templated":true}]}}