{"id":296326,"date":"2025-12-19T15:55:11","date_gmt":"2025-12-19T15:55:11","guid":{"rendered":"https:\/\/www.europesays.com\/es\/296326\/"},"modified":"2025-12-19T15:55:11","modified_gmt":"2025-12-19T15:55:11","slug":"clasicos-populares-por-una-cabeza","status":"publish","type":"post","link":"https:\/\/www.europesays.com\/es\/296326\/","title":{"rendered":"Cl\u00e1sicos populares &#8211; Por una cabeza"},"content":{"rendered":"<p>              <strong>TP<\/strong><\/p>\n<p>Comenzamos con el tango Por una cabeza de Gardel y Le Pera, en una versi\u00f3n que mezcla varios cl\u00e1sicos del R\u00edo de la Plata. Cerramos la playlist de m\u00fasicas para conducir con la Water Music de Haendel y abrimos una nueva propuesta: tus m\u00fasicas de Navidad. En La banda sonora de tu vida Javier, desde Sevilla, nos llev\u00f3 al Concierto para piano n\u00ba 5 \u201cEmperador\u201d de Beethoven. A lo largo del programa escuchamos villancicos como Joy to the World, Jingle Bells y Let it snow. En Ni\u00f1os prodigio repasamos la trayectoria temprana de Clara Wieck con el primer movimiento de su Concierto para piano. En Musik-Tinder enfrentamos a la propia Clara Schumann y Fanny Mendelssohn. La batalla de versiones coron\u00f3 el Rondo alla turca de Mozart en arreglo para viol\u00edn y orquesta de c\u00e1mara. Y cerramos con la dedicatoria de Mar\u00eda Jos\u00e9 para Jos\u00e9 Antonio: la Serenata para cuerdas de Tchaikovsky.<\/p>\n","protected":false},"excerpt":{"rendered":"TP Comenzamos con el tango Por una cabeza de Gardel y Le Pera, en una versi\u00f3n que mezcla&hellip;\n","protected":false},"author":2,"featured_media":296327,"comment_status":"","ping_status":"","sticky":false,"template":"","format":"standard","meta":{"footnotes":""},"categories":[91],"tags":[70638,146,147,25,24,133,70639,1448,1986,1987,23],"class_list":{"0":"post-296326","1":"post","2":"type-post","3":"status-publish","4":"format-standard","5":"has-post-thumbnail","7":"category-entretenimiento","8":"tag-clasicos-populares","9":"tag-entertainment","10":"tag-entretenimiento","11":"tag-es","12":"tag-espana","13":"tag-online","14":"tag-por-una-cabeza","15":"tag-radio","16":"tag-rne","17":"tag-rtve-play","18":"tag-spain"},"share_on_mastodon":{"url":"https:\/\/pubeurope.com\/@es\/115747050546271575","error":""},"_links":{"self":[{"href":"https:\/\/www.europesays.com\/es\/wp-json\/wp\/v2\/posts\/296326","targetHints":{"allow":["GET"]}}],"collection":[{"href":"https:\/\/www.europesays.com\/es\/wp-json\/wp\/v2\/posts"}],"about":[{"href":"https:\/\/www.europesays.com\/es\/wp-json\/wp\/v2\/types\/post"}],"author":[{"embeddable":true,"href":"https:\/\/www.europesays.com\/es\/wp-json\/wp\/v2\/users\/2"}],"replies":[{"embeddable":true,"href":"https:\/\/www.europesays.com\/es\/wp-json\/wp\/v2\/comments?post=296326"}],"version-history":[{"count":0,"href":"https:\/\/www.europesays.com\/es\/wp-json\/wp\/v2\/posts\/296326\/revisions"}],"wp:featuredmedia":[{"embeddable":true,"href":"https:\/\/www.europesays.com\/es\/wp-json\/wp\/v2\/media\/296327"}],"wp:attachment":[{"href":"https:\/\/www.europesays.com\/es\/wp-json\/wp\/v2\/media?parent=296326"}],"wp:term":[{"taxonomy":"category","embeddable":true,"href":"https:\/\/www.europesays.com\/es\/wp-json\/wp\/v2\/categories?post=296326"},{"taxonomy":"post_tag","embeddable":true,"href":"https:\/\/www.europesays.com\/es\/wp-json\/wp\/v2\/tags?post=296326"}],"curies":[{"name":"wp","href":"https:\/\/api.w.org\/{rel}","templated":true}]}}