{"id":296365,"date":"2025-12-19T16:23:17","date_gmt":"2025-12-19T16:23:17","guid":{"rendered":"https:\/\/www.europesays.com\/es\/296365\/"},"modified":"2025-12-19T16:23:17","modified_gmt":"2025-12-19T16:23:17","slug":"rufian-a-monica-oltra-vuelve-por-favor","status":"publish","type":"post","link":"https:\/\/www.europesays.com\/es\/296365\/","title":{"rendered":"Rufi\u00e1n, a M\u00f3nica Oltra: \u00abVuelve, por favor\u00bb"},"content":{"rendered":"<p>                <img decoding=\"async\" class=\"lazy\" loading=\"lazy\" data-src=\"https:\/\/static.eldiario.es\/clip\/db52f1d0-dfdd-4f14-8447-5b51dfa68605_16-9-aspect-ratio_default_1132746.jpg\" src=\"data:image\/svg+xml,%3Csvg xmlns=\" http:=\"\" viewbox=\"0 0 16 9\" alt=\"Gabriel Rufi\u00e1n a su llegada este lunes a la comparecencia en el Congreso de la comisi\u00f3n de investigaci\u00f3n de la crisis derivada de la dana.\"\/><\/p>\n<p class=\"article-text\">\n        El portavoz de ERC en el Congreso, Gabriel Rufi\u00e1n, ha pedido a trav\u00e9s de su cuenta de X a M\u00f3nica Oltra que vuelva tras conocerse que <a href=\"https:\/\/www.eldiario.es\/comunitat-valenciana\/jueza-insiste-archivar-causa-monica-oltra_1_12858676.html\" target=\"_blank\" data-mrf-recirculation=\"links-noticia\" class=\"link\" rel=\"nofollow noopener\">la jueza vuelve a archivar la causa contra ella<\/a>\u00a0y niega que haya indicios contra la exvicepresidenta del Gobierno valenciano. \u201cVuelve, por favor\u201d, ha escrito.\n    <\/p>\n<blockquote class=\"twitter-tweet\" data-lang=\"es\"><p><a href=\"https:\/\/twitter.com\/X\/status\/2001992732588569004?ref_src=twsrc%5Etfw\" rel=\"nofollow noopener\" target=\"_blank\"><\/p><\/blockquote>\n<p class=\"article-text\">\n        La\u00a0Audiencia Provincial de Val\u00e8ncia\u00a0orden\u00f3 reabrir la causa,\u00a0pese a que este no hall\u00f3 indicios delictivos\u00a0respecto a\u00a0que Oltra hubiera ordenado a los funcionarios de la Conselleria de Bienestar Social e Igualdad, que ella dirig\u00eda, el ocultamiento de los abusos sexuales a una menor por parte de su exmarido, en 2017, hechos por los que fue condenado.\u00a0Ahora, la jueza instructora ha desestimado los recursos de las acusaciones contra el auto que deneg\u00f3 la apertura de juicio oral. La decisi\u00f3n coincide con la\u00a0postura de la Fiscal\u00eda.\n    <\/p>\n<p>                                    <script async src=\"https:\/\/platform.twitter.com\/widgets.js\" charset=\"utf-8\"><\/script><\/p>\n","protected":false},"excerpt":{"rendered":"El portavoz de ERC en el Congreso, Gabriel Rufi\u00e1n, ha pedido a trav\u00e9s de su cuenta de X&hellip;\n","protected":false},"author":2,"featured_media":296366,"comment_status":"","ping_status":"","sticky":false,"template":"","format":"standard","meta":{"footnotes":""},"categories":[8],"tags":[517,17,18,2125,25,24,13,14,11,1458,19,20,9,10,15,16,952,23,12,1885,21,22],"class_list":{"0":"post-296365","1":"post","2":"type-post","3":"status-publish","4":"format-standard","5":"has-post-thumbnail","7":"category-espana","8":"tag-actualidad","9":"tag-breaking-news","10":"tag-breakingnews","11":"tag-directo","12":"tag-es","13":"tag-espana","14":"tag-featured-news","15":"tag-featurednews","16":"tag-headlines","17":"tag-hora","18":"tag-latest-news","19":"tag-latestnews","20":"tag-news","21":"tag-noticias","22":"tag-noticias-destacadas","23":"tag-noticiasdestacadas","24":"tag-politica","25":"tag-spain","26":"tag-titulares","27":"tag-ultima","28":"tag-ultimas-noticias","29":"tag-ultimasnoticias"},"share_on_mastodon":{"url":"https:\/\/pubeurope.com\/@es\/115747160567709477","error":""},"_links":{"self":[{"href":"https:\/\/www.europesays.com\/es\/wp-json\/wp\/v2\/posts\/296365","targetHints":{"allow":["GET"]}}],"collection":[{"href":"https:\/\/www.europesays.com\/es\/wp-json\/wp\/v2\/posts"}],"about":[{"href":"https:\/\/www.europesays.com\/es\/wp-json\/wp\/v2\/types\/post"}],"author":[{"embeddable":true,"href":"https:\/\/www.europesays.com\/es\/wp-json\/wp\/v2\/users\/2"}],"replies":[{"embeddable":true,"href":"https:\/\/www.europesays.com\/es\/wp-json\/wp\/v2\/comments?post=296365"}],"version-history":[{"count":0,"href":"https:\/\/www.europesays.com\/es\/wp-json\/wp\/v2\/posts\/296365\/revisions"}],"wp:featuredmedia":[{"embeddable":true,"href":"https:\/\/www.europesays.com\/es\/wp-json\/wp\/v2\/media\/296366"}],"wp:attachment":[{"href":"https:\/\/www.europesays.com\/es\/wp-json\/wp\/v2\/media?parent=296365"}],"wp:term":[{"taxonomy":"category","embeddable":true,"href":"https:\/\/www.europesays.com\/es\/wp-json\/wp\/v2\/categories?post=296365"},{"taxonomy":"post_tag","embeddable":true,"href":"https:\/\/www.europesays.com\/es\/wp-json\/wp\/v2\/tags?post=296365"}],"curies":[{"name":"wp","href":"https:\/\/api.w.org\/{rel}","templated":true}]}}