{"id":296525,"date":"2025-12-19T18:23:12","date_gmt":"2025-12-19T18:23:12","guid":{"rendered":"https:\/\/www.europesays.com\/es\/296525\/"},"modified":"2025-12-19T18:23:12","modified_gmt":"2025-12-19T18:23:12","slug":"la-audiencia-provincial-confirma-la-imputacion-de-begona-gomez-y-su-asesora-por-malversacion","status":"publish","type":"post","link":"https:\/\/www.europesays.com\/es\/296525\/","title":{"rendered":"La Audiencia Provincial confirma la imputaci\u00f3n de Bego\u00f1a G\u00f3mez y su asesora por malversaci\u00f3n"},"content":{"rendered":"<p style=\"\">La Audiencia de Madrid respalda la decisi\u00f3n del juez Juan Carlos Peinado de <strong>investigar por malversaci\u00f3n<\/strong> a la mujer del presidente del Gobierno, <a href=\"https:\/\/www.abc.es\/noticias\/begona-gomez-fernandez\/\" target=\"_self\" data-voc-vtm-id=\"in-text-traffic\" title=\"Bego\u00f1a G\u00f3mez\" data-mrf-link=\"www.abc.es\" rel=\"nofollow noopener\">Bego\u00f1a G\u00f3mez<\/a>, y a su asesora en Moncloa, Cristina \u00c1lvarez, por dedicarse esta \u00faltima a apoyar a G\u00f3mez en labores  &#8230; que se correspond\u00edan con su \u00e1mbito profesional o privado.<\/p>\n<p class=\"voc-p\" style=\"\">En un auto del pasado 5 de diciembre que trascendi\u00f3 este jueves, la Secci\u00f3n 23 de la Audiencia Provincial confirma que \u00ablas conductas que trata el juez de instrucci\u00f3n en el auto recurrido parecen encajar en la conducta delictiva de la malversaci\u00f3n\u00bb, por lo que descartan los recursos de apelaci\u00f3n de las dos investigadas y de <strong>la Fiscal\u00eda, que tambi\u00e9n pidi\u00f3 el archivo de la causa.<\/strong>\u00a0<\/p>\n<p class=\"voc-p\" style=\"\">Los magistrados Mar\u00eda del Rosario Esteban, Jos\u00e9 Sierra y Enrique Jes\u00fas Berges aclaran en la resoluci\u00f3n consultada por ABC que no es el momento de delimitar el delito en el que encajar\u00edan los comportamientos de las investigadas, sino que es algo que el magistrado Peinado tendr\u00e1 que hacer cuando acabe la instrucci\u00f3n. <\/p>\n<p class=\"voc-p\" style=\"\">De lo que s\u00ed es momento es de especificar si hay indicios delictivos y cu\u00e1les son. En este sentido, la Sala afirma que \u00abnada se objeta respecto al nombramiento de una asistente para la esposa del presidente del Gobierno\u00bb, quien fue designada directora de Programas de la Secretar\u00eda General de Presidencia poco despu\u00e9s de llegar Pedro S\u00e1nchez a la Moncloa, en junio de 2018, sino que \u00ab\u00fanicamente se ha puesto de manifiesto la posible extralimitaci\u00f3n en sus funciones, tendente a favorecer el presunto plan delictivo de la principal investigada, Bego\u00f1a G\u00f3mez. Resulta dudoso y puede ser el primer indicio que sustente el delito de malversaci\u00f3n, que el nombramiento de la asistente de la esposa del presidente del Gobierno haya recaido en una amiga \u00edntima de Bego\u00f1a G\u00f3mez, pues ser\u00eda la primera vez, en este tipo de nombramientos, que no se hace recaer en un funcionario experto en protocolo, para el mejor ejercicio de la funci\u00f3n, sino que se hace recaer en una persona de su m\u00e1xima confianza, no para que dirigiese sus pasos por un complicado mundo de formalidades, de ceremonias y actos oficiales, sino para asegurarse el fiel cumplimiento del fin supuestamente propuesto, atendiendo a sus intereses particulares, con el consiguiente perjudicio para el patrimonio p\u00fablico, lo que supondr\u00eda un acto dispositivo que se podr\u00eda incardinar en el tipo penal de malversaci\u00f3n, art\u00edculo 432 y 433 del C\u00f3digo Penal\u00bb, se lee en el auto de 13 p\u00e1ginas\ufeff.<\/p>\n<p class=\"voc-p\" style=\"\">En la resoluci\u00f3n se explica que el delito de malversaci\u00f3n admite dos modalidades por el modo en el que se cometa: uno por acci\u00f3n y otro por omisi\u00f3n. El segundo tipo es al que expertos en derecho penal se refirieron, desde que se conoci\u00f3 la labor de Cristina \u00c1lvarez en Moncloa, como el que podr\u00eda sustentar la investigaci\u00f3n por malversaci\u00f3n que Peinado decidi\u00f3 abrir y que la Audiencia ve justificada. Este segundo delito, como recuerdan los magistrados, recoge la \u00abconducta dolosa de omisi\u00f3n impropia, por cuanto por espec\u00edfica obligaci\u00f3n legal, el funcionario est\u00e1 obligado a evitar el resultado lesivo contra el patrimonio p\u00fablico, pues el ordenamiento jur\u00eddico no solo espera del funcionario el cumplimiento de sus deberes espec\u00edficos, sino que lo coloca en posici\u00f3n de garante, por lo que debe evitar el resultado\u00bb.<\/p>\n<p class=\"voc-p\" style=\"\">Contestando al recurso de la defensa de \u00c1lvarez, la Sala concluye que \u00abtampoco es objeto de esta investigaci\u00f3n el cumplimiento que desempe\u00f1a en su trabajo la recurrente, sino todo lo contrario, la labor investigadora se dirige a determinar la desviaci\u00f3n de sus funciones en el inter\u00e9s particular de ambas investigadas, entendi\u00e9ndolo no en el desarrollo de una actividad privada, sino en aquella que sirve para montar un entramado de beneficios personales\u00bb.<\/p>\n<p>\n\u00abUna amiga interesada\u00bb\n<\/p>\n<p class=\"voc-p\" style=\"\">En cuanto al recurso de la defensa de Bego\u00f1a G\u00f3mez, la Sala contesta al argumento de que \u00c1lvarez s\u00f3lo envi\u00f3 tres correos en siete a\u00f1os en representaci\u00f3n suya a interlocutores de la Universidad Complutense de Madrid (UCM) que \u00abhabr\u00e1 de comprobarse su finalidad en relaci\u00f3n a las gestiones que les hubieran sucedido\u00bb. Tambi\u00e9n considera que \u00abprobablemente la actividad de Mar\u00eda Cristina \u00c1lvarez podr\u00eda desarrollarse durante las veinticuatro horas, los siete d\u00edas de la semana, lo que desde luego parece excesivo, m\u00e1s propio de una amiga interesada en los asuntos lucrativos de la ahora recurrente que en la fr\u00eda labor de la encargada de la agenda y dem\u00e1s asuntos protocolarios\u00bb.<\/p>\n<p class=\"voc-p\" style=\"\">El juez Peinado imput\u00f3 a Bego\u00f1a G\u00f3mez y a su persona de confianza en La Moncloa el delito de malversaci\u00f3n <a href=\"https:\/\/www.abc.es\/espana\/peinado-imputa-nuevo-delito-begona-gomez-cita-20250818190525-nt.html\" target=\"_self\" data-voc-vtm-id=\"in-text-traffic\" title=\"el 18 de agosto\" data-mrf-link=\"www.abc.es\" rel=\"nofollow noopener\">el 18 de agosto<\/a>, citando a ambas a declarar en septiembre, siendo la cuarta vez que la mujer de S\u00e1nchez tuvo que sentase frente al instructor de la causa. Antes, ya estaba siendo investigada en el mismo Juzgado de Instrucci\u00f3n 41 de Madrid por tr\u00e1fico de influencias, apropiaci\u00f3n indebida e intrusismo profesional por si aprovech\u00f3 la posici\u00f3n de su marido para proyectar su carrera en la Universidad Complutense de Madrid, p\u00fablica, a trav\u00e9s de una c\u00e1tedra extraordinaria y en el Africa Center del Instituto de Empresa (IE), privado. <\/p>\n","protected":false},"excerpt":{"rendered":"La Audiencia de Madrid respalda la decisi\u00f3n del juez Juan Carlos Peinado de investigar por malversaci\u00f3n a la&hellip;\n","protected":false},"author":2,"featured_media":296526,"comment_status":"","ping_status":"","sticky":false,"template":"","format":"standard","meta":{"footnotes":""},"categories":[8],"tags":[32480,4294,7421,17,18,1779,25,24,13,14,4190,11,10511,19,20,24274,9,10,15,16,5794,23,12,21,22],"class_list":{"0":"post-296525","1":"post","2":"type-post","3":"status-publish","4":"format-standard","5":"has-post-thumbnail","7":"category-espana","8":"tag-asesora","9":"tag-audiencia","10":"tag-begona","11":"tag-breaking-news","12":"tag-breakingnews","13":"tag-confirma","14":"tag-es","15":"tag-espana","16":"tag-featured-news","17":"tag-featurednews","18":"tag-gomez","19":"tag-headlines","20":"tag-imputacion","21":"tag-latest-news","22":"tag-latestnews","23":"tag-malversacion","24":"tag-news","25":"tag-noticias","26":"tag-noticias-destacadas","27":"tag-noticiasdestacadas","28":"tag-provincial","29":"tag-spain","30":"tag-titulares","31":"tag-ultimas-noticias","32":"tag-ultimasnoticias"},"share_on_mastodon":{"url":"https:\/\/pubeurope.com\/@es\/115747632342172346","error":""},"_links":{"self":[{"href":"https:\/\/www.europesays.com\/es\/wp-json\/wp\/v2\/posts\/296525","targetHints":{"allow":["GET"]}}],"collection":[{"href":"https:\/\/www.europesays.com\/es\/wp-json\/wp\/v2\/posts"}],"about":[{"href":"https:\/\/www.europesays.com\/es\/wp-json\/wp\/v2\/types\/post"}],"author":[{"embeddable":true,"href":"https:\/\/www.europesays.com\/es\/wp-json\/wp\/v2\/users\/2"}],"replies":[{"embeddable":true,"href":"https:\/\/www.europesays.com\/es\/wp-json\/wp\/v2\/comments?post=296525"}],"version-history":[{"count":0,"href":"https:\/\/www.europesays.com\/es\/wp-json\/wp\/v2\/posts\/296525\/revisions"}],"wp:featuredmedia":[{"embeddable":true,"href":"https:\/\/www.europesays.com\/es\/wp-json\/wp\/v2\/media\/296526"}],"wp:attachment":[{"href":"https:\/\/www.europesays.com\/es\/wp-json\/wp\/v2\/media?parent=296525"}],"wp:term":[{"taxonomy":"category","embeddable":true,"href":"https:\/\/www.europesays.com\/es\/wp-json\/wp\/v2\/categories?post=296525"},{"taxonomy":"post_tag","embeddable":true,"href":"https:\/\/www.europesays.com\/es\/wp-json\/wp\/v2\/tags?post=296525"}],"curies":[{"name":"wp","href":"https:\/\/api.w.org\/{rel}","templated":true}]}}