{"id":296527,"date":"2025-12-19T18:24:22","date_gmt":"2025-12-19T18:24:22","guid":{"rendered":"https:\/\/www.europesays.com\/es\/296527\/"},"modified":"2025-12-19T18:24:22","modified_gmt":"2025-12-19T18:24:22","slug":"el-2-de-enero-entrara-en-vigor-el-nuevo-recorrido-y-horario-del-autobus-urbano","status":"publish","type":"post","link":"https:\/\/www.europesays.com\/es\/296527\/","title":{"rendered":"El 2 de enero entrar\u00e1 en vigor el nuevo recorrido y horario del autob\u00fas urbano"},"content":{"rendered":"<ul>\n<li>\n<p><strong>Subir\u00e1 a la Residencia Iurreamendi cuatro veces al d\u00eda, dos por la ma\u00f1ana y dos por la tarde, duplicando el servicio anteriormente existente.<\/strong><\/p>\n<\/li>\n<li>\n<p><strong>Se han ajustado m\u00e1s los horarios para que coincidan con los de los centros escolares y dem\u00e1s servicios de transporte p\u00fablico.<\/strong><\/p>\n<\/li>\n<\/ul>\n<p>\u00a0<\/p>\n<p>El nuevo recorrido y horario del autob\u00fas urbano de Tolosa entrar\u00e1 en vigor el 2 de enero de 2026. El pleno aprob\u00f3 ayer la modificaci\u00f3n del contrato para realizar esta adaptaci\u00f3n con car\u00e1cter definitivo, con los votos a favor del gobierno municipal y la abstenci\u00f3n de la oposici\u00f3n.<\/p>\n<p>En septiembre se realizaron las primeras adaptaciones provisionales en el recorrido y horario del urbano. El contrato actual est\u00e1 en vigor desde 2020 y como finaliza en mayo de 2026, el objetivo fue probar previamente los cambios de cara al nuevo contrato para poder introducir en la licitaci\u00f3n unos cambios ya contrastados previamente.<\/p>\n<p>Una vez transcurrido el periodo de evaluaci\u00f3n, en base a las conclusiones obtenidas, se han aplicado nuevos cambios en el itinerario y horario, tramit\u00e1ndose la modificaci\u00f3n definitiva. La siguiente licitaci\u00f3n se basar\u00e1 en la recientemente aprobada modificaci\u00f3n.<\/p>\n<p><strong>Dos cambios principales<\/strong><\/p>\n<ul style=\"list-style-type:disc;\">\n<li>\n<p style=\"margin-left:35.45pt;\"><strong>Volver\u00e1 a subir a la residencia Iurreamendi<\/strong>: hasta septiembre sub\u00eda dos veces al d\u00eda por la tarde. Debido a los problemas que le generaba la pendiente de ascenso, se suprimi\u00f3 dicha parada. Sin embargo, atendiendo a la demanda de las familias de los residentes de la residencia, y tras las obras de acondicionamiento de la carretera al inicio de la cuesta para que el veh\u00edculo no tenga problemas, volver\u00e1 a dar servicio a partir de enero. Adem\u00e1s, la oferta se duplicar\u00e1. Los datos de uso eran peque\u00f1os, pero en dos reuniones presenciales con familiares se lleg\u00f3 a la conclusi\u00f3n de que el servicio hasta septiembre tampoco cubr\u00eda sus necesidades. Por eso, en adelante subir\u00e1 cuatro veces al d\u00eda: adem\u00e1s de los dos viajes de la tarde que hac\u00eda antes (15:45 y 19:02), tambi\u00e9n lo har\u00e1 en otras dos ocasiones por la ma\u00f1ana (10:24 y 12:44).<\/p>\n<\/li>\n<li>\n<p style=\"margin-left:35.45pt;\"><strong>Se han ajustado los horarios<\/strong>: obligados por el cambio de Iurreamendi, tambi\u00e9n se han modificado los horarios. Al hacer la reordenaci\u00f3n se han introducido cambios para ajustarse a\u00fan m\u00e1s a las horas de entrada y salida de los centros y a los horarios del resto de transportes. \u00abSon muchos los factores que hay que tener en cuenta para organizar el horario: resto de transporte, colegios, resto servicios, horas de visita a las residencias, uso y horas punta&#8230; Es un ejercicio dif\u00edcil de cuadrar y hemos intentado buscar el m\u00e1ximo equilibrio\u00bb, explica el concejal Aitor Agirresarobe. Adem\u00e1s, se ha han flexibilizado los tiempos del autob\u00fas: \u00abHemos buscado dar m\u00e1s aire al servicio. Hasta ahora el horario era muy exigente, tanto para conductores como para el propio veh\u00edculo, que con el paso del tiempo no ten\u00eda suficiente autonom\u00eda y sufre aver\u00edas de forma cont\u00ednuaa. Cualquier problema provoca retrasos u obliga a acelerar la velocidad. Eso tambi\u00e9n lo hemos tenido en cuenta, y con tiempos m\u00e1s amplios creemos que esos factores tambi\u00e9n ayudar\u00e1n a mejorar el servicio\u00bb, ha a\u00f1adido.<\/p>\n<\/li>\n<\/ul>\n<p>El nuevo recorrido y horario est\u00e1n disponibles en <a href=\"https:\/\/www.tolosa.eus\/es\/autobus-urbano\" title=\"https:\/\/www.tolosa.eus\/es\/autobus-urbano\" rel=\"nofollow noopener\" target=\"_blank\">tolosa.eus\/es\/autobus-urbano<\/a>. Adem\u00e1s, en los pr\u00f3ximos d\u00edas se rotular\u00e1n en las marquesinas. Aprovechando el cambio, tambi\u00e9n se actualizar\u00e1n, tras muchos a\u00f1os sin hacerlo, los horarios personalizados de los postes de las paradas en las que no exista marquesina. A partir del pr\u00f3ximo lunes, tambi\u00e9n se podr\u00e1 solicitar el nuevo horario en el propio autob\u00fas.<\/p>\n<p><a href=\"https:\/\/udala.tolosa.eus\/sites\/default\/files\/Hiribusa - Ordutegi orokorra.pdf\" target=\"_blank\" rel=\"nofollow noopener\"><img decoding=\"async\" alt=\"\" src=\"https:\/\/www.europesays.com\/es\/wp-content\/uploads\/2025\/12\/Hiribusa 2026 ordutegia(1).jpg\"\/><\/a><\/p>\n","protected":false},"excerpt":{"rendered":"Subir\u00e1 a la Residencia Iurreamendi cuatro veces al d\u00eda, dos por la ma\u00f1ana y dos por la tarde,&hellip;\n","protected":false},"author":2,"featured_media":296528,"comment_status":"","ping_status":"","sticky":false,"template":"","format":"standard","meta":{"footnotes":""},"categories":[5],"tags":[17,18,25,24,13,14,11,19,20,9,10,15,16,23,12,21,22],"class_list":{"0":"post-296527","1":"post","2":"type-post","3":"status-publish","4":"format-standard","5":"has-post-thumbnail","7":"category-titulares","8":"tag-breaking-news","9":"tag-breakingnews","10":"tag-es","11":"tag-espana","12":"tag-featured-news","13":"tag-featurednews","14":"tag-headlines","15":"tag-latest-news","16":"tag-latestnews","17":"tag-news","18":"tag-noticias","19":"tag-noticias-destacadas","20":"tag-noticiasdestacadas","21":"tag-spain","22":"tag-titulares","23":"tag-ultimas-noticias","24":"tag-ultimasnoticias"},"share_on_mastodon":{"url":"https:\/\/pubeurope.com\/@es\/115747636447165901","error":""},"_links":{"self":[{"href":"https:\/\/www.europesays.com\/es\/wp-json\/wp\/v2\/posts\/296527","targetHints":{"allow":["GET"]}}],"collection":[{"href":"https:\/\/www.europesays.com\/es\/wp-json\/wp\/v2\/posts"}],"about":[{"href":"https:\/\/www.europesays.com\/es\/wp-json\/wp\/v2\/types\/post"}],"author":[{"embeddable":true,"href":"https:\/\/www.europesays.com\/es\/wp-json\/wp\/v2\/users\/2"}],"replies":[{"embeddable":true,"href":"https:\/\/www.europesays.com\/es\/wp-json\/wp\/v2\/comments?post=296527"}],"version-history":[{"count":0,"href":"https:\/\/www.europesays.com\/es\/wp-json\/wp\/v2\/posts\/296527\/revisions"}],"wp:featuredmedia":[{"embeddable":true,"href":"https:\/\/www.europesays.com\/es\/wp-json\/wp\/v2\/media\/296528"}],"wp:attachment":[{"href":"https:\/\/www.europesays.com\/es\/wp-json\/wp\/v2\/media?parent=296527"}],"wp:term":[{"taxonomy":"category","embeddable":true,"href":"https:\/\/www.europesays.com\/es\/wp-json\/wp\/v2\/categories?post=296527"},{"taxonomy":"post_tag","embeddable":true,"href":"https:\/\/www.europesays.com\/es\/wp-json\/wp\/v2\/tags?post=296527"}],"curies":[{"name":"wp","href":"https:\/\/api.w.org\/{rel}","templated":true}]}}