{"id":296585,"date":"2025-12-19T19:07:27","date_gmt":"2025-12-19T19:07:27","guid":{"rendered":"https:\/\/www.europesays.com\/es\/296585\/"},"modified":"2025-12-19T19:07:27","modified_gmt":"2025-12-19T19:07:27","slug":"la-ia-y-la-ciberresiliencia-marcaran-2026-segun-commvault","status":"publish","type":"post","link":"https:\/\/www.europesays.com\/es\/296585\/","title":{"rendered":"La IA y la ciberresiliencia marcar\u00e1n 2026, seg\u00fan Commvault"},"content":{"rendered":"<p>El aterrizaje de la IA ag\u00e9ntica en las organizaciones y econom\u00edas europeas, se producir\u00e1 coincidiendo con la asunci\u00f3n de la resiliencia y la soberan\u00eda como pilares de liderazgo, confianza y competitividad. As\u00ed lo considera Commvault que tambi\u00e9n ha compartido las 5 tendencias que marcar\u00e1n la ciberresiliencia en las organizaciones.<\/p>\n<p><strong>1. De la experimentaci\u00f3n al futuro ag\u00e9ntico<\/strong><\/p>\n<p>La inteligencia artificial ha madurado y ha pasado de ser un proyecto piloto a tener un prop\u00f3sito.<strong> IDC lo denomina \u00abel futuro ag\u00e9ntico\u00bb<\/strong>, en el que los seres humanos y la IA act\u00faan con autonom\u00eda e intenci\u00f3n. El cambio m\u00e1s visible se encuentra en la<strong> IA conversacional<\/strong>, que impulsa la interacci\u00f3n con los clientes, las operaciones e incluso la respuesta a ciberataques.<\/p>\n<p>Pero estos sistemas son tan fiables como los datos de los que aprenden. Si esos datos se ven comprometidos, se producen sesgos y desinformaci\u00f3n. <strong>Esto convierte la integridad de la IA en un pilar fundamental de la resiliencia en 2026<\/strong>. Lo que est\u00e1 surgiendo a continuaci\u00f3n es el uso de la IA conversacional para gestionar la propia resiliencia. En lugar de navegar por paneles de control y scripts, los equipos pueden simplemente pedir, en lenguaje natural, que se proteja una carga de trabajo, se compruebe una pol\u00edtica o se valide la preparaci\u00f3n para la recuperaci\u00f3n en entornos SaaS, multinube e h\u00edbridos.<\/p>\n<p><strong>2. La soberan\u00eda de la nube como estrategia<\/strong><\/p>\n<p>Desde la NIS2 hasta la Ley de Datos de la UE, la soberan\u00eda de la nube se ha convertido en la nueva frontera estrat\u00e9gica. Forrester prev\u00e9 que, para 2026, la mitad de las empresas dar\u00e1n prioridad a la<strong> infraestructura regional y a los controles de datos basados en pol\u00edticas.<\/strong><\/p>\n<p>La soberan\u00eda no tiene que ver con el aislamiento, sino con el control y la elecci\u00f3n. <strong>En un mundo multicloud y multirregional, las empresas necesitan la libertad de decidir d\u00f3nde residen los datos <\/strong>(en sus instalaciones, en una nube privada, en una regi\u00f3n de nube local o en una nube global), al tiempo que mantienen una visibilidad total sobre las leyes a las que est\u00e1n sujetos y c\u00f3mo se pueden recuperar sin cruzar fronteras.<\/p>\n<p>Cuando la soberan\u00eda se integra en el dise\u00f1o, el cumplimiento se convierte en una ventaja competitiva. En 2026, esta combinaci\u00f3n de soberan\u00eda y libertad de elecci\u00f3n permitir\u00e1 a las organizaciones innovar con confianza dentro de l\u00edmites fiables.<\/p>\n<p><strong>3. Identidad: la infraestructura invisible de la resiliencia<\/strong><\/p>\n<p>A medida que las fronteras dejan de existir para los ecosistemas digitales, la identidad est\u00e1 sustituyendo a la infraestructura como per\u00edmetro de seguridad. Cada credencial, ya sea humana o relativa a un elemento tecnol\u00f3gico, representa un punto potencial de peligro. IDC prev\u00e9 que, para 2026, las organizaciones ciberresilientes fusionar\u00e1n las pol\u00edticas de <strong>identidad, datos y recuperaci\u00f3n en una estructura de seguridad continua<\/strong>. Esto redefine la recuperaci\u00f3n, que pasa de ser un ejercicio t\u00e9cnico a una cuesti\u00f3n de confianza.<\/p>\n<p>En este mundo centrado en la IA, una identidad fiable se convierte en el primer punto de control de la seguridad. Los sistemas de IA deben estar seguros de con qui\u00e9n o con qu\u00e9 est\u00e1n interactuando antes de actuar.<\/p>\n<p><strong>4.<\/strong> <strong>Salas de datos: convertir los datos protegidos en combustible fiable para la IA<\/strong><\/p>\n<p>En 2026, las empresas reconocer\u00e1n que sus iniciativas de IA no se estancan por falta de datos, sino por la incapacidad de acceder de forma segura y preparar los datos que ya tienen. Los datos hist\u00f3ricos pasar\u00e1n de ser un \u00abseguro de respaldo\u00bb a un activo de inteligencia estrat\u00e9gica, si se activan de forma responsable.<\/p>\n<p>Esto acelerar\u00e1 el auge de las salas de datos soberanas y resilientes, entornos seguros que conectan los datos de backup gobernados directamente a las plataformas de IA y los lagos de datos.<\/p>\n<p><strong>5. Preparaci\u00f3n cu\u00e1ntica: la pr\u00f3xima frontera de la resiliencia<\/strong><\/p>\n<p>Los datos protegidos con los algoritmos actuales (RSA, ECC) pueden ser vulnerables en una d\u00e9cada. Las empresas con visi\u00f3n de futuro est\u00e1n comenzando a realizar auditor\u00edas de inventario criptogr\u00e1fico, <strong>implementando algoritmos cu\u00e1nticos seguros <\/strong>y redise\u00f1ando los sistemas de copia de seguridad y recuperaci\u00f3n con agilidad criptogr\u00e1fica.<\/p>\n<p>La preparaci\u00f3n cu\u00e1ntica no consiste en predecir cu\u00e1ndo llegar\u00e1n los ataques cu\u00e1nticos, sino en garantizar que la soberan\u00eda, el cifrado y la recuperaci\u00f3n se mantengan cuando lleguen.<\/p>\n","protected":false},"excerpt":{"rendered":"El aterrizaje de la IA ag\u00e9ntica en las organizaciones y econom\u00edas europeas, se producir\u00e1 coincidiendo con la asunci\u00f3n&hellip;\n","protected":false},"author":2,"featured_media":296586,"comment_status":"","ping_status":"","sticky":false,"template":"","format":"standard","meta":{"footnotes":""},"categories":[80],"tags":[82,95,94,25,24,1636,10,585,23],"class_list":{"0":"post-296585","1":"post","2":"type-post","3":"status-publish","4":"format-standard","5":"has-post-thumbnail","7":"category-economia","8":"tag-business","9":"tag-economia","10":"tag-economy","11":"tag-es","12":"tag-espana","13":"tag-ia","14":"tag-noticias","15":"tag-seguridad","16":"tag-spain"},"share_on_mastodon":{"url":"https:\/\/pubeurope.com\/@es\/115747805288626035","error":""},"_links":{"self":[{"href":"https:\/\/www.europesays.com\/es\/wp-json\/wp\/v2\/posts\/296585","targetHints":{"allow":["GET"]}}],"collection":[{"href":"https:\/\/www.europesays.com\/es\/wp-json\/wp\/v2\/posts"}],"about":[{"href":"https:\/\/www.europesays.com\/es\/wp-json\/wp\/v2\/types\/post"}],"author":[{"embeddable":true,"href":"https:\/\/www.europesays.com\/es\/wp-json\/wp\/v2\/users\/2"}],"replies":[{"embeddable":true,"href":"https:\/\/www.europesays.com\/es\/wp-json\/wp\/v2\/comments?post=296585"}],"version-history":[{"count":0,"href":"https:\/\/www.europesays.com\/es\/wp-json\/wp\/v2\/posts\/296585\/revisions"}],"wp:featuredmedia":[{"embeddable":true,"href":"https:\/\/www.europesays.com\/es\/wp-json\/wp\/v2\/media\/296586"}],"wp:attachment":[{"href":"https:\/\/www.europesays.com\/es\/wp-json\/wp\/v2\/media?parent=296585"}],"wp:term":[{"taxonomy":"category","embeddable":true,"href":"https:\/\/www.europesays.com\/es\/wp-json\/wp\/v2\/categories?post=296585"},{"taxonomy":"post_tag","embeddable":true,"href":"https:\/\/www.europesays.com\/es\/wp-json\/wp\/v2\/tags?post=296585"}],"curies":[{"name":"wp","href":"https:\/\/api.w.org\/{rel}","templated":true}]}}