{"id":296601,"date":"2025-12-19T19:20:13","date_gmt":"2025-12-19T19:20:13","guid":{"rendered":"https:\/\/www.europesays.com\/es\/296601\/"},"modified":"2025-12-19T19:20:13","modified_gmt":"2025-12-19T19:20:13","slug":"jordi-evole-a-eduardo-casanova-tras-anunciar-que-tiene-vih-gracias-por-elegirme-como-pareja-de-baile","status":"publish","type":"post","link":"https:\/\/www.europesays.com\/es\/296601\/","title":{"rendered":"Jordi \u00c9vole, a Eduardo Casanova tras anunciar que tiene VIH: \u201cGracias por elegirme como pareja de baile\u201d"},"content":{"rendered":"<p class=\"\">Contuvo la respiraci\u00f3n el panorama cultural y social espa\u00f1ol cuando <b>Eduardo Casanova<\/b> se arm\u00f3 de valor y, en la tarde de un jueves cualquiera, anunci\u00f3 que ten\u00eda <b>VIH<\/b>. Lo hizo por \u00e9l, pero, sobre todo, para romper el estigma del silencio que sobre esta enfermedad se cierne<b>. \u201cRompo este silencio tan desagradable y doloroso despu\u00e9s de much\u00edsimos a\u00f1os. Un silencio que guardamos y sufrimos much\u00edsimas de las personas con VIH\u201d<\/b>, dej\u00f3 por escrito, alegando que hab\u00eda apostado por el cine como canal de confesi\u00f3n y, en concreto, por una pel\u00edcula documental que est\u00e1 producida por <b>Jordi \u00c9vole.<\/b><\/p>\n<p class=\"\">La estrecha colaboraci\u00f3n con el periodista catal\u00e1n hizo que muchas miradas se posaran sobre \u00e9l, todas pendientes de una posible reacci\u00f3n que no ha tardado en darse. <b>\u00c9vole ha compartido un emotivo v\u00eddeo acompa\u00f1ado de un texto en el que agradece su sinceridad<\/b> e insiste en la cantidad de tiempo que ambos llevan trabajando en dicho proyecto.<\/p>\n<blockquote class=\"twitter-tweet\">\n<p lang=\"es\" dir=\"ltr\">Hace casi 3 a\u00f1os que hablo con Edu sobre esto.<br \/>Y en contra de la opini\u00f3n de mucha gente que le quiere, \u00e9l ha decidido contarlo. <br \/>Gracias por elegirme como pareja en este baile. <br \/>He aprendido mucho a tu lado. <br \/>Ahora empieza lo mejor. \u2665\ufe0f<a href=\"https:\/\/t.co\/RcpkvdasFe\" rel=\"nofollow\">pic.twitter.com\/RcpkvdasFe<\/a><\/p>\n<p>\u2014 Jordi \u00c9vole (@jordievole) <a href=\"https:\/\/twitter.com\/jordievole\/status\/2001744313990914255?ref_src=twsrc%5Etfw\" rel=\"nofollow noopener\" target=\"_blank\">December 18, 2025<\/a><\/p><\/blockquote>\n<p class=\"\"><b>\u201cHace casi tres a\u00f1os que hablo con Edu sobre esto. Y en contra de la opini\u00f3n de mucha gente que le quiere, \u00e9l ha decidido contarlo. Gracias por elegirme como pareja en este baile\u201d<\/b>, ha expresado, reconociendo que ha aprendido \u201cmucho\u201d junto a \u00e9l y que, sin duda,<b> \u201cahora empieza lo mejor\u201d.<\/b> Un comentario arroj\u00f3 odio como respuesta a la confesi\u00f3n de Casanova; y \u00c9vole, como respuesta y en el marco de su anterior publicaci\u00f3n, respondi\u00f3 con ingenio y rotundidad:<b> \u201cEspera, que hay uno por aqu\u00ed que se qued\u00f3 en 1995\u2033.<\/b><\/p>\n<p>Una reivindicaci\u00f3n digna<\/p>\n<p class=\"\">Se trata de un tema delicado que, pese a su fragilidad, no debe dejar de tratarse. De ah\u00ed el mensaje y la confesi\u00f3n de Casanova. \u00ab<b>\u201cLo hago CUANDO YO QUIERO. CUANDO YO PUEDO. LO HAGO POR M\u00cd, pero deseo que esto pueda ayudar a m\u00e1s gente. <\/b>Lo hago a mi manera, a trav\u00e9s del cine, que es mi forma de comunicarme\u00bb, se pronunci\u00f3, remarcando que, sobre todo, romp\u00eda su silencio \u201ccon dignidad\u201d:<b> \u201cLa dignidad deber\u00eda ser la forma en la que todas las personas con VIH pudieran salir del armario\u201c.<\/b><\/p>\n<p class=\"\">Como prueba de lo necesario que es su testimonio, Casanova detall\u00f3 que<b> \u201ccerca del 80% de las personas con VIH no ha compartido con casi nadie que tiene la infecci\u00f3n por un estigma que nos condena al rechazo sistem\u00e1tico y m\u00e1s injusto del mundo\u201d<\/b>. \u00c9l quiere romper la rueda junto a Jordi \u00c9vole. De ah\u00ed que no tema las consecuencias:<b> \u201cPese al miedo y la incertidumbre, hoy me siento profundamente feliz\u201d.<\/b><\/p>\n<p>Noticias relacionadas<a href=\"https:\/\/as.com\/tikitakas\/famosos\/el-infierno-personal-de-pilar-soto-expresentadora-de-grand-prix-ingrese-82-veces-de-urgencia-en-un-ano-f202512-n\/\" class=\"s_m_w\" title=\"La presentadora de televisi\u00f3n ha recordado en \u2018Y ahora Sonsoles\u2019 c\u00f3mo toc\u00f3 fondo en 2003, am\u00e9n de los diferentes problemas de salud que atravesaba.\" data-tb-link=\"\" rel=\"nofollow noopener\" target=\"_blank\"><img decoding=\"async\" src=\"https:\/\/www.europesays.com\/es\/wp-content\/uploads\/2025\/12\/1766172012_305_PBBST2N3AFHC3FYUM5R5OWFSYE.jpg\" alt=\"El infierno personal de Pilar Soto, expresentadora de \u2018Grand Prix\u2019: \u201cIngres\u00e9 82 veces de urgencia en un a\u00f1o\u201d\" class=\"\" height=\"9\" width=\"16\"   loading=\"lazy\" data-tb-thumbnail=\"\"\/><\/a><a href=\"https:\/\/as.com\/tikitakas\/television\/antena-3-dice-adios-a-pablo-motos-y-el-hormiguero-en-2025-f202512-n\/\" class=\"s_m_w\" title=\"Aprovechando las fechas navide\u00f1as, el programa insignia de Atresmedia se toma un merecido descanso que se prolongar\u00e1 un par de semanas.\" data-tb-link=\"\" rel=\"nofollow noopener\" target=\"_blank\"><img decoding=\"async\" src=\"https:\/\/www.europesays.com\/es\/wp-content\/uploads\/2025\/12\/1766172013_968_6DAN2RO3NFDCLHMQX6VEZF6GXU.jpg\" alt=\"Antena 3 dice \u2018adi\u00f3s\u2019 a Pablo Motos y \u2018El Hormiguero\u2019 en 2025\" class=\"\" height=\"9\" width=\"16\"   loading=\"lazy\" data-tb-thumbnail=\"\"\/><\/a><\/p>\n<p class=\"\"><b>\u00a1Tus opiniones importan!<\/b><\/p>\n<p class=\"\">Comenta en los art\u00edculos y suscr\u00edbete gratis a nuestra <a href=\"https:\/\/asfan.as.com\/newsletters\/\" target=\"_blank\" rel=\"nofollow noopener\" title=\"https:\/\/asfan.as.com\/newsletters\/\">newsletter<\/a> y a las alertas informativas en la <a href=\"https:\/\/as.com\/aplicacion-de-as-n\/\" target=\"_blank\" rel=\"nofollow noopener\" title=\"https:\/\/as.com\/aplicacion-de-as-n\/\">App<\/a> o el canal de <a href=\"https:\/\/www.whatsapp.com\/channel\/0029VaAasdA7j6g745nz9M10\" target=\"_blank\" rel=\"nofollow noopener\" title=\"https:\/\/www.whatsapp.com\/channel\/0029VaAasdA7j6g745nz9M10\">WhatsApp<\/a>. \u00bfBuscas licenciar contenido? Haz clic <a href=\"https:\/\/profesional.elpais.com\/soluciones-sindicacion?utm_medium=interno&amp;utm_source=crosslinking&amp;utm_campaign=sindicacion_as_pie_articulos\" target=\"_blank\" rel=\"nofollow noopener\" title=\"https:\/\/profesional.elpais.com\/soluciones-sindicacion?utm_medium=interno&amp;utm_source=crosslinking&amp;utm_campaign=sindicacion_as_pie_articulos\">aqu\u00ed<\/a><\/p>\n<p><script async src=\"https:\/\/platform.twitter.com\/widgets.js\" charset=\"utf-8\"><\/script><\/p>\n","protected":false},"excerpt":{"rendered":"Contuvo la respiraci\u00f3n el panorama cultural y social espa\u00f1ol cuando Eduardo Casanova se arm\u00f3 de valor y, en&hellip;\n","protected":false},"author":2,"featured_media":296602,"comment_status":"","ping_status":"","sticky":false,"template":"","format":"standard","meta":{"footnotes":""},"categories":[174],"tags":[255,146,147,25,24,256,23],"class_list":{"0":"post-296601","1":"post","2":"type-post","3":"status-publish","4":"format-standard","5":"has-post-thumbnail","7":"category-famosos","8":"tag-celebrities","9":"tag-entertainment","10":"tag-entretenimiento","11":"tag-es","12":"tag-espana","13":"tag-famosos","14":"tag-spain"},"share_on_mastodon":{"url":"https:\/\/pubeurope.com\/@es\/115747857053519004","error":""},"_links":{"self":[{"href":"https:\/\/www.europesays.com\/es\/wp-json\/wp\/v2\/posts\/296601","targetHints":{"allow":["GET"]}}],"collection":[{"href":"https:\/\/www.europesays.com\/es\/wp-json\/wp\/v2\/posts"}],"about":[{"href":"https:\/\/www.europesays.com\/es\/wp-json\/wp\/v2\/types\/post"}],"author":[{"embeddable":true,"href":"https:\/\/www.europesays.com\/es\/wp-json\/wp\/v2\/users\/2"}],"replies":[{"embeddable":true,"href":"https:\/\/www.europesays.com\/es\/wp-json\/wp\/v2\/comments?post=296601"}],"version-history":[{"count":0,"href":"https:\/\/www.europesays.com\/es\/wp-json\/wp\/v2\/posts\/296601\/revisions"}],"wp:featuredmedia":[{"embeddable":true,"href":"https:\/\/www.europesays.com\/es\/wp-json\/wp\/v2\/media\/296602"}],"wp:attachment":[{"href":"https:\/\/www.europesays.com\/es\/wp-json\/wp\/v2\/media?parent=296601"}],"wp:term":[{"taxonomy":"category","embeddable":true,"href":"https:\/\/www.europesays.com\/es\/wp-json\/wp\/v2\/categories?post=296601"},{"taxonomy":"post_tag","embeddable":true,"href":"https:\/\/www.europesays.com\/es\/wp-json\/wp\/v2\/tags?post=296601"}],"curies":[{"name":"wp","href":"https:\/\/api.w.org\/{rel}","templated":true}]}}