{"id":296615,"date":"2025-12-19T19:28:18","date_gmt":"2025-12-19T19:28:18","guid":{"rendered":"https:\/\/www.europesays.com\/es\/296615\/"},"modified":"2025-12-19T19:28:18","modified_gmt":"2025-12-19T19:28:18","slug":"ante-la-prevision-de-lluvias-se-aplaza-al-viernes-26-la-zambomba-de-la-plaza-de-la-iglesia","status":"publish","type":"post","link":"https:\/\/www.europesays.com\/es\/296615\/","title":{"rendered":"Ante la previsi\u00f3n de lluvias, se aplaza al viernes 26 la zambomba de la Plaza de la Iglesia"},"content":{"rendered":"<p>Como ocurri\u00f3 la semana pasada con la zambomba de Los Olivillos, la previsi\u00f3n del tiempo obliga a cambios en las actuaciones previstas para la noche de este viernes en la Plaza de la Iglesia. Si en el primer caso, la actividad se traslad\u00f3 al mi\u00e9rcoles pasado, en esta ocasi\u00f3n se ha elegido el viernes 26 a las 19.00 horas.<\/p>\n<p>Seg\u00fan la Agencia Estatal de Meteorolog\u00eda, la previsi\u00f3n del tiempo para este viernes en San Roque es de lluvias entre las 18.00 y las 23.00 horas, coincidiendo por tanto con el horario de la Zambomba Navide\u00f1a. Por ello, desde el Ayuntamiento se ha decidido trasladar esta actividad al aire libre al pr\u00f3ximo viernes 26.<\/p>\n<p>En cuanto a los grupos que actuar\u00e1n, Toma Casta\u00f1a se fund\u00f3 en 1999 a partir de una idea de Joaqu\u00edn Linera, Ni\u00f1o de La Leo, conocido guitarrista gaditano que desde entonces dirige art\u00edstica y musicalmente al grupo. Agrupa a j\u00f3venes y artistas consagrados de renombre. En sus zambombas se fusionan lo mejor del flamenco gaditano con una mezcla de ritmos populares y otros g\u00e9neros musicales.<\/p>\n<p>Se Dan Clases de Zambomba es un grupo con una performance c\u00f3mica, amena y muy divertida, pero muy bien cuidada musicalmente. Una complicidad incre\u00edble entre sus miembros, que improvisan cualquier canci\u00f3n que viene al caso, haciendo que la pe\u00f1a no pare de bailar y se lo pase genial concierto tras concierto.<\/p>\n<p>Las Rodes es un d\u00fao musical compuesto por las hermanas Amara y Coral Rodes, originarias de C\u00f3rdoba, que participan en eventos como \u00abNavidad Con las Ni\u00f1as\u00bb, que est\u00e1n relacionados con la tradici\u00f3n de las zambombas.<\/p>\n","protected":false},"excerpt":{"rendered":"Como ocurri\u00f3 la semana pasada con la zambomba de Los Olivillos, la previsi\u00f3n del tiempo obliga a cambios&hellip;\n","protected":false},"author":2,"featured_media":296616,"comment_status":"","ping_status":"","sticky":false,"template":"","format":"standard","meta":{"footnotes":""},"categories":[91],"tags":[1250,2193,2191,146,147,25,24,2190,2186,2189,2185,2187,23,2192,2188],"class_list":{"0":"post-296615","1":"post","2":"type-post","3":"status-publish","4":"format-standard","5":"has-post-thumbnail","7":"category-entretenimiento","8":"tag-ayuntamiento","9":"tag-cadiz","10":"tag-campamento","11":"tag-entertainment","12":"tag-entretenimiento","13":"tag-es","14":"tag-espana","15":"tag-guadiaro","16":"tag-roque","17":"tag-san-enrique","18":"tag-san-roque","19":"tag-soto-grande","20":"tag-spain","21":"tag-taraguilla","22":"tag-torreguadiaro"},"share_on_mastodon":{"url":"https:\/\/pubeurope.com\/@es\/115747888208928268","error":""},"_links":{"self":[{"href":"https:\/\/www.europesays.com\/es\/wp-json\/wp\/v2\/posts\/296615","targetHints":{"allow":["GET"]}}],"collection":[{"href":"https:\/\/www.europesays.com\/es\/wp-json\/wp\/v2\/posts"}],"about":[{"href":"https:\/\/www.europesays.com\/es\/wp-json\/wp\/v2\/types\/post"}],"author":[{"embeddable":true,"href":"https:\/\/www.europesays.com\/es\/wp-json\/wp\/v2\/users\/2"}],"replies":[{"embeddable":true,"href":"https:\/\/www.europesays.com\/es\/wp-json\/wp\/v2\/comments?post=296615"}],"version-history":[{"count":0,"href":"https:\/\/www.europesays.com\/es\/wp-json\/wp\/v2\/posts\/296615\/revisions"}],"wp:featuredmedia":[{"embeddable":true,"href":"https:\/\/www.europesays.com\/es\/wp-json\/wp\/v2\/media\/296616"}],"wp:attachment":[{"href":"https:\/\/www.europesays.com\/es\/wp-json\/wp\/v2\/media?parent=296615"}],"wp:term":[{"taxonomy":"category","embeddable":true,"href":"https:\/\/www.europesays.com\/es\/wp-json\/wp\/v2\/categories?post=296615"},{"taxonomy":"post_tag","embeddable":true,"href":"https:\/\/www.europesays.com\/es\/wp-json\/wp\/v2\/tags?post=296615"}],"curies":[{"name":"wp","href":"https:\/\/api.w.org\/{rel}","templated":true}]}}