{"id":296619,"date":"2025-12-19T19:30:24","date_gmt":"2025-12-19T19:30:24","guid":{"rendered":"https:\/\/www.europesays.com\/es\/296619\/"},"modified":"2025-12-19T19:30:24","modified_gmt":"2025-12-19T19:30:24","slug":"daimiel-afronta-con-ilusion-la-recta-final-del-sorteo-extraordinario-de-loteria-de-navidad","status":"publish","type":"post","link":"https:\/\/www.europesays.com\/es\/296619\/","title":{"rendered":"Daimiel afronta con ilusi\u00f3n la recta final del sorteo extraordinario de loter\u00eda de Navidad"},"content":{"rendered":"<p><strong>A pocos d\u00edas de su celebraci\u00f3n, se aviva el ajetreo de personas en la administraci\u00f3n local y en los dos despachos oficiales, una demanda apresurada por obtener alguna terminaci\u00f3n concreta y, en ocasiones, agotada desde hace tiempo como la del 5.\u00a0<\/strong><\/p>\n<p><strong>Daimiel Noticias. &#8211; <\/strong>Quedan apenas unos d\u00edas para la celebraci\u00f3n del Sorteo Extraordinario de Loter\u00eda de Navidad que tradicionalmente se realiza en el Teatro Real de Madrid el pr\u00f3ximo lunes 22 de diciembre a partir de las 09:00 horas. Los daimiele\u00f1os apuran los \u00faltimos momentos para adquirir los \u00faltimos d\u00e9cimos.\u00a0<\/p>\n<p>En el recorrido en directo del programa radiof\u00f3nico \u2018Aqu\u00ed y ahora\u2019 de la emisora municipal por la administraci\u00f3n de loter\u00edas \u2018La Manola\u2019 y los despachos \u2018Laura\u2019 y \u2018Los Canarios\u2019 se\u00f1alan a la emoci\u00f3n de dar un premio el d\u00eda del sorteo, mientras que, mirando a los usuarios, subrayan que los \u00faltimos movimientos son de personas rezagadas que preguntan por una terminaci\u00f3n concreta.<\/p>\n<p>En \u2018La Manola\u2019 sus nuevos gerentes desde julio afrontan el que ser\u00e1 para ellos su primer sorteo bajo estas circunstancias con la ilusi\u00f3n dar un premio. Ese aspecto lo se\u00f1ala Josema Mart\u00edn quien en estos d\u00edas subraya que las solicitudes se dirigen al n\u00famero 5. En concreto, el n\u00famero m\u00e1s solicitado este a\u00f1o ha sido el 04.125, el mismo que juega el personal de VESTAS en Daimiel.<\/p>\n<p>Sobre la experiencia de gestionar la loter\u00eda de Navidad, Mart\u00edn reconoci\u00f3 que \u201cno imagin\u00e1bamos la cantidad de trabajo que implica un despacho de loter\u00eda, con tantos n\u00fameros y cuentas que llevar\u201d. Un esfuerzo que, dijo, convive con la \u201cresponsabilidad de poder repartir un premio en Daimiel\u201d.<\/p>\n<p>En el despacho de \u2018Laura\u2019 que atiende Santiago Fern\u00e1ndez de Sim\u00f3n\u201d se constata la b\u00fasqueda de n\u00fameros espec\u00edficos de sus clientes, aunque, explica, en ventas se sigue la media de los \u00faltimos a\u00f1os. \u201cAcuden los m\u00e1s rezagados y aquellos que sienten la \u00faltima corazonada\u201d, comenta. A la espera de lo que suceda el lunes, si cae, \u201ces un prestigio y una satisfacci\u00f3n tanto para el que le toca como para el que lo vende\u201d, relata Fern\u00e1ndez de Sim\u00f3n, quien a\u00f1ade el deseo de: \u201cCuantas m\u00e1s personas premiadas, mejor\u201d.\u00a0<\/p>\n<p>  <img loading=\"lazy\" decoding=\"async\" src=\"https:\/\/www.europesays.com\/es\/wp-content\/uploads\/2025\/12\/loteria_navidad_2022_1.jpg\" width=\"2154\" height=\"1440\" alt=\"Santiago Fern\u00e1ndez de Sim\u00f3n (archivo)\" title=\"Santiago Fern\u00e1ndez de Sim\u00f3n (archivo)\" typeof=\"foaf:Image\" class=\"img-fluid\"\/><br \/>\nSantiago Fern\u00e1ndez de Sim\u00f3n (archivo)<\/p>\n<p>Desde el despacho de \u2018Los Canarios\u2019, su gerente, Mari Carmen Fern\u00e1ndez, explica que el n\u00famero de la casa es el m\u00e1s solicitado y se encuentra agotado desde hace tiempo, junto a otros cl\u00e1sicos como los terminados en 7. Y confirma: los n\u00fameros estrella entre los clientes este a\u00f1o han sido los terminados en 5, terminaci\u00f3n que ha resultado premiada en 32 ocasiones desde el inicio del sorteo. Una vez confirmado el impulso de ventas en ventanilla de \u00faltima hora, conf\u00eda en estrenarse dando un premio de Navidad que contin\u00fae lo que sucedi\u00f3 en enero con un d\u00e9cimo del primer premio del Sorteo Extraordinario del Ni\u00f1o de 2025.\u00a0<\/p>\n<p>  <img loading=\"lazy\" decoding=\"async\" src=\"https:\/\/www.europesays.com\/es\/wp-content\/uploads\/2025\/12\/loteria_navidad_2022_4.jpg\" width=\"2154\" height=\"1440\" alt=\"Mari Carmen Fern\u00e1ndez (archivo)\" title=\"Mari Carmen Fern\u00e1ndez (archivo)\" typeof=\"foaf:Image\" class=\"img-fluid\"\/><br \/>\nMari Carmen Fern\u00e1ndez (archivo)<\/p>\n<p>Adem\u00e1s de acudir a las administraciones de loter\u00eda, los daimiele\u00f1os tambi\u00e9n participan en el sorteo extraordinario adquiriendo d\u00e9cimos en los espacios que frecuentan, como bares, o papeletas de agrupaciones, asociaciones y otras entidades como clubes deportivos o cofrad\u00edas, tal y como expresaron el pasado martes varios de los vecinos que acudieron al mercadillo y que fueron entrevistados en \u2018Aqu\u00ed y ahora\u2019.\u00a0<\/p>\n<p>Durante la ma\u00f1ana del pr\u00f3ximo 22 de diciembre, conoceremos cu\u00e1les de los 100.000 n\u00fameros que entran en el gran bombo resultan premiados. Y para los no agraciados, siempre queda la posibilidad de que la suerte nos vuelva a acompa\u00f1ar en el Sorteo Extraordinario del Ni\u00f1o del 6 de enero de 2026, o, como suele ocurrir, se recurra a la salud para reconfortarnos.<\/p>\n","protected":false},"excerpt":{"rendered":"A pocos d\u00edas de su celebraci\u00f3n, se aviva el ajetreo de personas en la administraci\u00f3n local y en&hellip;\n","protected":false},"author":2,"featured_media":296620,"comment_status":"","ping_status":"","sticky":false,"template":"","format":"standard","meta":{"footnotes":""},"categories":[80],"tags":[82,95,94,25,24,530,23],"class_list":{"0":"post-296619","1":"post","2":"type-post","3":"status-publish","4":"format-standard","5":"has-post-thumbnail","7":"category-economia","8":"tag-business","9":"tag-economia","10":"tag-economy","11":"tag-es","12":"tag-espana","13":"tag-loteria","14":"tag-spain"},"share_on_mastodon":{"url":"https:\/\/pubeurope.com\/@es\/115747896018725766","error":""},"_links":{"self":[{"href":"https:\/\/www.europesays.com\/es\/wp-json\/wp\/v2\/posts\/296619","targetHints":{"allow":["GET"]}}],"collection":[{"href":"https:\/\/www.europesays.com\/es\/wp-json\/wp\/v2\/posts"}],"about":[{"href":"https:\/\/www.europesays.com\/es\/wp-json\/wp\/v2\/types\/post"}],"author":[{"embeddable":true,"href":"https:\/\/www.europesays.com\/es\/wp-json\/wp\/v2\/users\/2"}],"replies":[{"embeddable":true,"href":"https:\/\/www.europesays.com\/es\/wp-json\/wp\/v2\/comments?post=296619"}],"version-history":[{"count":0,"href":"https:\/\/www.europesays.com\/es\/wp-json\/wp\/v2\/posts\/296619\/revisions"}],"wp:featuredmedia":[{"embeddable":true,"href":"https:\/\/www.europesays.com\/es\/wp-json\/wp\/v2\/media\/296620"}],"wp:attachment":[{"href":"https:\/\/www.europesays.com\/es\/wp-json\/wp\/v2\/media?parent=296619"}],"wp:term":[{"taxonomy":"category","embeddable":true,"href":"https:\/\/www.europesays.com\/es\/wp-json\/wp\/v2\/categories?post=296619"},{"taxonomy":"post_tag","embeddable":true,"href":"https:\/\/www.europesays.com\/es\/wp-json\/wp\/v2\/tags?post=296619"}],"curies":[{"name":"wp","href":"https:\/\/api.w.org\/{rel}","templated":true}]}}