{"id":296625,"date":"2025-12-19T19:33:28","date_gmt":"2025-12-19T19:33:28","guid":{"rendered":"https:\/\/www.europesays.com\/es\/296625\/"},"modified":"2025-12-19T19:33:28","modified_gmt":"2025-12-19T19:33:28","slug":"el-sector-electrico-registro-un-superavit-de-8817-millones-de-euros-en-el-ejercicio-de-2024","status":"publish","type":"post","link":"https:\/\/www.europesays.com\/es\/296625\/","title":{"rendered":"El sector el\u00e9ctrico registr\u00f3 un super\u00e1vit de 881,7 millones de euros en el ejercicio de 2024"},"content":{"rendered":"<ul class=\"circle-list\">\n<li>Fue 482,8 millones de euros superior al super\u00e1vit inicialmente previsto para el ejercicio (+399,0 millones).<\/li>\n<\/ul>\n<p>La Comisi\u00f3n Nacional de los Mercados y la Competencia (CNMC) ha publicado el Informe de la Liquidaci\u00f3n definitiva del ejercicio 2024 del sector el\u00e9ctrico (<a href=\"https:\/\/www.cnmc.es\/expedientes\/liqde00725\" target=\"_blank\" rel=\"nofollow noopener\">LIQ\/DE\/007\/25<\/a>). Para entender en qu\u00e9 consiste el r\u00e9gimen de liquidaciones del sector energ\u00e9tico que gestiona la CNMC puede consultarse <a href=\"https:\/\/blog.cnmc.es\/2015\/10\/27\/que-son-las-liquidaciones-mensuales-de-energia-electrica-gas-natural-y-renovables\/\" target=\"_blank\" rel=\"nofollow noopener\">CNMCblog<\/a>.<\/p>\n<p>En la liquidaci\u00f3n definitiva de 2024, los ingresos fueron suficientes para cubrir la totalidad de los costes regulados, con un super\u00e1vit de 881,7 millones de euros, superior en 482,8 millones de euros al super\u00e1vit inicialmente previsto para el ejercicio (+399,0 millones de euros).<\/p>\n<p>Dicho super\u00e1vit se explica, fundamentalmente, por la aplicaci\u00f3n de los art\u00edculos 39.1 y 39.3 del <a href=\"https:\/\/www.boe.es\/buscar\/act.php?id=BOE-A-2023-26452\" target=\"_blank\" rel=\"nofollow noopener\">Real Decreto-ley 8\/2023<\/a>, de la Disposici\u00f3n adicional primera del <a href=\"https:\/\/www.boe.es\/buscar\/act.php?id=BOE-A-2024-12944\" target=\"_blank\" rel=\"nofollow noopener\">Real Decreto-ley 4\/2024<\/a> y del cr\u00e9dito extraordinario que establece la Disposici\u00f3n final tercera del <a href=\"https:\/\/www.boe.es\/buscar\/act.php?id=BOE-A-2024-12944\" target=\"_blank\" rel=\"nofollow noopener\">Real Decreto-ley 4\/2024<\/a>.<\/p>\n<p>El super\u00e1vit de la liquidaci\u00f3n definitiva se increment\u00f3 en 262 millones de euros, respecto del registrado en la liquidaci\u00f3n 14\/2024 debido, fundamentalmente, a la incorporaci\u00f3n de 83,5 millones de euros de los ingresos por intereses adicionales adem\u00e1s de 234,8 millones de euros en concepto de canon hidr\u00e1ulico, compensado parcialmente por el incremento de la retribuci\u00f3n espec\u00edfica tanto del sistema peninsular como de los territorios no peninsulares.\u00a0<\/p>\n<p><strong>Liquidaci\u00f3n definitiva de 2024 (miles \u20ac)<\/strong><\/p>\n<p><img decoding=\"async\" class=\"img-responsive\" alt=\"Tabla liquidaci\u00f3n definitiva de 2024\" src=\"https:\/\/www.europesays.com\/es\/wp-content\/uploads\/2025\/12\/Gr\u00e1fico1_1.png\" width=\"681\" height=\"750\" data-entity-type=\"file\" data-entity-uuid=\"0c4a11c4-9a9a-4b51-9552-44eda339bc3f\" loading=\"lazy\"\/><\/p>\n<p>*La demanda en consumo no incluye la energ\u00eda de conexiones internacionales<\/p>\n<p><strong>Fuente: CNMC. Resoluci\u00f3n de 21 de diciembre de 2023, Orden TED\/113\/2024, de 9 de febrero, <\/strong><a href=\"https:\/\/www.boe.es\/buscar\/act.php?id=BOE-A-2023-26452\" target=\"_blank\" rel=\"nofollow noopener\"><strong>Real Decreto-ley 8\/2023<\/strong><\/a><strong>, de 27 de diciembre y dem\u00e1s normativa aplicada en las Liquidaciones.<\/strong><\/p>\n<p>Como ya se ha indicado, el resultado de la liquidaci\u00f3n definitiva de 2024 registr\u00f3 un desajuste positivo de 881,7 millones de euros. Este desv\u00edo incorpora adem\u00e1s del desv\u00edo del propio ejercicio (-1.402,9 millones de euros), la aplicaci\u00f3n de parte del desv\u00edo relativo a cargos registrado en la Liquidaci\u00f3n definitiva del ejercicio 2023 (1.898,1 millones de euros)[1], la aplicaci\u00f3n del cr\u00e9dito extraordinario establecido en la Disposici\u00f3n Final 3\u00aa del <a href=\"https:\/\/www.boe.es\/buscar\/act.php?id=BOE-A-2024-12944\" target=\"_blank\" rel=\"nofollow noopener\">Real Decreto-ley 4\/2024<\/a> (300 millones de euros) y los desv\u00edos de ejercicios anteriores no incorporados (86,6 millones de euros).<\/p>\n<p>El super\u00e1vit de ingresos relativo a cargos registrado en la liquidaci\u00f3n definitiva del ejercicio 2023 (2.087,2 millones de euros) ha sido aplicado a los ejercicios 2024 (1.898,1 millones de euros) y 2025 (189,1 millones de euros).<\/p>\n<p>A los efectos de tener en cuenta los desv\u00edos del ejercicio 2024 para la fijaci\u00f3n de peajes y cargos, se presenta la desagregaci\u00f3n entre peajes y cargos del desajuste registrado en la Liquidaci\u00f3n definitiva del ejercicio 2024.<\/p>\n<p><strong>Desv\u00edos de ingresos y costes de peajes de transporte y distribuci\u00f3n y cargos registrados en la Liquidaci\u00f3n definitiva de 2024<\/strong><\/p>\n<p><img decoding=\"async\" class=\"img-responsive\" alt=\"Tabla desv\u00edos de ingresos y costes de peajes de transporte y distribuci\u00f3n y cargos registrados en la liquidaci\u00f3n definitiva de 2024\" src=\"https:\/\/www.europesays.com\/es\/wp-content\/uploads\/2025\/12\/Gr\u00e1fico 2_0.png\" width=\"1069\" height=\"418\" data-entity-type=\"file\" data-entity-uuid=\"e9d6a8de-2e26-4519-aaf0-eee274b84980\" loading=\"lazy\"\/><\/p>\n<p><strong>Fuente: CNMC.<\/strong><\/p>\n<p>[1] El super\u00e1vit de ingresos relativo a cargos registrado en la liquidaci\u00f3n definitiva del ejercicio 2023 (2.087,2 millones de euros) ha sido aplicado a los ejercicios 2024 (1.898,1 millones de euros) y 2025 (189,1 millones de euros). Para m\u00e1s informaci\u00f3n, v\u00e9ase \u201cInforme sobre el resultado de la Liquidaci\u00f3n definitiva de 2023 del Sector El\u00e9ctrico\u201d, disponible en <a href=\"https:\/\/www.cnmc.es\/sites\/default\/files\/5692988.pdf\" target=\"_blank\" rel=\"nofollow noopener\">https:\/\/www.cnmc.es\/sites\/default\/files\/5692988.pdf<\/a><\/p>\n","protected":false},"excerpt":{"rendered":"Fue 482,8 millones de euros superior al super\u00e1vit inicialmente previsto para el ejercicio (+399,0 millones). La Comisi\u00f3n Nacional&hellip;\n","protected":false},"author":2,"featured_media":296626,"comment_status":"","ping_status":"","sticky":false,"template":"","format":"standard","meta":{"footnotes":""},"categories":[5],"tags":[17,18,25,24,13,14,11,19,20,9,10,15,16,23,12,21,22],"class_list":{"0":"post-296625","1":"post","2":"type-post","3":"status-publish","4":"format-standard","5":"has-post-thumbnail","7":"category-titulares","8":"tag-breaking-news","9":"tag-breakingnews","10":"tag-es","11":"tag-espana","12":"tag-featured-news","13":"tag-featurednews","14":"tag-headlines","15":"tag-latest-news","16":"tag-latestnews","17":"tag-news","18":"tag-noticias","19":"tag-noticias-destacadas","20":"tag-noticiasdestacadas","21":"tag-spain","22":"tag-titulares","23":"tag-ultimas-noticias","24":"tag-ultimasnoticias"},"share_on_mastodon":{"url":"https:\/\/pubeurope.com\/@es\/115747907594260629","error":""},"_links":{"self":[{"href":"https:\/\/www.europesays.com\/es\/wp-json\/wp\/v2\/posts\/296625","targetHints":{"allow":["GET"]}}],"collection":[{"href":"https:\/\/www.europesays.com\/es\/wp-json\/wp\/v2\/posts"}],"about":[{"href":"https:\/\/www.europesays.com\/es\/wp-json\/wp\/v2\/types\/post"}],"author":[{"embeddable":true,"href":"https:\/\/www.europesays.com\/es\/wp-json\/wp\/v2\/users\/2"}],"replies":[{"embeddable":true,"href":"https:\/\/www.europesays.com\/es\/wp-json\/wp\/v2\/comments?post=296625"}],"version-history":[{"count":0,"href":"https:\/\/www.europesays.com\/es\/wp-json\/wp\/v2\/posts\/296625\/revisions"}],"wp:featuredmedia":[{"embeddable":true,"href":"https:\/\/www.europesays.com\/es\/wp-json\/wp\/v2\/media\/296626"}],"wp:attachment":[{"href":"https:\/\/www.europesays.com\/es\/wp-json\/wp\/v2\/media?parent=296625"}],"wp:term":[{"taxonomy":"category","embeddable":true,"href":"https:\/\/www.europesays.com\/es\/wp-json\/wp\/v2\/categories?post=296625"},{"taxonomy":"post_tag","embeddable":true,"href":"https:\/\/www.europesays.com\/es\/wp-json\/wp\/v2\/tags?post=296625"}],"curies":[{"name":"wp","href":"https:\/\/api.w.org\/{rel}","templated":true}]}}