{"id":296627,"date":"2025-12-19T19:37:09","date_gmt":"2025-12-19T19:37:09","guid":{"rendered":"https:\/\/www.europesays.com\/es\/296627\/"},"modified":"2025-12-19T19:37:09","modified_gmt":"2025-12-19T19:37:09","slug":"sergio-renueva-y-masaveu-vuelve-para-completar-unos-fireballs-con-pleno-espanol","status":"publish","type":"post","link":"https:\/\/www.europesays.com\/es\/296627\/","title":{"rendered":"Sergio renueva y Masaveu vuelve para completar unos Fireballs con pleno espa\u00f1ol"},"content":{"rendered":"<p>            <a href=\"https:\/\/ten-golf.com\/wp-content\/uploads\/2025\/12\/HON_03_09_25_DSC0248-1-1.jpg\" data-caption=\"Sergio Garc\u00eda \u00a9 Montana Pritchard\/LIV Golf\" rel=\"nofollow noopener\" target=\"_blank\"><img decoding=\"async\" loading=\"lazy\" width=\"666\" height=\"444\" class=\"entry-thumb td-modal-image\" src=\"https:\/\/www.europesays.com\/es\/wp-content\/uploads\/2025\/12\/HON_03_09_25_DSC0248-1-1-666x444.jpg\"   alt=\"Sergio Garc\u00eda \u00a9 Montana Pritchard\/LIV Golf\" title=\"Sergio Garc\u00eda \u00a9 Montana Pritchard\/LIV Golf\"\/><\/a>Sergio Garc\u00eda \u00a9 Montana Pritchard\/LIV Golf<\/p>\n<p data-start=\"113\" data-end=\"475\"><strong>Fireballs GC<\/strong> ha confirmado su formaci\u00f3n para la temporada 2026 de <strong>LIV Golf<\/strong> con dos noticias desveladas en las \u00faltimas semanas por <strong>Ten-Golf<\/strong>: <strong>Sergio Garc\u00eda<\/strong> seguir\u00e1 al frente del equipo tras firmar una renovaci\u00f3n multianual y regresa al equipo <strong>Luis Masaveu<\/strong>. El castellonense capitanear\u00e1 un cuarteto completamente espa\u00f1ol, que completan <strong>David Puig<\/strong> y <strong>Josele Ballester<\/strong>.<\/p>\n<p data-start=\"477\" data-end=\"912\">\u00abVolver a <strong>Fireballs GC<\/strong> y a <strong>LIV Golf<\/strong> refuerza todo lo que estamos construyendo\u00bb, asegur\u00f3 Sergio. \u00abCon <strong>David<\/strong> y <strong>Josele<\/strong> jugando tan bien en 2025 y la incorporaci\u00f3n de <strong>Luis<\/strong> para 2026, nuestra identidad y competitividad son m\u00e1s fuertes que nunca, basadas en el orgullo, un prop\u00f3sito y la conexi\u00f3n emocional con el golf. <strong>LIV Golf<\/strong> sigue marcando el ritmo a nivel global y estoy comprometido a liderar este grupo para seguir elevando el nivel\u00bb, a\u00f1adi\u00f3.<\/p>\n<p data-start=\"914\" data-end=\"1320\">El capit\u00e1n espa\u00f1ol firm\u00f3 otra temporada de alto nivel en 2025, finalizando noveno en la clasificaci\u00f3n individual, su tercer top 10 en cuatro campa\u00f1as de <strong>LIV Golf<\/strong>. Adem\u00e1s, gan\u00f3 en <strong>Hong Kong<\/strong> y se convirti\u00f3 en uno de los pocos jugadores capaces de vencer en cada una de las dos \u00faltimas temporadas, consolid\u00e1ndose como el referente de un equipo joven y en plena progresi\u00f3n.<\/p>\n<p data-start=\"1322\" data-end=\"1697\">La confirmaci\u00f3n de la plantilla llega tras un exitoso 2025 para <strong>Fireballs GC<\/strong>, que termin\u00f3 tercero en la clasificaci\u00f3n general, su mejor resultado desde 2022, y encaden\u00f3 tres victorias consecutivas por equipos en <strong>Adelaida<\/strong>, <strong>Hong Kong<\/strong> y <strong>Singapur<\/strong>. El conjunto sum\u00f3 puntos en 11 de los 13 torneos disputados, una muestra de su notable regularidad a lo largo del calendario global.<\/p>\n<p data-start=\"1699\" data-end=\"2211\"><strong>David Puig<\/strong> regresa tras seguir ampliando una trayectoria ascendente desde su paso al profesionalismo y su llegada a <strong>LIV Golf<\/strong> en 2022. El barcelon\u00e9s ha logrado victorias internacionales en cada uno de los tres \u00faltimos a\u00f1os, incluida recientemente el <strong>Australian PGA Championship<\/strong>. En 2025 firm\u00f3 su primer top-24 y puntu\u00f3 en las 12 citas de la temporada regular, un logro que solo comparte con <strong>Jon Rahm<\/strong>, adem\u00e1s de sumar cuatro top 10 que confirman su condici\u00f3n de uno de los grandes talentos emergentes del circuito.<\/p>\n<p data-start=\"2213\" data-end=\"2518\"><strong>Josele Ballester<\/strong>, por su parte, irrumpi\u00f3 como una de las grandes revelaciones tras incorporarse a mitad de temporada en 2025. El ex campe\u00f3n del <strong>U.S. Amateur<\/strong>, de 22 a\u00f1os, logr\u00f3 su primer podio al disputar el playoff en <strong>LIV Golf Chicago<\/strong> y sell\u00f3 su primera victoria profesional en el <strong>PIF Saudi International<\/strong>.<\/p>\n<p data-start=\"2520\" data-end=\"2809\">Completa el cuarteto <strong>Luis<\/strong> <strong>Masaveu<\/strong>, que regresa a <strong>Fireballs GC<\/strong> despu\u00e9s de disputar ocho torneos en 2025 y contribuir a las tres victorias consecutivas del equipo. Con 23 a\u00f1os, el madrile\u00f1o aporta experiencia, conocimiento del entorno <strong>LIV<\/strong> y continuidad a un proyecto que mira al largo plazo.<\/p>\n<p data-start=\"2811\" data-end=\"3122\">\u00abEste a\u00f1o ha sido de un crecimiento real para m\u00ed, y gran parte se debe a aprender cada d\u00eda junto a <strong>Sergio<\/strong>\u00ab, destac\u00f3 <strong>Puig<\/strong>. \u00abSu experiencia, sus est\u00e1ndares y su forma de liderar me han ayudado a madurar muy r\u00e1pido. Ser parte de Fireballs ha acelerado mucho mi desarrollo y tengo muchas ganas de seguir creciendo\u00bb, finaliz\u00f3.\u00a0Con liderazgo consolidado y una base joven en plena ebullici\u00f3n, <strong>Fireballs GC<\/strong> se perfila como uno de los equipos a seguir en <strong>LIV Golf<\/strong> de cara a 2026.<\/p>\n","protected":false},"excerpt":{"rendered":"Sergio Garc\u00eda \u00a9 Montana Pritchard\/LIV Golf Fireballs GC ha confirmado su formaci\u00f3n para la temporada 2026 de LIV&hellip;\n","protected":false},"author":2,"featured_media":296628,"comment_status":"","ping_status":"","sticky":false,"template":"","format":"standard","meta":{"footnotes":""},"categories":[275],"tags":[7058,168,25,24,329,7059,968,40572,336,339,340,1909,1910,2625,23,167],"class_list":{"0":"post-296627","1":"post","2":"type-post","3":"status-publish","4":"format-standard","5":"has-post-thumbnail","7":"category-golf","8":"tag-david-puig","9":"tag-deportes","10":"tag-es","11":"tag-espana","12":"tag-golf","13":"tag-josele-ballester","14":"tag-liv-golf","15":"tag-luis-masaveu","16":"tag-notificacion","17":"tag-portada-america","18":"tag-portada-global","19":"tag-portada-top","20":"tag-portada-top-america","21":"tag-sergio-garcia","22":"tag-spain","23":"tag-sports"},"share_on_mastodon":{"url":"https:\/\/pubeurope.com\/@es\/115747923552877988","error":""},"_links":{"self":[{"href":"https:\/\/www.europesays.com\/es\/wp-json\/wp\/v2\/posts\/296627","targetHints":{"allow":["GET"]}}],"collection":[{"href":"https:\/\/www.europesays.com\/es\/wp-json\/wp\/v2\/posts"}],"about":[{"href":"https:\/\/www.europesays.com\/es\/wp-json\/wp\/v2\/types\/post"}],"author":[{"embeddable":true,"href":"https:\/\/www.europesays.com\/es\/wp-json\/wp\/v2\/users\/2"}],"replies":[{"embeddable":true,"href":"https:\/\/www.europesays.com\/es\/wp-json\/wp\/v2\/comments?post=296627"}],"version-history":[{"count":0,"href":"https:\/\/www.europesays.com\/es\/wp-json\/wp\/v2\/posts\/296627\/revisions"}],"wp:featuredmedia":[{"embeddable":true,"href":"https:\/\/www.europesays.com\/es\/wp-json\/wp\/v2\/media\/296628"}],"wp:attachment":[{"href":"https:\/\/www.europesays.com\/es\/wp-json\/wp\/v2\/media?parent=296627"}],"wp:term":[{"taxonomy":"category","embeddable":true,"href":"https:\/\/www.europesays.com\/es\/wp-json\/wp\/v2\/categories?post=296627"},{"taxonomy":"post_tag","embeddable":true,"href":"https:\/\/www.europesays.com\/es\/wp-json\/wp\/v2\/tags?post=296627"}],"curies":[{"name":"wp","href":"https:\/\/api.w.org\/{rel}","templated":true}]}}