{"id":296631,"date":"2025-12-19T19:39:13","date_gmt":"2025-12-19T19:39:13","guid":{"rendered":"https:\/\/www.europesays.com\/es\/296631\/"},"modified":"2025-12-19T19:39:13","modified_gmt":"2025-12-19T19:39:13","slug":"ayudare-a-ayuso-a-ganar-el-tour","status":"publish","type":"post","link":"https:\/\/www.europesays.com\/es\/296631\/","title":{"rendered":"Ayudar\u00e9 a Ayuso a ganar el Tour"},"content":{"rendered":"<p data-mrf-recirculation=\"Links P\u00e1rrafos\" class=\"ue-c-article__paragraph paragraph ue-c-article--first-letter-highlighted\">Lidl-Trek ha anunciado que <strong>Andy\u00a0Schleck <\/strong>se ha convertido en su nuevo\u00a0director general adjunto. El que fuera uno de los grandes rivales de <strong>Alberto Contador<\/strong> y ganador del <strong>Tour de Francia 2010<\/strong> pasa a ser uno de los jefes de J<strong>uan Ayuso<\/strong> en su nueva etapa como l\u00edder de la estructura alemana, en estrecha colaboraci\u00f3n con <strong>Luca Guercilena.<\/strong><\/p>\n<p data-mrf-recirculation=\"Links P\u00e1rrafos\" class=\"ue-c-article__paragraph paragraph\">El\u00a0luxemburgu\u00e9s ha concedido una entrevista a L&#8217;Equipe tras confirmarse su fichaje por <strong>Lidl-Trek<\/strong>. El titular es una clara declaraci\u00f3n de intenciones:\u00a0\u201cQuiero ayudar a <strong>Juan Ayuso<\/strong> a ganar el <strong>Tour de Francia<\/strong>\u201d.<\/p>\n<p>Luca Guercilena: \u201cAyuso era el corredor que nos faltaba para ser un equipo completo\u201dN. LABARGA (MARCA)<\/p>\n<p data-mrf-recirculation=\"Links P\u00e1rrafos\" class=\"ue-c-article__paragraph paragraph\">La apuesta de<strong> Lidl-Trek por Ayuso es total y Schleck<\/strong> tiene claro el camino a seguir: \u00abEspero aportarle mi experiencia. He vestido el maillot amarillo y s\u00e9 lo que es\u00a0tomar la salida con esa presi\u00f3n. Tenemos un objetivo claro y lo que necesitamos es definir el camino, tener un plan para conseguirlo\u201d.<\/p>\n<p>Camino definido para Ayuso<\/p>\n<p data-mrf-recirculation=\"Links P\u00e1rrafos\" class=\"ue-c-article__paragraph paragraph\"><strong>Juan Ayuso<\/strong> debutar\u00e1 con <strong>Lidl-Trek en la Volta al Algarve (18 al 22 de febrero), <\/strong>donde podr\u00eda reencontrarse con su viejo compa\u00f1ero Jo\u00e3o Almeida. Despu\u00e9s llegar\u00e1 la Par\u00eds-Niza, antesala de un bloque potente con la <strong>Itzulia \u2014que ya conquist\u00f3 en 2024\u2014 y el Tour Auvergne &#8211; Rh\u00f4ne-Alpes, heredero del Dauphin\u00e9.<\/strong><\/p>\n<p data-mrf-recirculation=\"Links P\u00e1rrafos\" class=\"ue-c-article__paragraph paragraph\">En el cap\u00edtulo de cl\u00e1sicas, <strong>Ayuso <\/strong>buscar\u00e1 redimirse en la <strong>Flecha Valona<\/strong> \u2014abandono en 2022 y 2024\u2014 y vivir\u00e1 su esperado debut en la<strong> Lieja-Basto\u00f1a-Lieja,<\/strong> el primer Monumento de su carrera.<\/p>\n<p data-mrf-recirculation=\"Links P\u00e1rrafos\" class=\"ue-c-article__paragraph paragraph\">A partir de ah\u00ed, todo girar\u00e1 en torno al <strong>Tour<\/strong>. El madrug\u00f3n franc\u00e9s marcar\u00e1 su temporada y, dependiendo del resultado, el corredor valorar\u00e1 si estira el curso con la<strong> Vuelta a Espa\u00f1a, las cl\u00e1sicas canadienses<\/strong> o un cierre de lujo en<strong> Il Lombardia. <\/strong>Un calendario exigente, de l\u00edder y con aroma a desaf\u00edo. <strong>Ayuso <\/strong>quiere que 2026 sea el a\u00f1o de su confirmaci\u00f3n definitiva.<\/p>\n","protected":false},"excerpt":{"rendered":"Lidl-Trek ha anunciado que Andy\u00a0Schleck se ha convertido en su nuevo\u00a0director general adjunto. El que fuera uno de&hellip;\n","protected":false},"author":2,"featured_media":296632,"comment_status":"","ping_status":"","sticky":false,"template":"","format":"standard","meta":{"footnotes":""},"categories":[273],"tags":[313,312,168,25,24,23,167],"class_list":{"0":"post-296631","1":"post","2":"type-post","3":"status-publish","4":"format-standard","5":"has-post-thumbnail","7":"category-ciclismo","8":"tag-ciclismo","9":"tag-cycling","10":"tag-deportes","11":"tag-es","12":"tag-espana","13":"tag-spain","14":"tag-sports"},"share_on_mastodon":{"url":"https:\/\/pubeurope.com\/@es\/115747930940587973","error":""},"_links":{"self":[{"href":"https:\/\/www.europesays.com\/es\/wp-json\/wp\/v2\/posts\/296631","targetHints":{"allow":["GET"]}}],"collection":[{"href":"https:\/\/www.europesays.com\/es\/wp-json\/wp\/v2\/posts"}],"about":[{"href":"https:\/\/www.europesays.com\/es\/wp-json\/wp\/v2\/types\/post"}],"author":[{"embeddable":true,"href":"https:\/\/www.europesays.com\/es\/wp-json\/wp\/v2\/users\/2"}],"replies":[{"embeddable":true,"href":"https:\/\/www.europesays.com\/es\/wp-json\/wp\/v2\/comments?post=296631"}],"version-history":[{"count":0,"href":"https:\/\/www.europesays.com\/es\/wp-json\/wp\/v2\/posts\/296631\/revisions"}],"wp:featuredmedia":[{"embeddable":true,"href":"https:\/\/www.europesays.com\/es\/wp-json\/wp\/v2\/media\/296632"}],"wp:attachment":[{"href":"https:\/\/www.europesays.com\/es\/wp-json\/wp\/v2\/media?parent=296631"}],"wp:term":[{"taxonomy":"category","embeddable":true,"href":"https:\/\/www.europesays.com\/es\/wp-json\/wp\/v2\/categories?post=296631"},{"taxonomy":"post_tag","embeddable":true,"href":"https:\/\/www.europesays.com\/es\/wp-json\/wp\/v2\/tags?post=296631"}],"curies":[{"name":"wp","href":"https:\/\/api.w.org\/{rel}","templated":true}]}}