{"id":296638,"date":"2025-12-19T19:44:15","date_gmt":"2025-12-19T19:44:15","guid":{"rendered":"https:\/\/www.europesays.com\/es\/296638\/"},"modified":"2025-12-19T19:44:15","modified_gmt":"2025-12-19T19:44:15","slug":"una-pareja-vuelve-a-su-ciudad-tras-anos-viviendo-en-el-extranjero-para-crear-una-casa-moderna-que-busca-el-bienestar-el-entorno-influye-en-nuestro-equilibrio-cada-detalle-cuenta","status":"publish","type":"post","link":"https:\/\/www.europesays.com\/es\/296638\/","title":{"rendered":"Una pareja vuelve a su ciudad tras a\u00f1os viviendo en el extranjero para crear una casa moderna que busca el bienestar: \u201cEl entorno influye en nuestro equilibrio, cada detalle cuenta\u201d"},"content":{"rendered":"<p><img decoding=\"async\" alt=\"Sal\u00f3n con chaise longue blanca alfombra azul y perrito\" loading=\"lazy\" class=\"ResponsiveImageContainer-eNxvmU cfBbTk responsive-image__image\"   src=\"https:\/\/www.europesays.com\/es\/wp-content\/uploads\/2025\/12\/1766173453_312_30%20I%20Casa%20Scarpato%20I%20Milano%20I%202025%20I%20%C2%A9CarloOriente2025.jpg\"\/><\/p>\n<p>En primer plano, Oscar, la mascota de la pareja.<\/p>\n<p>\u00a9 Carlo Oriente<strong>La calidez del parqu\u00e9 y la luz, definen los espacios<\/strong><\/p>\n<p><strong>El coraz\u00f3n est\u00e9tico del proyecto cobra vida a partir de un moodboard material desarrollado en estrecha colaboraci\u00f3n con los propietarios: superficies naturales, <a href=\"https:\/\/www.revistaad.es\/galerias\/minimalismo-calido-xarquitectos-valencia\" rel=\"nofollow noopener\" target=\"_blank\">colores c\u00e1lidos<\/a> y luminosos, detalles artesanales delimitan las estancias y crean continuidad visual.<\/strong> En el centro de todo, la verdadera estrella es el <strong>parqu\u00e9 de nogal<\/strong> <strong>americano<\/strong>, un dise\u00f1o original concebido por la propia Roberta. \u00abQuer\u00eda que el suelo contara una historia\u00bb, explica. \u00abUn elemento que conectara todas las habitaciones, como un tejido que une los cap\u00edtulos de nuestras vidas\u00bb. La geometr\u00eda concebida -un di\u00e1logo entre los cuadrados cl\u00e1sicos y el dinamismo del espino franc\u00e9s contempor\u00e1neo- se despliega con fluidez, componiendo una especie de alfombra tridimensional que gu\u00eda la mirada.<\/p>\n<p>En el <strong>sal\u00f3n<\/strong>, este lenguaje material dialoga con techos decorados con <strong>estucos restaurados<\/strong>, sobria carpinter\u00eda y esculturales asientos de cuero. Las paredes acogen obras de <a href=\"https:\/\/www.revistaad.es\/articulos\/entre-arte-contemporaneo-clasicos-del-diseno-e-historia-asi-vive-el-arquitecto-luca-bombassei-en-su-nuevo-hogar-veneciano\" rel=\"nofollow noopener\" target=\"_blank\">arte contempor\u00e1neo<\/a> que dan ritmo al espacio, mientras que una <strong>colecci\u00f3n de discos de vinilo<\/strong> se convierte en el hilo conductor emocional de la vivienda: para la pareja, cada escucha es una peque\u00f1a \u00abm\u00e1quina del tiempo\u00bb, una forma de revivir recuerdos y momentos especiales, entrelazando m\u00fasica y memoria en un di\u00e1logo constante entre pasado y presente.<\/p>\n<p><img decoding=\"async\" alt=\"Sof blanco en sal\u00f3n con arcos y arte azul\" loading=\"lazy\" class=\"ResponsiveImageContainer-eNxvmU cfBbTk responsive-image__image\"   src=\"https:\/\/www.europesays.com\/es\/wp-content\/uploads\/2025\/12\/34%20I%20Casa%20Scarpato%20I%20Milano%20I%202025%20I%20%C2%A9CarloOriente2025.jpg\"\/><\/p>\n<p>En el sal\u00f3n, el sof\u00e1 Standard de Francesco Binfar\u00e9 para Edra dialoga con las obras de la serie Liquid Project Site Specific de Nicolas Denino, que animan la pared. En el centro, la mesa de centro Ilary de madera de Poltrona Frau.<\/p>\n<p>\u00a9 Carlo Oriente<img decoding=\"async\" alt=\"Estancia con vistas a un sal\u00f3n blanco\" loading=\"lazy\" class=\"ResponsiveImageContainer-eNxvmU cfBbTk responsive-image__image\"   src=\"https:\/\/www.europesays.com\/es\/wp-content\/uploads\/2025\/12\/27%20I%20Casa%20Scarpato%20I%20Milano%20I%202025%20I%20%C2%A9CarloOriente2025.jpg\"\/><\/p>\n<p>Detr\u00e1s del revestimiento de m\u00e1rmol Crema d&#8217;Orcia de Salvatori (en primer plano), se vislumbra el sill\u00f3n Chiara de Edra.<\/p>\n<p>\u00a9 Carlo Oriente<img decoding=\"async\" alt=\"Detalle de sal\u00f3n blanco con arte azul\" loading=\"lazy\" class=\"ResponsiveImageContainer-eNxvmU cfBbTk responsive-image__image\"   src=\"https:\/\/www.europesays.com\/es\/wp-content\/uploads\/2025\/12\/32%20I%20Casa%20Scarpato%20I%20Milano%20I%202025%20I%20%C2%A9CarloOriente2025.jpg\"\/><\/p>\n<p>El sof\u00e1 Standard de Francesco Binfar\u00e9 para Edra y las obras de la serie Liquid Project Site Specific de Nicolas Denino.<\/p>\n<p>\u00a9 Carlo Oriente<strong>Todo pensado para celebraciones y eventos<\/strong><\/p>\n<p>Las <strong>ventanas de suelo a techo<\/strong>, veladas por cortinas ligeras, filtran una luz suave y difusa que envuelve el sal\u00f3n en una atm\u00f3sfera c\u00e1lida. <strong>Esta luminosidad natural tambi\u00e9n recorre delicadamente la zona de la <a href=\"https:\/\/www.revistaad.es\/galerias\/estudios-ad100-cocinas-2026\" rel=\"nofollow noopener\" target=\"_blank\">cocina<\/a>, dise\u00f1ada por Boffi, transform\u00e1ndola en el verdadero coraz\u00f3n de la casa. La isla central, con su placa de inducci\u00f3n invisible y su fregadero integrado,<\/strong> casi parece flotar en la luz, convirti\u00e9ndose naturalmente en el punto de encuentro de los d\u00edas de Marco y Roberta.<\/p>\n<p>Detr\u00e1s de la isla, <strong>unas columnas empotradas<\/strong> ocultan un peque\u00f1o bar privado, pensado para desayunos sin prisas e incluso para c\u00f3cteles improvisados cuando llegan amigos: un detalle discreto, pero elocuente de su forma de vivir la casa como espacio de socializaci\u00f3n y placer cotidiano. Y cuando este hogar cobra vida realmente, durante cenas o eventos, una <strong>segunda <a href=\"https:\/\/www.revistaad.es\/espacios\/cocinas\/galerias\/por-que-tener-cocina-cuando-caben-dos\/13776\" rel=\"nofollow noopener\" target=\"_blank\">cocina de servicio<\/a><\/strong>, silenciosa y oculta a la vista, entra en escena, garantizando eficacia y funcionalidad sin interrumpir el refinamiento y la elegancia de la estancia principal.<\/p>\n","protected":false},"excerpt":{"rendered":"En primer plano, Oscar, la mascota de la pareja. \u00a9 Carlo OrienteLa calidez del parqu\u00e9 y la luz,&hellip;\n","protected":false},"author":2,"featured_media":296639,"comment_status":"","ping_status":"","sticky":false,"template":"","format":"standard","meta":{"footnotes":""},"categories":[173],"tags":[229,233,231,230,1530,232,234,146,147,25,24,23],"class_list":{"0":"post-296638","1":"post","2":"type-post","3":"status-publish","4":"format-standard","5":"has-post-thumbnail","7":"category-arte-y-diseno","8":"tag-arte","9":"tag-arte-y-diseno","10":"tag-arts","11":"tag-arts-and-design","12":"tag-casas-ad","13":"tag-design","14":"tag-diseno","15":"tag-entertainment","16":"tag-entretenimiento","17":"tag-es","18":"tag-espana","19":"tag-spain"},"share_on_mastodon":{"url":"https:\/\/pubeurope.com\/@es\/115747951386197959","error":""},"_links":{"self":[{"href":"https:\/\/www.europesays.com\/es\/wp-json\/wp\/v2\/posts\/296638","targetHints":{"allow":["GET"]}}],"collection":[{"href":"https:\/\/www.europesays.com\/es\/wp-json\/wp\/v2\/posts"}],"about":[{"href":"https:\/\/www.europesays.com\/es\/wp-json\/wp\/v2\/types\/post"}],"author":[{"embeddable":true,"href":"https:\/\/www.europesays.com\/es\/wp-json\/wp\/v2\/users\/2"}],"replies":[{"embeddable":true,"href":"https:\/\/www.europesays.com\/es\/wp-json\/wp\/v2\/comments?post=296638"}],"version-history":[{"count":0,"href":"https:\/\/www.europesays.com\/es\/wp-json\/wp\/v2\/posts\/296638\/revisions"}],"wp:featuredmedia":[{"embeddable":true,"href":"https:\/\/www.europesays.com\/es\/wp-json\/wp\/v2\/media\/296639"}],"wp:attachment":[{"href":"https:\/\/www.europesays.com\/es\/wp-json\/wp\/v2\/media?parent=296638"}],"wp:term":[{"taxonomy":"category","embeddable":true,"href":"https:\/\/www.europesays.com\/es\/wp-json\/wp\/v2\/categories?post=296638"},{"taxonomy":"post_tag","embeddable":true,"href":"https:\/\/www.europesays.com\/es\/wp-json\/wp\/v2\/tags?post=296638"}],"curies":[{"name":"wp","href":"https:\/\/api.w.org\/{rel}","templated":true}]}}