{"id":296640,"date":"2025-12-19T19:46:11","date_gmt":"2025-12-19T19:46:11","guid":{"rendered":"https:\/\/www.europesays.com\/es\/296640\/"},"modified":"2025-12-19T19:46:11","modified_gmt":"2025-12-19T19:46:11","slug":"no-puede-hacer-ese-desprecio","status":"publish","type":"post","link":"https:\/\/www.europesays.com\/es\/296640\/","title":{"rendered":"No puede hacer ese desprecio"},"content":{"rendered":"<p class=\"c-paragraph\">Dias despu\u00e9s de que <a href=\"https:\/\/www.20minutos.es\/tags\/personas\/olga-moreno.html\" title=\"Olga Moreno\" rel=\"nofollow noopener\" target=\"_blank\">Olga Moreno<\/a> rompiese en llanto en el directo\u00a0El tiempo Justo,\u00a0el programa dio paso a una cadena de comentarios e interpretaciones sobre las razones de su notorio abatimiento, con especial insistencia en <b>una supuesta ruptura sentimental con Agust\u00edn Etienne<\/b>.<\/p>\n<p class=\"c-paragraph\">Estas conjeturas no han sido bien recibidas por la colaboradora, quien opt\u00f3 por responder de manera indirecta a trav\u00e9s de sus redes sociales. Moreno <b>reposte\u00f3 en su perfil de Instagram una historia publicada por su pareja<\/b>, en la que se lanzaba un inequ\u00edvoco mensaje hacia quienes, desde el plat\u00f3, debat\u00edan sobre su vida privada.<\/p>\n<p class=\"c-paragraph\">\u00ab\u00a1Aprovecho este momento de tranquilidad para daros las gracias por todos los mensajes de apoyo despu\u00e9s de lo de ayer! La diferencia entre nosotros, es que ellos ayer estaban sentados hablando de mi vida, y <b>ellos en la m\u00eda son un cero a la izquierda<\/b>. No necesito y me alegro de no ser como ellos\u00bb, dec\u00eda el texto.<\/p>\n<p class=\"c-paragraph\">El espacio no tard\u00f3 en hacerse eco de la publicaci\u00f3n, generando nuevas reacciones entre sus colaboradores. Leticia Requejo aclar\u00f3 que no se daba por aludida por la expresi\u00f3n \u00abun cero a la izquierda\u00bb, aunque quiso recordar el contexto medi\u00e1tico en el que se mueve Moreno:\u00a0\u00abQue no se olvide que en parte la conocemos por estar hablando de su vida. Creo que hay formas de contestar y ella est\u00e1 en todo su derecho de hacerlo, pero <b>tiene que saber d\u00f3nde est\u00e1 jugando<\/b>. Y esto es parte del juego. No siempre alguien opina o piensa como t\u00fa\u00bb.<\/p>\n<p class=\"c-paragraph\"><a href=\"https:\/\/www.20minutos.es\/tags\/personas\/marta-lopez.html\" title=\"Marta L\u00f3pez\" rel=\"nofollow noopener\" target=\"_blank\">Marta L\u00f3pez<\/a>, amiga de Olga Moreno, tambi\u00e9n se pronunci\u00f3 y <b>reconoci\u00f3 no entender su actitud<\/b>, pese al cari\u00f1o que le profesa. \u00abNo puede hacer ese desprecio\u00bb, afirm\u00f3 para a\u00f1adir: \u00abCreo que se ha equivocado\u00bb. Adem\u00e1s, se\u00f1al\u00f3 que \u00abtampoco se puede meter en el saco a todo el mundo\u00bb y le aconsej\u00f3 una postura m\u00e1s directa: \u00abQue d\u00e9 la cara, que se siente y que conteste cara a cara\u00bb.<\/p>\n<p class=\"c-paragraph\"><a href=\"https:\/\/www.20minutos.es\/tags\/personas\/belen-rodriguez.html\" title=\"Bel\u00e9n Rodr\u00edguez\" rel=\"nofollow noopener\" target=\"_blank\">Bel\u00e9n Rodr\u00edguez<\/a>, por su parte, ofreci\u00f3 una lectura diferente al apuntar que la situaci\u00f3n podr\u00eda responder a una\u00a0<b><b>consciente<\/b><\/b>\u00a0<b>b\u00fasqueda de controversia<\/b>. \u00abQuiere pol\u00e9mica\u00bb, sostuvo, aunque matiz\u00f3 inmediatamente: \u00ab\u00bfPor qu\u00e9? No lo sabemos\u00bb.<\/p>\n","protected":false},"excerpt":{"rendered":"Dias despu\u00e9s de que Olga Moreno rompiese en llanto en el directo\u00a0El tiempo Justo,\u00a0el programa dio paso a&hellip;\n","protected":false},"author":2,"featured_media":296641,"comment_status":"","ping_status":"","sticky":false,"template":"","format":"standard","meta":{"footnotes":""},"categories":[171],"tags":[146,147,25,24,13004,1712,12690,1259,23,159,214],"class_list":{"0":"post-296640","1":"post","2":"type-post","3":"status-publish","4":"format-standard","5":"has-post-thumbnail","7":"category-tv","8":"tag-entertainment","9":"tag-entretenimiento","10":"tag-es","11":"tag-espana","12":"tag-justo","13":"tag-moreno","14":"tag-olga","15":"tag-responde","16":"tag-spain","17":"tag-tiempo","18":"tag-tv"},"share_on_mastodon":{"url":"","error":""},"_links":{"self":[{"href":"https:\/\/www.europesays.com\/es\/wp-json\/wp\/v2\/posts\/296640","targetHints":{"allow":["GET"]}}],"collection":[{"href":"https:\/\/www.europesays.com\/es\/wp-json\/wp\/v2\/posts"}],"about":[{"href":"https:\/\/www.europesays.com\/es\/wp-json\/wp\/v2\/types\/post"}],"author":[{"embeddable":true,"href":"https:\/\/www.europesays.com\/es\/wp-json\/wp\/v2\/users\/2"}],"replies":[{"embeddable":true,"href":"https:\/\/www.europesays.com\/es\/wp-json\/wp\/v2\/comments?post=296640"}],"version-history":[{"count":0,"href":"https:\/\/www.europesays.com\/es\/wp-json\/wp\/v2\/posts\/296640\/revisions"}],"wp:featuredmedia":[{"embeddable":true,"href":"https:\/\/www.europesays.com\/es\/wp-json\/wp\/v2\/media\/296641"}],"wp:attachment":[{"href":"https:\/\/www.europesays.com\/es\/wp-json\/wp\/v2\/media?parent=296640"}],"wp:term":[{"taxonomy":"category","embeddable":true,"href":"https:\/\/www.europesays.com\/es\/wp-json\/wp\/v2\/categories?post=296640"},{"taxonomy":"post_tag","embeddable":true,"href":"https:\/\/www.europesays.com\/es\/wp-json\/wp\/v2\/tags?post=296640"}],"curies":[{"name":"wp","href":"https:\/\/api.w.org\/{rel}","templated":true}]}}