{"id":296654,"date":"2025-12-19T19:53:10","date_gmt":"2025-12-19T19:53:10","guid":{"rendered":"https:\/\/www.europesays.com\/es\/296654\/"},"modified":"2025-12-19T19:53:10","modified_gmt":"2025-12-19T19:53:10","slug":"la-asociacion-molino-de-fuego-celebra-la-navidad-con-una-merienda","status":"publish","type":"post","link":"https:\/\/www.europesays.com\/es\/296654\/","title":{"rendered":"La asociaci\u00f3n \u201cMolino de Fuego\u201d celebra la Navidad con una merienda"},"content":{"rendered":"<p>Cerca de un centenar y medio de mujeres de la Asociaci\u00f3n de Mujeres \u201cMolino de Fuego\u201d se han reunido en la tarde de este viernes en una merienda para celebrar la Navidad. Las asistentes han disfrutado de un chocolate caliente y dulces t\u00edpicos de estas fechas, entre ellos, pesti\u00f1os y roscos, y adem\u00e1s, cada una de ellas, han recibido un peque\u00f1o regalo, una planta, y han participado en un sorteo de varios regalos.<\/p>\n<p>Entre los asistentes se encontraba el teniente alcalde de la zona, Juan Serv\u00e1n y el edil Alfonso Valdivia.<\/p>\n<p>Serv\u00e1n ha se\u00f1alado que se trata de una merienda tradicional en estas fechas de la Asociaci\u00f3n de Mujeres Molino de Fuego, \u201ces el momento para compartir un ratito de convivencia entre ellas, un encuentro cuyo principal motivo es disfrutar, organizado por esta asociaci\u00f3n de mujeres tan activa en la Estaci\u00f3n de San Roque, que participa y promueve numerosas actividades a lo largo de todo el a\u00f1o\u201d.<\/p>\n<p>Por su parte, Valdivia ha destacado que \u201cel ambiente es fant\u00e1stico como todos los a\u00f1os, como todo lo que organizan a lo largo del a\u00f1o estas mujeres, es un \u00e9xito. El sitio donde se celebra, el antiguo local de la estaci\u00f3n de trenes, constituye un lugar con mucho encanto y supone la guinda a este rato de convivencia que estamos pasando\u201d.<\/p>\n<p>La presidenta de la Asociaci\u00f3n de Mujeres \u201cMolino de Fuego\u201d, Amparo Ortiz, ha resaltado que \u201ccomo todos los a\u00f1os hemos organizado esta merienda con chocolate caliente y dulces de Navidad. Antes los hac\u00edamos nosotras pero, en la actualidad, con tanta asistencia nos resulta imposible as\u00ed que los compramos a una confiter\u00eda de la Estaci\u00f3n. Despu\u00e9s de la merienda realizamos un sorteo de regalitos.\u201d<\/p>\n","protected":false},"excerpt":{"rendered":"Cerca de un centenar y medio de mujeres de la Asociaci\u00f3n de Mujeres \u201cMolino de Fuego\u201d se han&hellip;\n","protected":false},"author":2,"featured_media":296655,"comment_status":"","ping_status":"","sticky":false,"template":"","format":"standard","meta":{"footnotes":""},"categories":[80],"tags":[1250,82,2193,2191,95,94,25,24,2190,2186,2189,2185,2187,23,2192,2188],"class_list":{"0":"post-296654","1":"post","2":"type-post","3":"status-publish","4":"format-standard","5":"has-post-thumbnail","7":"category-economia","8":"tag-ayuntamiento","9":"tag-business","10":"tag-cadiz","11":"tag-campamento","12":"tag-economia","13":"tag-economy","14":"tag-es","15":"tag-espana","16":"tag-guadiaro","17":"tag-roque","18":"tag-san-enrique","19":"tag-san-roque","20":"tag-soto-grande","21":"tag-spain","22":"tag-taraguilla","23":"tag-torreguadiaro"},"share_on_mastodon":{"url":"https:\/\/pubeurope.com\/@es\/115747986257708954","error":""},"_links":{"self":[{"href":"https:\/\/www.europesays.com\/es\/wp-json\/wp\/v2\/posts\/296654","targetHints":{"allow":["GET"]}}],"collection":[{"href":"https:\/\/www.europesays.com\/es\/wp-json\/wp\/v2\/posts"}],"about":[{"href":"https:\/\/www.europesays.com\/es\/wp-json\/wp\/v2\/types\/post"}],"author":[{"embeddable":true,"href":"https:\/\/www.europesays.com\/es\/wp-json\/wp\/v2\/users\/2"}],"replies":[{"embeddable":true,"href":"https:\/\/www.europesays.com\/es\/wp-json\/wp\/v2\/comments?post=296654"}],"version-history":[{"count":0,"href":"https:\/\/www.europesays.com\/es\/wp-json\/wp\/v2\/posts\/296654\/revisions"}],"wp:featuredmedia":[{"embeddable":true,"href":"https:\/\/www.europesays.com\/es\/wp-json\/wp\/v2\/media\/296655"}],"wp:attachment":[{"href":"https:\/\/www.europesays.com\/es\/wp-json\/wp\/v2\/media?parent=296654"}],"wp:term":[{"taxonomy":"category","embeddable":true,"href":"https:\/\/www.europesays.com\/es\/wp-json\/wp\/v2\/categories?post=296654"},{"taxonomy":"post_tag","embeddable":true,"href":"https:\/\/www.europesays.com\/es\/wp-json\/wp\/v2\/tags?post=296654"}],"curies":[{"name":"wp","href":"https:\/\/api.w.org\/{rel}","templated":true}]}}