{"id":296656,"date":"2025-12-19T19:54:20","date_gmt":"2025-12-19T19:54:20","guid":{"rendered":"https:\/\/www.europesays.com\/es\/296656\/"},"modified":"2025-12-19T19:54:20","modified_gmt":"2025-12-19T19:54:20","slug":"premios-nansen-2025-eacnur","status":"publish","type":"post","link":"https:\/\/www.europesays.com\/es\/296656\/","title":{"rendered":"Premios Nansen 2025| eAcnur"},"content":{"rendered":"<p>Adem\u00e1s del laureado global, los Premios Nansen 2025, destacan la labor de tres personas y una organizaci\u00f3n en la categor\u00eda de regionales. <\/p>\n<p><strong>Pablo Moreno Cadena (Am\u00e9ricas)<\/strong><\/p>\n<p>Pablo Moreno es un alto ejecutivo de MABE, una empresa mexicana de electrodom\u00e9sticos en M\u00e9xico, ha liderado la iniciativa de la compa\u00f1\u00eda para contratar a <strong>personas refugiadas de Honduras, El Salvador y Guatemala.<\/strong> No solo les ofrece la oportunidad de cambiar sus vidas, sino que tambi\u00e9n las integra en la comunidad laboral y les brinda la posibilidad de crecer profesionalmente, teniendo acceso a protecciones sociales tanto para ellas como para sus familias. Una iniciativa que ha enriquecido a la empresa y a las comunidades que las acogen.<\/p>\n<p><img loading=\"lazy\" decoding=\"async\" src=\"https:\/\/www.europesays.com\/es\/wp-content\/uploads\/2025\/12\/Pablo_Moreno_Nansen.jpg\" width=\"1500\" height=\"1000\"\/>Pablo Moreno junto a Mar\u00eda, una refugiada de El Salvador. Foto: \u00a9 ACNUR\/Jeoffrey Guillemard.<strong>Proliska (Europa)<\/strong><\/p>\n<p><strong>Proliska <\/strong>es una<strong> <\/strong>organizaci\u00f3n humanitaria de <a href=\"https:\/\/eacnur.org\/node\/3981\/\" rel=\"nofollow noopener\" target=\"_blank\"><strong>Ucrania<\/strong><\/a> fundada en 2006 que ha brindado asistencia vital a m\u00e1s de 3,2 millones de personas. Trabajan 24 horas al d\u00eda para ofrecer asistencia y protecci\u00f3n a las personas atrapadas en la guerra. En muchas ocasiones, son los primeros en responder tras los bombardeos, protegiendo a los m\u00e1s vulnerables. Adem\u00e1s de evacuar a las personas en primera l\u00ednea del frente, brindan apoyo a las desplazadas en centros de tr\u00e1nsito, as\u00ed como suministros de agua, alimentos, atenci\u00f3n m\u00e9dica y apoyo psicosocial, entre otros.<\/p>\n<p><img loading=\"lazy\" decoding=\"async\" src=\"https:\/\/www.europesays.com\/es\/wp-content\/uploads\/2025\/12\/Proliska_Nansen.jpg\" width=\"1500\" height=\"1000\"\/>Una psic\u00f3loga de la organizaci\u00f3n hablando con una desplazada por la guerra. Foto: \u00a9 ACNUR\/Nikola Ivanovski. <strong>Taban Shoresh (Oriente Medio y Norte de \u00c1frica<\/strong>)<\/p>\n<p>Taban Shoresh es una trabajadora humanitaria, activista por los derechos de las mujeres y superviviente del genocidio de la regi\u00f3n del Kurdist\u00e1n iraqu\u00ed, fund\u00f3 The Lotus Flower. Una organizaci\u00f3n dirigida por mujeres que apoya a mujeres y ni\u00f1as iraqu\u00edes afectadas por el conflicto y el desplazamiento. Desde esta organizaci\u00f3n local han ayudado a m\u00e1s de 100.000 personas (muchas supervivientes de torturas, violaci\u00f3n, trata y esclavitud) a trav\u00e9s de la educaci\u00f3n, el deporte y oportunidades de medios de vida.<\/p>\n<p><img loading=\"lazy\" decoding=\"async\" src=\"https:\/\/www.europesays.com\/es\/wp-content\/uploads\/2025\/12\/Taban_Shoresh_Nansen.jpg\" width=\"1500\" height=\"844\"\/>Foto \u00a9 ACNUR\/David Alexander <strong>Negara Nazari (Asia-Pac\u00edfico)<\/strong><\/p>\n<p>Lleg\u00f3 a Tayikist\u00e1n en 2012 como refugiada de <a href=\"https:\/\/eacnur.org\/node\/3308\/\" rel=\"nofollow noopener\" target=\"_blank\"><strong>Afganist\u00e1n<\/strong><\/a> y se licenci\u00f3 en Econom\u00eda con el apoyo de una beca DAFI de ACNUR. Cre\u00f3 el Centro de Aprendizaje Ariana, una escuela para que ni\u00f1os afganos y locales tengan acceso a la educaci\u00f3n. Empezaron con 20 alumnos y ahora son m\u00e1s de 1.200, que pagan lo que pueden. Tambi\u00e9n ofrecen orientaci\u00f3n psicol\u00f3gica y programas de liderazgo y gesti\u00f3n para mujeres refugiadas afganas.<\/p>\n<p><img loading=\"lazy\" decoding=\"async\" src=\"https:\/\/www.europesays.com\/es\/wp-content\/uploads\/2025\/12\/Ariana_Learning_Centre.jpg\" width=\"1500\" height=\"1000\"\/>Foto: \u00a9 ACNUR\/Elyor Nemat.<\/p>\n<p>En un mundo marcado por conflictos y desplazamientos, los Premios Nansen nos muestran a personas y organizaciones que son faros de esperanza que iluminan el camino hacia una humanidad m\u00e1s justa y solidaria. Porque cuando elegimos abrir <\/p>\n","protected":false},"excerpt":{"rendered":"Adem\u00e1s del laureado global, los Premios Nansen 2025, destacan la labor de tres personas y una organizaci\u00f3n en&hellip;\n","protected":false},"author":2,"featured_media":296657,"comment_status":"","ping_status":"","sticky":false,"template":"","format":"standard","meta":{"footnotes":""},"categories":[42],"tags":[70681,17,18,13,14,11,61,62,63,64,19,20,70682,9,10,15,16,70684,70683,70680,12,21,22,65,66,67],"class_list":{"0":"post-296656","1":"post","2":"type-post","3":"status-publish","4":"format-standard","5":"has-post-thumbnail","7":"category-internacional","8":"tag-acnur","9":"tag-breaking-news","10":"tag-breakingnews","11":"tag-featured-news","12":"tag-featurednews","13":"tag-headlines","14":"tag-internacional","15":"tag-international","16":"tag-international-news","17":"tag-internationalnews","18":"tag-latest-news","19":"tag-latestnews","20":"tag-nansen","21":"tag-news","22":"tag-noticias","23":"tag-noticias-destacadas","24":"tag-noticiasdestacadas","25":"tag-personas-refugiadas","26":"tag-premiados-nansen","27":"tag-premios-nansen-de-acnur","28":"tag-titulares","29":"tag-ultimas-noticias","30":"tag-ultimasnoticias","31":"tag-world","32":"tag-world-news","33":"tag-worldnews"},"share_on_mastodon":{"url":"https:\/\/pubeurope.com\/@es\/115747990673928439","error":""},"_links":{"self":[{"href":"https:\/\/www.europesays.com\/es\/wp-json\/wp\/v2\/posts\/296656","targetHints":{"allow":["GET"]}}],"collection":[{"href":"https:\/\/www.europesays.com\/es\/wp-json\/wp\/v2\/posts"}],"about":[{"href":"https:\/\/www.europesays.com\/es\/wp-json\/wp\/v2\/types\/post"}],"author":[{"embeddable":true,"href":"https:\/\/www.europesays.com\/es\/wp-json\/wp\/v2\/users\/2"}],"replies":[{"embeddable":true,"href":"https:\/\/www.europesays.com\/es\/wp-json\/wp\/v2\/comments?post=296656"}],"version-history":[{"count":0,"href":"https:\/\/www.europesays.com\/es\/wp-json\/wp\/v2\/posts\/296656\/revisions"}],"wp:featuredmedia":[{"embeddable":true,"href":"https:\/\/www.europesays.com\/es\/wp-json\/wp\/v2\/media\/296657"}],"wp:attachment":[{"href":"https:\/\/www.europesays.com\/es\/wp-json\/wp\/v2\/media?parent=296656"}],"wp:term":[{"taxonomy":"category","embeddable":true,"href":"https:\/\/www.europesays.com\/es\/wp-json\/wp\/v2\/categories?post=296656"},{"taxonomy":"post_tag","embeddable":true,"href":"https:\/\/www.europesays.com\/es\/wp-json\/wp\/v2\/tags?post=296656"}],"curies":[{"name":"wp","href":"https:\/\/api.w.org\/{rel}","templated":true}]}}