{"id":296662,"date":"2025-12-19T20:00:11","date_gmt":"2025-12-19T20:00:11","guid":{"rendered":"https:\/\/www.europesays.com\/es\/296662\/"},"modified":"2025-12-19T20:00:11","modified_gmt":"2025-12-19T20:00:11","slug":"sergio-garcia-renueva-para-formar-una-seleccion-espanola-en-el-liv","status":"publish","type":"post","link":"https:\/\/www.europesays.com\/es\/296662\/","title":{"rendered":"Sergio Garc\u00eda renueva para formar una selecci\u00f3n espa\u00f1ola en el LIV"},"content":{"rendered":"<p class=\"\">Por primera vez en su corta historia, el <a href=\"https:\/\/as.com\/masdeporte\/golf\/\" target=\"_self\" rel=\"nofollow noopener\" title=\"https:\/\/as.com\/masdeporte\/golf\/\">LIV<\/a>, <b>la superliga de golf que financia el Fondo P\u00fablico de Inversi\u00f3n saud\u00ed (PIF), tendr\u00e1 un equipo \u00edntegramente espa\u00f1ol<\/b>. Ser\u00e1n los <b>Fireballs<\/b> de Sergio Garc\u00eda, una vez hecho oficial este viernes el movimiento por el que recuperan a Luis Masaveu, joven talento que fue sustituido a mediados de la anterior temporada por Josele Ballester, cuando el castellonense, otro diamante en bruto y adem\u00e1s moldeado por Garc\u00eda, capit\u00e1n de la franquicia, dio el salto al profesionalismo. <\/p>\n<p class=\"\"><b>El hueco que ocupar\u00e1 ahora Masaveu lo deja libre el mexicano Abraham Ancer<\/b>, que se une a los Torque para conformar un plantel 100% latinoamericano junto al colombiano Sebasti\u00e1n Mu\u00f1oz, su compatriota Carlos Ortiz y el chileno Joaqu\u00edn Niemann, una de las grandes estrellas del circuito. <\/p>\n<p class=\"\">La maniobra encaja bien con el que parece que es el rumbo natural del LIV, <b>equipos que representen pa\u00edses o \u00e1reas geogr\u00e1ficas espec\u00edficas<\/b>, que puedan generar una comunidad de seguidores por afiliaci\u00f3n nacional. Casi como una liga de selecciones. Hay m\u00e1s ejemplos, como los Stinger, completamente sudafricanos; los Ripper, formados solo por jugadores australianos, los Hyflyers, todos estadounidenses, o los Iron Heads, con un claro influjo asi\u00e1tico. <\/p>\n<p class=\"\">La alineaci\u00f3n de los Fireballs queda ahora b\u00e1sicamente como<b> una representaci\u00f3n de casi todos los grandes j\u00f3venes proyectos del golf espa\u00f1ol<\/b>, tutelados por un Sergio Garc\u00eda que ha firmado una extensi\u00f3n multianual. El que tiene m\u00e1s por demostrar a\u00fan es Masaveu, que no termin\u00f3 de cuajar a nivel de resultados en su primera etapa, pero ha protagonizado un brillante periplo amateur igual que el citado <b>Ballester y David Puig, m\u00e1s hechos y con victorias a su nombre en la esfera profesional.<\/b> <\/p>\n<p class=\"\">Por otro lado, l<b>a empresa matriz del LIV registr\u00f3 el mes pasado una petici\u00f3n para tener los derechos sobre la marca Real Club de Toros Golf Club<\/b>, que pasar\u00e1 a ser pr\u00f3ximamente el concepto en torno al que se desarrollar\u00e1 una nueva imagen para los Fireballs, muy ligada a una parte de la cultura espa\u00f1ola siempre llamativa de cara al extranjero. \u201cEsta renovaci\u00f3n refuerza todo lo que estamos construyendo. Nuestra identidad y competitividad est\u00e1n m\u00e1s fuertes que nunca. <b>El LIV est\u00e1 marcando el ritmo a nivel global y estoy comprometido en seguir liderando a este grupo hacia nuevas cotas<\/b>\u201d, asegura en el comunicado emitido Sergio Garc\u00eda, que en esta parte de su carrera ha abrazado la tarea de ser mentor de la nueva ola. <\/p>\n<p>Noticias relacionadas<\/p>\n<p class=\"\"><b>\u00a1Tus opiniones importan!<\/b> Comenta en los art\u00edculos y suscr\u00edbete gratis a nuestra <a href=\"https:\/\/asfan.as.com\/newsletters\/\" target=\"_blank\" rel=\"nofollow noopener\" title=\"https:\/\/asfan.as.com\/newsletters\/\">newsletter<\/a> y a las alertas informativas en la <a href=\"https:\/\/as.com\/aplicacion-de-as-n\/\" target=\"_blank\" rel=\"nofollow noopener\" title=\"https:\/\/as.com\/aplicacion-de-as-n\/\">App<\/a> o el canal de <a href=\"https:\/\/www.whatsapp.com\/channel\/0029VaAasdA7j6g745nz9M10\" target=\"_blank\" rel=\"nofollow noopener\" title=\"https:\/\/www.whatsapp.com\/channel\/0029VaAasdA7j6g745nz9M10\">WhatsApp<\/a>.<\/p>\n<p class=\"\">\u00bfBuscas licenciar contenido? Haz clic <a href=\"https:\/\/profesional.elpais.com\/soluciones-sindicacion?utm_medium=interno&amp;utm_source=crosslinking&amp;utm_campaign=sindicacion_as_pie_articulos\" target=\"_blank\" rel=\"nofollow noopener\" title=\"https:\/\/profesional.elpais.com\/soluciones-sindicacion?utm_medium=interno&amp;utm_source=crosslinking&amp;utm_campaign=sindicacion_as_pie_articulos\">aqu\u00ed<\/a><\/p>\n","protected":false},"excerpt":{"rendered":"Por primera vez en su corta historia, el LIV, la superliga de golf que financia el Fondo P\u00fablico&hellip;\n","protected":false},"author":2,"featured_media":296663,"comment_status":"","ping_status":"","sticky":false,"template":"","format":"standard","meta":{"footnotes":""},"categories":[275],"tags":[168,25,24,329,23,167],"class_list":{"0":"post-296662","1":"post","2":"type-post","3":"status-publish","4":"format-standard","5":"has-post-thumbnail","7":"category-golf","8":"tag-deportes","9":"tag-es","10":"tag-espana","11":"tag-golf","12":"tag-spain","13":"tag-sports"},"share_on_mastodon":{"url":"https:\/\/pubeurope.com\/@es\/115748013710251299","error":""},"_links":{"self":[{"href":"https:\/\/www.europesays.com\/es\/wp-json\/wp\/v2\/posts\/296662","targetHints":{"allow":["GET"]}}],"collection":[{"href":"https:\/\/www.europesays.com\/es\/wp-json\/wp\/v2\/posts"}],"about":[{"href":"https:\/\/www.europesays.com\/es\/wp-json\/wp\/v2\/types\/post"}],"author":[{"embeddable":true,"href":"https:\/\/www.europesays.com\/es\/wp-json\/wp\/v2\/users\/2"}],"replies":[{"embeddable":true,"href":"https:\/\/www.europesays.com\/es\/wp-json\/wp\/v2\/comments?post=296662"}],"version-history":[{"count":0,"href":"https:\/\/www.europesays.com\/es\/wp-json\/wp\/v2\/posts\/296662\/revisions"}],"wp:featuredmedia":[{"embeddable":true,"href":"https:\/\/www.europesays.com\/es\/wp-json\/wp\/v2\/media\/296663"}],"wp:attachment":[{"href":"https:\/\/www.europesays.com\/es\/wp-json\/wp\/v2\/media?parent=296662"}],"wp:term":[{"taxonomy":"category","embeddable":true,"href":"https:\/\/www.europesays.com\/es\/wp-json\/wp\/v2\/categories?post=296662"},{"taxonomy":"post_tag","embeddable":true,"href":"https:\/\/www.europesays.com\/es\/wp-json\/wp\/v2\/tags?post=296662"}],"curies":[{"name":"wp","href":"https:\/\/api.w.org\/{rel}","templated":true}]}}