{"id":296666,"date":"2025-12-19T20:02:10","date_gmt":"2025-12-19T20:02:10","guid":{"rendered":"https:\/\/www.europesays.com\/es\/296666\/"},"modified":"2025-12-19T20:02:10","modified_gmt":"2025-12-19T20:02:10","slug":"diligencias-contra-delegado-del-gobierno-en-madrid","status":"publish","type":"post","link":"https:\/\/www.europesays.com\/es\/296666\/","title":{"rendered":"Diligencias contra delegado del Gobierno en Madrid"},"content":{"rendered":"<p>Madrid (EFE).- El Juzgado de Instrucci\u00f3n n\u00famero 45 de Madrid ha abierto diligencias previas contra el delegado del Gobierno en la Comunidad de Madrid, Francisco Mart\u00edn, por la gesti\u00f3n del dispositivo policial desplegado en la \u00faltima etapa de la pasada edici\u00f3n de la Vuelta ciclista a Espa\u00f1a el 14 de septiembre.<\/p>\n<p>Fuentes jur\u00eddicas confirman a EFE la noticia adelantada por The Objective, de que la jueza Luisa Mar\u00eda Prieto Ram\u00edrez ha abierto diligencias tras la denuncia presentada por el autodenominado sindicato Manos Limpias.<\/p>\n<p>Seg\u00fan las fuentes, el procedimiento se ha incoado gen\u00e9ricamente por un delito de lesiones por imprudencia y se encuentra en un estado \u00abmuy embrionario\u00bb.<\/p>\n<p>Aquel d\u00eda, 22 polic\u00edas resultaron heridos leves, durante las protestas que se produjeron en Madrid contra la masacre que estaba viviendo el pueblo de Gaza y que obligaron a cancelar la prueba.<\/p>\n<p>La Polic\u00eda identific\u00f3 a 97 personas por las protestas durante la etapa final de La Vuelta, de los que cuatro ten\u00edan antecedentes por des\u00f3rdenes p\u00fablicos en Madrid y siete por delincuencia com\u00fan.<\/p>\n<p>Al d\u00eda siguiente, la entonces portavoz del Gobierno Pilar Alegr\u00eda declar\u00f3 que la movilizaci\u00f3n fue \u00abmayoritariamente pac\u00edfica\u00bb y que siempre existen \u00abdesalmados\u00bb que intentan tener un protagonismo que en absoluto les corresponde en unas movilizaciones que trasladaban una posici\u00f3n contraria y clara frente a la masacre en Gaza.<\/p>\n<p>Respecto a la actuaci\u00f3n policial, Alegr\u00eda destac\u00f3 la \u00abmagn\u00edfica profesionalidad\u00bb de los polic\u00edas que participaron en el dispositivo puesto en marcha para velar por la seguridad de los corredores, de los aficionados y de los ciudadanos que se manifestaron. E<\/p>\n","protected":false},"excerpt":{"rendered":"Madrid (EFE).- El Juzgado de Instrucci\u00f3n n\u00famero 45 de Madrid ha abierto diligencias previas contra el delegado del&hellip;\n","protected":false},"author":2,"featured_media":296667,"comment_status":"","ping_status":"","sticky":false,"template":"","format":"standard","meta":{"footnotes":""},"categories":[273],"tags":[313,312,168,25,24,69,8933,74,2158,76,23,167],"class_list":{"0":"post-296666","1":"post","2":"type-post","3":"status-publish","4":"format-standard","5":"has-post-thumbnail","7":"category-ciclismo","8":"tag-ciclismo","9":"tag-cycling","10":"tag-deportes","11":"tag-es","12":"tag-espana","13":"tag-guerra","14":"tag-guerra-gaza","15":"tag-israel","16":"tag-justicia","17":"tag-palestina","18":"tag-spain","19":"tag-sports"},"share_on_mastodon":{"url":"https:\/\/pubeurope.com\/@es\/115748021431230029","error":""},"_links":{"self":[{"href":"https:\/\/www.europesays.com\/es\/wp-json\/wp\/v2\/posts\/296666","targetHints":{"allow":["GET"]}}],"collection":[{"href":"https:\/\/www.europesays.com\/es\/wp-json\/wp\/v2\/posts"}],"about":[{"href":"https:\/\/www.europesays.com\/es\/wp-json\/wp\/v2\/types\/post"}],"author":[{"embeddable":true,"href":"https:\/\/www.europesays.com\/es\/wp-json\/wp\/v2\/users\/2"}],"replies":[{"embeddable":true,"href":"https:\/\/www.europesays.com\/es\/wp-json\/wp\/v2\/comments?post=296666"}],"version-history":[{"count":0,"href":"https:\/\/www.europesays.com\/es\/wp-json\/wp\/v2\/posts\/296666\/revisions"}],"wp:featuredmedia":[{"embeddable":true,"href":"https:\/\/www.europesays.com\/es\/wp-json\/wp\/v2\/media\/296667"}],"wp:attachment":[{"href":"https:\/\/www.europesays.com\/es\/wp-json\/wp\/v2\/media?parent=296666"}],"wp:term":[{"taxonomy":"category","embeddable":true,"href":"https:\/\/www.europesays.com\/es\/wp-json\/wp\/v2\/categories?post=296666"},{"taxonomy":"post_tag","embeddable":true,"href":"https:\/\/www.europesays.com\/es\/wp-json\/wp\/v2\/tags?post=296666"}],"curies":[{"name":"wp","href":"https:\/\/api.w.org\/{rel}","templated":true}]}}