{"id":296681,"date":"2025-12-19T20:12:29","date_gmt":"2025-12-19T20:12:29","guid":{"rendered":"https:\/\/www.europesays.com\/es\/296681\/"},"modified":"2025-12-19T20:12:29","modified_gmt":"2025-12-19T20:12:29","slug":"a-tumba-abierta-by-bkool-es-un-etapon-de-otra-epoca-donde-puede-morir-hasta-el-maximo-favorito-marca","status":"publish","type":"post","link":"https:\/\/www.europesays.com\/es\/296681\/","title":{"rendered":"A tumba abierta by BKOOL: &quot;Es un etap\u00f3n de otra \u00e9poca donde puede &#039;morir&#039; hasta el m\u00e1ximo favorito&quot; &#8211; MARCA"},"content":{"rendered":"<ol>\n<li><a href=\"https:\/\/news.google.com\/rss\/articles\/CBMipwFBVV95cUxQeTR5bUJOMUhxSVB3Q0tsRk0zT2QtRzIxRVRyX2NkdGlUekFTWkxyblZCM2t5UFJfTEgzNG1OdnVxMHNTckJSaXRXZ21QVmh3RVpZamtrMVZ3RWJxeC1yUXVpYk53UzlxQlpDYkFjbmd2SjRTSng0VWZoV3ZfXzZQN3Q5YjJMZ1FSNzJ3UGUyUk14dm1yYkZ3RVVJVWJUQWdqYTBUNlNEUdIBpwFBVV95cUxQRzVxNU1vbk9HZHh6V1V6dlAtNG1jNWVqYmFXSW5PUnNiYTRtaEtLcGZQMkZhbElBb241TWtQVGhxZXFSRXJxOFRJMTFqcFZZUWYwVVhXM3FJMDhLc2lZdG9SazdYZmRVakpjRWxkNFljREFHcGUzSks4a1lyLXI5NFpJdUlWZ2dGVl9rSXUxanc4Q01iMGhCalAwb082bUZoZ1dqbzlqUQ?oc=5\" target=\"_blank\" rel=\"nofollow noopener\">A tumba abierta by BKOOL: \u00abEs un etap\u00f3n de otra \u00e9poca donde puede &#8216;morir&#8217; hasta el m\u00e1ximo favorito\u00bb<\/a>&nbsp;&nbsp;MARCA<\/li>\n<li><a href=\"https:\/\/news.google.com\/rss\/articles\/CBMidkFVX3lxTE44Zll3YU5qYWwwV2NVOXVxclRra3JGcTd3NW5jMW5lamhIOXhGVlRWc21zRlQ3RENmeWlPb3I5YUFyYXJiNjdGdjE2OFJjZzBUcTBnOWhNMTVGU3dSMVh6OHREb1F0VDMtcnJwUWJUajRBNlI4V1HSAYoBQVVfeXFMT09xMzQ5NjZhVWJ5b0prcHhVV0s4RmlfRXNrMjFQX3NPWHFhbzFQemM3ZjRST0NXNThqbGhPSjZhU1pab1M5bTRtU3FncGJ0SklFSUhsQUZkckl5dEgzd2FHbEhDb0FDaUk2WmIyMHZqNUxSQ1NpclZsTk8zNEZrM1lTNWdhYzAtZjFn?oc=5\" target=\"_blank\" rel=\"nofollow noopener\">La Vuelta m\u00e1s dura de la historia<\/a>&nbsp;&nbsp;Diario AS<\/li>\n<li><a href=\"https:\/\/news.google.com\/rss\/articles\/CBMiugFBVV95cUxNeWYyN2FhTFhLRVhPV3dhbnFaVUhvRm50Qk1pR2FiaGNhS01ORndfNzBxb3FfRUJoSFoxS1dQY3poMUlHaUk1bjBQVk9lVHNLN29FeGJlOWFEcFE4ZnQyakQ4aGhZRmRkcWFOWU1YS05UeWdvRjI3YkJSdXVHTVhLZmlscUlhamtxNGt0ZzlpYVFvYU14cDdkZVZRV1FtTXQ5dTN0a0RjSkswZU5KRzFZeHNBM3drOVR6Smc?oc=5\" target=\"_blank\" rel=\"nofollow noopener\">La provincia de Sevilla presente en la Vuelta Ciclista a Espa\u00f1a 2026<\/a>&nbsp;&nbsp;Diputaci\u00f3n de Sevilla<\/li>\n<li><a href=\"https:\/\/news.google.com\/rss\/articles\/CBMisAFBVV95cUxQWVlFVUN2bk9SR2F2dlFJRWxHV29Oa3JDcVJQYUR3STVtdzlzVjNDaHB6MWpPa1A5TmpSTTlNZURGWnczcS0yVnppLU1fUk1Lc2kyeUh3WHNZWEREdFJ3Z042OTUtLVlTZzYtQ1J3Z2dLdlNrLS1ndjVVWU52d21PdEpuZk0ydjZla185UlJrazRCck5CWm1yU2U1NnNlUEJyZk5TdTF6N1d1X2JEWGh5dw?oc=5\" target=\"_blank\" rel=\"nofollow noopener\">\u2018Costa de Almer\u00eda\u2019 volver\u00e1 a viajar por todo el mundo gracias a La Vuelta a Espa\u00f1a 2026<\/a>&nbsp;&nbsp;Diputaci\u00f3n Provincial de Almer\u00eda<\/li>\n<li><a href=\"https:\/\/news.google.com\/rss\/articles\/CBMiywFBVV95cUxPTFJ4c1l0ZC1xVkNZWGF1a3cyRE1lN19pV2F0MHNoelhlWU1GV04yTTZPMkgxbEYwTzdiTG0xaWw1YjVnYldBSXBZOVZuRzYtMl92Smo1emNjMmppME1DeDR1dUh2a3NiUUdFdHRIZ2dlWlRha0tJNkRGeXZHWjFoS3RXdlI4VU1vbVQxLXQ2UnJoZU8wYVJYYXRWOHZBSnV4WFBHZGsxcmNBemltWldRbnpkU3E1N195ZDE5RUNfWldXQzJfaXV4cHFfbw?oc=5\" target=\"_blank\" rel=\"nofollow noopener\">As\u00ed ser\u00e1 La Vuelta 2026: ni rastro del norte, claro sabor mediterr\u00e1neo y de M\u00f3naco a Granada<\/a>&nbsp;&nbsp;Canarias7<\/li>\n<\/ol>\n","protected":false},"excerpt":{"rendered":"A tumba abierta by BKOOL: \u00abEs un etap\u00f3n de otra \u00e9poca donde puede &#8216;morir&#8217; hasta el m\u00e1ximo favorito\u00bb&nbsp;&nbsp;MARCA&hellip;\n","protected":false},"author":2,"featured_media":296682,"comment_status":"","ping_status":"","sticky":false,"template":"","format":"standard","meta":{"footnotes":""},"categories":[93],"tags":[168,25,24,23,167],"class_list":{"0":"post-296681","1":"post","2":"type-post","3":"status-publish","4":"format-standard","5":"has-post-thumbnail","7":"category-deportes","8":"tag-deportes","9":"tag-es","10":"tag-espana","11":"tag-spain","12":"tag-sports"},"share_on_mastodon":{"url":"https:\/\/pubeurope.com\/@es\/115748061031687105","error":""},"_links":{"self":[{"href":"https:\/\/www.europesays.com\/es\/wp-json\/wp\/v2\/posts\/296681","targetHints":{"allow":["GET"]}}],"collection":[{"href":"https:\/\/www.europesays.com\/es\/wp-json\/wp\/v2\/posts"}],"about":[{"href":"https:\/\/www.europesays.com\/es\/wp-json\/wp\/v2\/types\/post"}],"author":[{"embeddable":true,"href":"https:\/\/www.europesays.com\/es\/wp-json\/wp\/v2\/users\/2"}],"replies":[{"embeddable":true,"href":"https:\/\/www.europesays.com\/es\/wp-json\/wp\/v2\/comments?post=296681"}],"version-history":[{"count":0,"href":"https:\/\/www.europesays.com\/es\/wp-json\/wp\/v2\/posts\/296681\/revisions"}],"wp:featuredmedia":[{"embeddable":true,"href":"https:\/\/www.europesays.com\/es\/wp-json\/wp\/v2\/media\/296682"}],"wp:attachment":[{"href":"https:\/\/www.europesays.com\/es\/wp-json\/wp\/v2\/media?parent=296681"}],"wp:term":[{"taxonomy":"category","embeddable":true,"href":"https:\/\/www.europesays.com\/es\/wp-json\/wp\/v2\/categories?post=296681"},{"taxonomy":"post_tag","embeddable":true,"href":"https:\/\/www.europesays.com\/es\/wp-json\/wp\/v2\/tags?post=296681"}],"curies":[{"name":"wp","href":"https:\/\/api.w.org\/{rel}","templated":true}]}}