{"id":296685,"date":"2025-12-19T20:14:15","date_gmt":"2025-12-19T20:14:15","guid":{"rendered":"https:\/\/www.europesays.com\/es\/296685\/"},"modified":"2025-12-19T20:14:15","modified_gmt":"2025-12-19T20:14:15","slug":"nuevos-artistas-se-incorporan-a-la-noche-es-comedia-en-el-teatro-villamarta-2","status":"publish","type":"post","link":"https:\/\/www.europesays.com\/es\/296685\/","title":{"rendered":"Nuevos artistas se incorporan a \u2018La noche es comedia\u2019 en el Teatro Villamarta"},"content":{"rendered":"<p><strong>Macarena G\u00f3mez y el jerezano Jos\u00e9 Campoy formar\u00e1n parte del elenco art\u00edstico de La noche es comedia<\/strong> en la funci\u00f3n prevista para el 6 de junio del pr\u00f3ximo a\u00f1o en el Teatro Villamarta en sustituci\u00f3n de Jordi S\u00e1nchez y Miki Dkai que, \u201cpor compromisos profesionales de agenda no pdr\u00e1n participar finalmente en el evento\u201d. As\u00ed lo ha comunicado\u00a0 la empresa art\u00edstica a la direcci\u00f3n de coliseo jerezano, ajena a esta decisi\u00f3n.<\/p>\n<p>Macarena G\u00f3mez, una de las actrices m\u00e1s carism\u00e1ticas y vers\u00e1tiles del panorama audiovisual espa\u00f1ol, <strong>se une como presentadora del show junto a Nacho Guerreros. <\/strong>La actriz cordobesa es conocida por su papel de Lola en la exitosa serie La que se avecina, adem\u00e1s tener una s\u00f3lida trayectoria en cine y televisi\u00f3n con t\u00edtulos como Musara\u00f1as, Las brujas de Zugarramurdi o Sexkiller. Combina la comedia y el drama con un sello interpretativo propio que la ha consolidado como una de las int\u00e9rpretes m\u00e1s destacadas de su generaci\u00f3n.<\/p>\n<p>La otra incorporaci\u00f3n al espect\u00e1culo es la del jerezano Jos\u00e9 Campoy, que emigr\u00f3 a la capital en 2008 para dedicarse a la comedia profesional. Conocido<strong> por su humor andaluz e inteligente, \u201caportar\u00e1 una dosis extra de irreverencia y risas<\/strong>\u201d, asegura la empresa art\u00edstica. El monologuista es imitador de m\u00e1s de 200 personajes. Ha trabajado para Netflix, as\u00ed como en numerosos programas de televisi\u00f3n y radio. Ha realizado m\u00e1s de 1500 actuaciones, entre las que se incluye su espect\u00e1culo No es pa\u00eds para tiesos, Campoyadas y Cu\u00f1aos junto a Santi Rodr\u00edguez. Ha sido, adem\u00e1s, maestro de ceremonia en eventos de grandes empresas. Actualmente es colaborador de Radio Marca, cuyos v\u00eddeos con chistes y mon\u00f3logos est\u00e1n siendo virales en redes sociales.<\/p>\n<p>Por tanto, el elenco art\u00edstico que actuar\u00e1 en el Teatro Villamarta en junio del pr\u00f3ximo a\u00f1o queda conformado por Nacho Guerreros, Macarena G\u00f3mez, Tom\u00e1s Garc\u00eda, Jos\u00e9 Campoy, Xavier Deltell y Eva y Qu\u00e9. La empresa art\u00edstica, en su comunicado, agradece \u201cprofundamente\u201d la comprensi\u00f3n del p\u00fablico ante estos dos cambios en el elenco, al tiempo que asegura que disfrutar\u00e1n de \u201cuna noche inolvidable llena de humor, sorpresas y talento\u201d.<\/p>\n<p><strong>Oferta teatral<\/strong><\/p>\n<p>La noche es comedia f<strong>orma parte de la amplia oferta teatral que ofrece el Villamarta en la Temporada 2025-26<\/strong>. Un ciclo teatral que arranc\u00f3 en octubre con Vale la pena de Dani Rovira y que continuar\u00e1 en enero con Juan D\u00e1vila (El palacio del pecado), El barbero de Picasso que protagonizan Antonio Molero y Pepe Viyuela; y Pensionistas, una obra que mezcla el drama social con el humor m\u00e1s afilado para contar la historia de tres mujeres (Irma Soriano, Loreto Valverde y Rosa Benito) que, tras enviudar a causa de la pandemia del Covid-19, deciden compartir techo y enfrentar la vida con ingenio y valent\u00eda.<\/p>\n<p>Ya en febrero se pondr\u00e1 en escena Los lunes al sol, una poderosa reflexi\u00f3n sobre c\u00f3mo las circunstancias econ\u00f3micas pueden moldear la identidad y las relaciones humanas;\u00a0 y el drama sat\u00edrico ib\u00e9rico de La reina brava a cargo de la compa\u00f1\u00eda Las Ni\u00f1as de C\u00e1diz. En marzo Elena Ballesteros protagoniza Casa de mu\u00f1ecas, mientras que en abril llegar\u00e1 Juan Amodeo (con Averno) y la emblem\u00e1tica obra de la dramaturgia contempor\u00e1nea Seis personajes en busca de autor.<\/p>\n","protected":false},"excerpt":{"rendered":"Macarena G\u00f3mez y el jerezano Jos\u00e9 Campoy formar\u00e1n parte del elenco art\u00edstico de La noche es comedia en&hellip;\n","protected":false},"author":2,"featured_media":296686,"comment_status":"","ping_status":"","sticky":false,"template":"","format":"standard","meta":{"footnotes":""},"categories":[91],"tags":[146,147,25,24,23],"class_list":{"0":"post-296685","1":"post","2":"type-post","3":"status-publish","4":"format-standard","5":"has-post-thumbnail","7":"category-entretenimiento","8":"tag-entertainment","9":"tag-entretenimiento","10":"tag-es","11":"tag-espana","12":"tag-spain"},"share_on_mastodon":{"url":"https:\/\/pubeurope.com\/@es\/115748068844401478","error":""},"_links":{"self":[{"href":"https:\/\/www.europesays.com\/es\/wp-json\/wp\/v2\/posts\/296685","targetHints":{"allow":["GET"]}}],"collection":[{"href":"https:\/\/www.europesays.com\/es\/wp-json\/wp\/v2\/posts"}],"about":[{"href":"https:\/\/www.europesays.com\/es\/wp-json\/wp\/v2\/types\/post"}],"author":[{"embeddable":true,"href":"https:\/\/www.europesays.com\/es\/wp-json\/wp\/v2\/users\/2"}],"replies":[{"embeddable":true,"href":"https:\/\/www.europesays.com\/es\/wp-json\/wp\/v2\/comments?post=296685"}],"version-history":[{"count":0,"href":"https:\/\/www.europesays.com\/es\/wp-json\/wp\/v2\/posts\/296685\/revisions"}],"wp:featuredmedia":[{"embeddable":true,"href":"https:\/\/www.europesays.com\/es\/wp-json\/wp\/v2\/media\/296686"}],"wp:attachment":[{"href":"https:\/\/www.europesays.com\/es\/wp-json\/wp\/v2\/media?parent=296685"}],"wp:term":[{"taxonomy":"category","embeddable":true,"href":"https:\/\/www.europesays.com\/es\/wp-json\/wp\/v2\/categories?post=296685"},{"taxonomy":"post_tag","embeddable":true,"href":"https:\/\/www.europesays.com\/es\/wp-json\/wp\/v2\/tags?post=296685"}],"curies":[{"name":"wp","href":"https:\/\/api.w.org\/{rel}","templated":true}]}}