{"id":296687,"date":"2025-12-19T20:15:11","date_gmt":"2025-12-19T20:15:11","guid":{"rendered":"https:\/\/www.europesays.com\/es\/296687\/"},"modified":"2025-12-19T20:15:11","modified_gmt":"2025-12-19T20:15:11","slug":"un-usuario-confiesa-que-lleva-mas-de-10-anos-guardando-memoria-ram-y-revela-que-es-su-momento-esto-es-ddr4","status":"publish","type":"post","link":"https:\/\/www.europesays.com\/es\/296687\/","title":{"rendered":"Un usuario confiesa que lleva m\u00e1s de 10 a\u00f1os guardando memoria RAM y revela que es su momento: \u201cEsto es DDR4\u201d"},"content":{"rendered":"<p class=\"\"><b>El 2026 pinta negro<\/b> para quienes quieran montarse un PC Gaming. <a href=\"https:\/\/as.com\/meristation\/betech\/peligran-los-precios-de-las-gpu-en-2026-nvidia-planea-recortar-hasta-el-40-de-su-produccion-por-la-escasez-de-memoria-f202512-n\/?outputType=amp\" target=\"_self\" rel=\"nofollow noopener\" title=\"https:\/\/as.com\/meristation\/betech\/peligran-los-precios-de-las-gpu-en-2026-nvidia-planea-recortar-hasta-el-40-de-su-produccion-por-la-escasez-de-memoria-f202512-n\/?outputType=amp\">Si ya hemos visto las previsiones de Nvidia a la baja<\/a> y <a href=\"https:\/\/as.com\/meristation\/betech\/adios-a-los-ssd-sata-de-samsung-filtran-la-decision-de-la-empresa-que-subira-el-resto-de-los-precios-del-mercado-del-pc-f202512-n\/\" target=\"_self\" rel=\"nofollow noopener\" title=\"https:\/\/as.com\/meristation\/betech\/adios-a-los-ssd-sata-de-samsung-filtran-la-decision-de-la-empresa-que-subira-el-resto-de-los-precios-del-mercado-del-pc-f202512-n\/\">el cese de la producci\u00f3n de SSD baratos por parte de Samsung<\/a>, la memoria RAM ser\u00e1 otro de los componentes que escasear\u00e1n de manera importante.<\/p>\n<p class=\"\">Un usuario en Tiktok llamado \u2018amuerte7\u2032 ha publicado su \u2018valioso\u2019 bot\u00edn. <b>Lleva almacenando m\u00f3dulos de memoria RAM durante m\u00e1s de una d\u00e9cada<\/b>. Dios sabe qu\u00e9 har\u00e1 con todas esas memorias; lo que no conseguir\u00e1 es hacerse rico precisamente.<\/p>\n<p class=\"\">En una \u00e9poca en la que la memoria se vende ap recio de oro, el usuario no puede aprovecharse de la situaci\u00f3n del mercado porque todas son&#8230; antiguas. <b>Solo tiene una unidad DDR4. Con eso no hace nada<\/b>. Explica de manera ir\u00f3nica que \u201ceste es\u201d su momento. Ese autob\u00fas ha pasado para \u00e9l.<\/p>\n<p><b>El escandaloso precio actual que alcanzan las memorias RAM<\/b><\/p>\n<p class=\"\">Pasearse por una web de componentes para ver los precios de la memoria RAM es una actividad de riesgo para tu bolsillo. <b>Se pueden ver parejas de m\u00f3dulos de 16GB por precios superiores a los 300 y 400 euros<\/b>, sobre todo si son DDR5. <a href=\"https:\/\/as.com\/meristation\/betech\/memorias-ram-por-mas-de-16000-la-locura-de-los-precios-del-hardware-en-2025-aunque-en-este-caso-tiene-truco-f202512-n\/\" target=\"_self\" rel=\"nofollow noopener\" title=\"https:\/\/as.com\/meristation\/betech\/memorias-ram-por-mas-de-16000-la-locura-de-los-precios-del-hardware-en-2025-aunque-en-este-caso-tiene-truco-f202512-n\/\">La demanda no parece bajar precisamente pronto<\/a>. La burbuja de la IA no parece explotar pronto y los centros de datos siguen requiriendo de m\u00e1s capacidad de memoria para poder rendir ante los c\u00f3mputos que piden los usuarios.<\/p>\n<p class=\"\">Hay casos en Reddit en los que incluso se han visto intercambiar unidades de RAM por tarjetas gr\u00e1ficas. <b>La fiebre del bitcoin usando las GPU est\u00e1 bajando en pos de la inteligencia artificial<\/b>.<\/p>\n<p>Noticias relacionadas<\/p>\n<p class=\"\">Sigue el <a href=\"https:\/\/twitter.com\/MeriStation?s=20\" target=\"_blank\" rel=\"noopener nofollow\">canal de MeriStation en Twitter<\/a>. Tu web de videojuegos y de entretenimiento, para conocer todas las noticias, novedades y \u00faltima hora sobre el mundo del videojuego, cine, series, manga y anime. Avances, an\u00e1lisis, entrevistas, tr\u00e1ileres, gameplays, podcasts y mucho m\u00e1s.<\/p>\n<p class=\"\">\u00a1Suscr\u00edbete! Si est\u00e1s interesado en licenciar este contenido, pincha <a href=\"https:\/\/profesional.elpais.com\/soluciones-sindicacion?utm_medium=interno&amp;utm_source=crosslinking&amp;utm_campaign=sindicacion_as_pie_articulos\" target=\"_blank\" rel=\"nofollow noopener\" title=\"https:\/\/profesional.elpais.com\/soluciones-sindicacion?utm_medium=interno&amp;utm_source=crosslinking&amp;utm_campaign=sindicacion_as_pie_articulos\">aqu\u00ed<\/a>.<\/p>\n<p><script async src=\"https:\/\/platform.twitter.com\/widgets.js\" charset=\"utf-8\"><\/script><\/p>\n","protected":false},"excerpt":{"rendered":"El 2026 pinta negro para quienes quieran montarse un PC Gaming. Si ya hemos visto las previsiones de&hellip;\n","protected":false},"author":2,"featured_media":296688,"comment_status":"","ping_status":"","sticky":false,"template":"","format":"standard","meta":{"footnotes":""},"categories":[81],"tags":[119,123,124,25,24,117,121,122,23,118,120],"class_list":{"0":"post-296687","1":"post","2":"type-post","3":"status-publish","4":"format-standard","5":"has-post-thumbnail","7":"category-ciencia-y-tecnologia","8":"tag-ciencia","9":"tag-ciencia-y-tecnologia","10":"tag-cienciaytecnologia","11":"tag-es","12":"tag-espana","13":"tag-science","14":"tag-science-and-technology","15":"tag-scienceandtechnology","16":"tag-spain","17":"tag-technology","18":"tag-tecnologia"},"share_on_mastodon":{"url":"https:\/\/pubeurope.com\/@es\/115748073154142971","error":""},"_links":{"self":[{"href":"https:\/\/www.europesays.com\/es\/wp-json\/wp\/v2\/posts\/296687","targetHints":{"allow":["GET"]}}],"collection":[{"href":"https:\/\/www.europesays.com\/es\/wp-json\/wp\/v2\/posts"}],"about":[{"href":"https:\/\/www.europesays.com\/es\/wp-json\/wp\/v2\/types\/post"}],"author":[{"embeddable":true,"href":"https:\/\/www.europesays.com\/es\/wp-json\/wp\/v2\/users\/2"}],"replies":[{"embeddable":true,"href":"https:\/\/www.europesays.com\/es\/wp-json\/wp\/v2\/comments?post=296687"}],"version-history":[{"count":0,"href":"https:\/\/www.europesays.com\/es\/wp-json\/wp\/v2\/posts\/296687\/revisions"}],"wp:featuredmedia":[{"embeddable":true,"href":"https:\/\/www.europesays.com\/es\/wp-json\/wp\/v2\/media\/296688"}],"wp:attachment":[{"href":"https:\/\/www.europesays.com\/es\/wp-json\/wp\/v2\/media?parent=296687"}],"wp:term":[{"taxonomy":"category","embeddable":true,"href":"https:\/\/www.europesays.com\/es\/wp-json\/wp\/v2\/categories?post=296687"},{"taxonomy":"post_tag","embeddable":true,"href":"https:\/\/www.europesays.com\/es\/wp-json\/wp\/v2\/tags?post=296687"}],"curies":[{"name":"wp","href":"https:\/\/api.w.org\/{rel}","templated":true}]}}