{"id":296699,"date":"2025-12-19T20:27:11","date_gmt":"2025-12-19T20:27:11","guid":{"rendered":"https:\/\/www.europesays.com\/es\/296699\/"},"modified":"2025-12-19T20:27:11","modified_gmt":"2025-12-19T20:27:11","slug":"sito-alonso-ucam-murcia-destaca-el-nivel-del-valencia-basket-de-pedro-martinez","status":"publish","type":"post","link":"https:\/\/www.europesays.com\/es\/296699\/","title":{"rendered":"Sito Alonso (UCAM Murcia) destaca el nivel del Valencia Basket de Pedro Mart\u00ednez"},"content":{"rendered":"<p class=\"ft-text\">Sin apenas descanso tras una <a class=\"ft-link ft-link--decoration\" href=\"https:\/\/www.superdeporte.es\/valencia-basket\/2025\/12\/18\/valencia-basket-sin-ideas-liderato-euroliga-124944113.html\" rel=\"nofollow noopener\" target=\"_blank\">doble jornada de Euroliga entre semana<\/a>, <strong>el Valencia Basket se desplaza este fin de semana a Murcia para afrontar un dueo ante un rival directo por la <\/strong><a class=\"ft-link ft-link--decoration\" href=\"https:\/\/acb.com\/es\/clasificacion?temporada=90&amp;jornada=5893\" rel=\"nofollow noopener\" target=\"_blank\">segunda posici\u00f3n<\/a>, aunque cierto es que los taronja han jugado un partido menos por el aplazamiento del duelo ante el Casademont Zaragoza por la alerta roja que trajo consigo la borrasca Emilia.<\/p>\n<p class=\"ft-text\">El rival, un UCAM Murcia que atraviesa su mejor momento del curso, se prepara ya para un duelo de altura donde est\u00e1 en juego el segundo puesto de la clasificaci\u00f3n, en el que el conjunto entrenado por Sito Alonso tratar\u00e1 de alargar su estado de gracia ante un rival que le aventaja en la tabla. As\u00ed lo dijo este viernes su entrenador, Sito Alonso, en la previa de un partido, correspondiente a la und\u00e9cima jornada del campeonato, que comenzar\u00e1 a las 17:00 en el Palacio de los Deportes de Murcia.<\/p>\n<p>Sobre el Valencia Basket<\/p>\n<p class=\"ft-text\">\u00abEl Valencia Basket est\u00e1 haciendo cosas muy buenas, con una apuesta grande a nivel de club, como siempre desde hace tiempo, y se cubri\u00f3 para cualquier tipo de situaci\u00f3n por la que pueda pasar\u00bb y a\u00f1adi\u00f3 que \u00ab<strong>tiene unas caracter\u00edsticas muy claras y dif\u00edciles de parar, muchas de las cuales dependen del f\u00edsico y que no son posibles sujeta<\/strong>r\u00bb, destac\u00f3 sobre los de <a class=\"ft-link ft-link--decoration\" href=\"https:\/\/www.superdeporte.es\/valencia-basket\/2025\/12\/19\/pedro-martinez-debe-consciente-ejemplo-persona-124946167.html\" rel=\"nofollow noopener\" target=\"_blank\">Pedro Mart\u00ednez<\/a>.<\/p>\n<p class=\"ft-text\">Los granas, que vienen de vencer por 77-93 en la pista del Energa Trefl Sopot polaco y antes por 80-77 al Joventut de Badalona, tendr\u00e1n enfrente a un rival que gan\u00f3 tambi\u00e9n ocho encuentros en el torneo dom\u00e9stico aunque en nueve confrontaciones, teniendo solo por delante a un Real Madrid con un 9-1 y que jugar\u00e1 este s\u00e1bado en la pista del Hiopos Lleida.<\/p>\n<p>Jugadores tocados<\/p>\n<p class=\"ft-text\">Sito habl\u00f3 a dos d\u00edas de la disputa de un choque declarado como Partido Costa C\u00e1lida -tiene el patrocinio de la Comunidad Aut\u00f3noma-. El t\u00e9cnico madrile\u00f1o <strong>no pudo contar en la ciudad polaca de Gdansk con Dylan Ennis y Devontae Cacok, quienes se quedaron en Murcia descansando, ni con David DeJulius y Toni Nakic<\/strong>, quienes se quedaron en el hotel aquejados de sendos procesos v\u00edricos. Para este domingo conf\u00eda en poder contar con todos sus jugadores.<\/p>\n<p class=\"ft-text\">\u00abMi ilusi\u00f3n fundamental es que todos puedan estar. Nakic y DeJulius fueron al hospital porque la verdad es que no pasaron un viaje placentero y <strong>hay tres o cuatro jugadores que pueden estar un poco en esa misma disposici\u00f3n pero esperamos contar con todos<\/strong>\u00ab, indic\u00f3.<\/p>\n<p><img decoding=\"async\" src=\"https:\/\/www.europesays.com\/es\/wp-content\/uploads\/2025\/12\/3a220c07-e1af-44e7-b366-a30433d13046_alta-libre-aspect-ratio_default_0.jpg\" width=\"1200\" height=\"800\" alt=\"Sito Alonso, en su \u00faltima visita a La Fonteta la temporada pasada.\" class=\"ft-helper-img-rd\" loading=\"lazy\"\/><\/p>\n<p class=\"ft-helper-fontColor-quaternary ft-helper-fontSize-body-S ft-helper-spacer-t-xxs\">Sito Alonso, en su \u00faltima visita a La Fonteta la temporada pasada.  \/ M. A. Polo \/ VBC<\/p>\n<p>Ambiente en las gradas<\/p>\n<p class=\"ft-text\">A pesar de la complejidad que entra\u00f1a medirse a los taronjas el preparador universitario conf\u00eda en dar una buena respuesta. \u00ab<strong>Vamos a poner todo de nuestra parte para competir al m\u00e1ximo nivel sabiendo la dificultad que vamos a tener<\/strong> pero confiando en que las cosas que somos capaces de hacer sean suficientes para competir a un nivel muy alto contra ellos\u00bb, expuso al tiempo que valor\u00f3 el triunfo frente al Trefl Sopot de hace un par de d\u00edas.<\/p>\n<p class=\"ft-text\"><strong>El choque frente al Valencia es en el Palacio y se espera lleno en sus gradas con 7.500 aficionados alentando a su equipo<\/strong>. A ello tambi\u00e9n se refiri\u00f3 el t\u00e9cnico diciendo que \u00abesto habla de c\u00f3mo est\u00e1 creciendo el proyecto y de la ilusi\u00f3n que hay en Murcia con su equipo de baloncesto\u00bb.<\/p>\n","protected":false},"excerpt":{"rendered":"Sin apenas descanso tras una doble jornada de Euroliga entre semana, el Valencia Basket se desplaza este fin&hellip;\n","protected":false},"author":2,"featured_media":296700,"comment_status":"","ping_status":"","sticky":false,"template":"","format":"standard","meta":{"footnotes":""},"categories":[269],"tags":[3732,299,1918,298,168,8184,2917,25,24,1044,665,1478,70691,1403,23,167,9413,3918,235,2916],"class_list":{"0":"post-296699","1":"post","2":"type-post","3":"status-publish","4":"format-standard","5":"has-post-thumbnail","7":"category-baloncesto","8":"tag-alonso","9":"tag-baloncesto","10":"tag-basket","11":"tag-basketball","12":"tag-deportes","13":"tag-elogios","14":"tag-endesa","15":"tag-es","16":"tag-espana","17":"tag-liga","18":"tag-liga-endesa","19":"tag-murcia","20":"tag-sito","21":"tag-sito-alonso","22":"tag-spain","23":"tag-sports","24":"tag-ucam","25":"tag-ucam-murcia","26":"tag-valencia","27":"tag-valencia-basket"},"share_on_mastodon":{"url":"https:\/\/pubeurope.com\/@es\/115748120161228654","error":""},"_links":{"self":[{"href":"https:\/\/www.europesays.com\/es\/wp-json\/wp\/v2\/posts\/296699","targetHints":{"allow":["GET"]}}],"collection":[{"href":"https:\/\/www.europesays.com\/es\/wp-json\/wp\/v2\/posts"}],"about":[{"href":"https:\/\/www.europesays.com\/es\/wp-json\/wp\/v2\/types\/post"}],"author":[{"embeddable":true,"href":"https:\/\/www.europesays.com\/es\/wp-json\/wp\/v2\/users\/2"}],"replies":[{"embeddable":true,"href":"https:\/\/www.europesays.com\/es\/wp-json\/wp\/v2\/comments?post=296699"}],"version-history":[{"count":0,"href":"https:\/\/www.europesays.com\/es\/wp-json\/wp\/v2\/posts\/296699\/revisions"}],"wp:featuredmedia":[{"embeddable":true,"href":"https:\/\/www.europesays.com\/es\/wp-json\/wp\/v2\/media\/296700"}],"wp:attachment":[{"href":"https:\/\/www.europesays.com\/es\/wp-json\/wp\/v2\/media?parent=296699"}],"wp:term":[{"taxonomy":"category","embeddable":true,"href":"https:\/\/www.europesays.com\/es\/wp-json\/wp\/v2\/categories?post=296699"},{"taxonomy":"post_tag","embeddable":true,"href":"https:\/\/www.europesays.com\/es\/wp-json\/wp\/v2\/tags?post=296699"}],"curies":[{"name":"wp","href":"https:\/\/api.w.org\/{rel}","templated":true}]}}