{"id":296761,"date":"2025-12-19T21:24:14","date_gmt":"2025-12-19T21:24:14","guid":{"rendered":"https:\/\/www.europesays.com\/es\/296761\/"},"modified":"2025-12-19T21:24:14","modified_gmt":"2025-12-19T21:24:14","slug":"enric-lluch-sera-el-segundo-de-pere-romeu","status":"publish","type":"post","link":"https:\/\/www.europesays.com\/es\/296761\/","title":{"rendered":"Enric Lluch ser\u00e1 el segundo de Pere Romeu"},"content":{"rendered":"<p class=\"ft-text\"><strong>Enric Lluch ser\u00e1 el nuevo segundo entrenador de Pere Romeu en el FC Barcelona, seg\u00fan ha podido saber SPORT. <\/strong>El t\u00e9cnico, que se incorpor\u00f3 al staff del actual entrenador el pasado verano de 2024 como asistente, asume ahora de forma oficial el cargo tras la salida de Rafel Navarro hace un mes y medio.<\/p>\n<p class=\"ft-text\">Lluch ya hab\u00eda desempe\u00f1ado ese rol en dos etapas distintas. Primero, durante la baja por paternidad de Navarro en las primeras semanas de la temporada, bajando de la zona alta del campo \u2014donde se sit\u00faan los analistas\u2014 al banquillo. <strong>Posteriormente, ha vuelto a ejercer como segundo entrenador durante este \u00faltimo mes y medio, <\/strong><a class=\"ft-link ft-link--decoration\" href=\"https:\/\/www.sport.es\/es\/noticias\/barca\/futbol-femenino\/rafel-navarro-explica-marcha-barca-123356383\" rel=\"nofollow noopener\" target=\"_blank\"><strong>tras la marcha del t\u00e9cnico de Gandesa<\/strong><\/a><strong> que hab\u00eda sido segundo de Llu\u00eds Cort\u00e9s, Jonatan Gir\u00e1ldez y del propio Romeu<\/strong>, y que dej\u00f3 el club para incorporarse a la selecci\u00f3n absoluta de Suiza.<\/p>\n<p>Nuevo asistente para el bal\u00f3n parado<\/p>\n<p class=\"ft-text\"><strong>Adem\u00e1s, el staff se refuerza con la incorporaci\u00f3n de Marc Soler<\/strong>, tal y como adelant\u00f3 MD. El hasta ahora entrenador del Sant Cugat FC, seg\u00fan ha podido saber este medio, <strong>se encargar\u00e1 de la estrategia y el bal\u00f3n parado, funciones que desempe\u00f1aba Navarro<\/strong> y que encajan con el perfil que buscaba Pere Romeu.<\/p>\n<p class=\"ft-text\">Soler era el <strong>segundo entrenador del primer equipo masculino del Sant Cugat FC, club en el que trabaja desde 2023 y que compite en Primera Catalana, y tambi\u00e9n dirig\u00eda al Sub-15 A de la Divisi\u00f3n de Honor Cadete<\/strong>. Adem\u00e1s, ejerc\u00eda como coordinador de juveniles de la entidad. Su trayectoria incluye experiencia internacional, ya que estuvo un a\u00f1o en el Alajuelense de Costa Rica, y tambi\u00e9n pas\u00f3 por el f\u00fatbol formativo de la Damm.<\/p>\n<p><img decoding=\"async\" src=\"https:\/\/www.europesays.com\/es\/wp-content\/uploads\/2025\/12\/87969c78-fb7e-450d-9d5b-e35ea358b326_alta-libre-aspect-ratio_default_0.jpg\" width=\"1200\" height=\"675\" alt=\"Marc Soler se incorpora al staff de Pere Romeu\" class=\"ft-helper-img-rd\" loading=\"lazy\"\/><\/p>\n<p class=\"ft-helper-fontColor-quaternary ft-helper-fontSize-body-S ft-helper-spacer-t-xxs\">Marc Soler se incorpora al staff de Pere Romeu  \/ SPORT<\/p>\n<p class=\"ft-text\">Formado acad\u00e9micamente en el INEFC, donde curs\u00f3 Ciencias de la Actividad F\u00edsica y el Deporte, Soler cuenta adem\u00e1s con un m\u00e1ster en profesorado de Educaci\u00f3n F\u00edsica y ejerce como docente en la Federaci\u00f3 Catalana de Futbol, <strong>un perfil que refuerza la apuesta del club por t\u00e9cnicos j\u00f3venes y con una base formativa s\u00f3lida.<\/strong><\/p>\n<p>Confianza en Romeu<\/p>\n<p class=\"ft-text\"><strong>Con este movimiento, el Bar\u00e7a refuerza tambi\u00e9n la confianza en Pere Romeu y en su cuerpo t\u00e9cnico, que tambi\u00e9n finaliza contrato el pr\u00f3ximo mes de junio.<\/strong> Se trata del primer movimiento del club este invierno, aunque responde a la necesidad de cubrir una baja. No obstante, podr\u00eda no ser el \u00fanico, ya que el directivo responsable Xavi Puig reconoci\u00f3 esta semana en TV3 que, tras la lesi\u00f3n de Aitana Bonmat\u00ed, el club est\u00e1 estudiando si es posible realizar alg\u00fan fichaje.<\/p>\n<p class=\"ft-text\">As\u00ed, el cuerpo t\u00e9cnico queda configurado de la siguiente manera: <strong>Pere Romeu <\/strong>como entrenador principal; <strong>Enric Lluch<\/strong> como segundo entrenador; <strong>Pol Grau <\/strong>como asistente <a class=\"ft-link ft-link--decoration\" href=\"https:\/\/www.sport.es\/es\/noticias\/barca\/futbol-femenino\/cuatro-cambios-staff-pere-romeu-120641420\" rel=\"nofollow noopener\" target=\"_blank\">encargado del trabajo individual desde este verano<\/a>; <strong>Marc Soler<\/strong> como asistente responsable de la estrategia y el bal\u00f3n parado; y <strong>Uri Casares<\/strong> como entrenador de porteras<\/p>\n","protected":false},"excerpt":{"rendered":"Enric Lluch ser\u00e1 el nuevo segundo entrenador de Pere Romeu en el FC Barcelona, seg\u00fan ha podido saber&hellip;\n","protected":false},"author":2,"featured_media":296762,"comment_status":"","ping_status":"","sticky":false,"template":"","format":"standard","meta":{"footnotes":""},"categories":[268],"tags":[168,4021,25,24,280,282,59539,9896,39740,1566,523,281,23,167],"class_list":{"0":"post-296761","1":"post","2":"type-post","3":"status-publish","4":"format-standard","5":"has-post-thumbnail","7":"category-futbol","8":"tag-deportes","9":"tag-enric","10":"tag-es","11":"tag-espana","12":"tag-football","13":"tag-futbol","14":"tag-lluch","15":"tag-pere","16":"tag-pere-romeu","17":"tag-segundo","18":"tag-sera","19":"tag-soccer","20":"tag-spain","21":"tag-sports"},"share_on_mastodon":{"url":"https:\/\/pubeurope.com\/@es\/115748344546361351","error":""},"_links":{"self":[{"href":"https:\/\/www.europesays.com\/es\/wp-json\/wp\/v2\/posts\/296761","targetHints":{"allow":["GET"]}}],"collection":[{"href":"https:\/\/www.europesays.com\/es\/wp-json\/wp\/v2\/posts"}],"about":[{"href":"https:\/\/www.europesays.com\/es\/wp-json\/wp\/v2\/types\/post"}],"author":[{"embeddable":true,"href":"https:\/\/www.europesays.com\/es\/wp-json\/wp\/v2\/users\/2"}],"replies":[{"embeddable":true,"href":"https:\/\/www.europesays.com\/es\/wp-json\/wp\/v2\/comments?post=296761"}],"version-history":[{"count":0,"href":"https:\/\/www.europesays.com\/es\/wp-json\/wp\/v2\/posts\/296761\/revisions"}],"wp:featuredmedia":[{"embeddable":true,"href":"https:\/\/www.europesays.com\/es\/wp-json\/wp\/v2\/media\/296762"}],"wp:attachment":[{"href":"https:\/\/www.europesays.com\/es\/wp-json\/wp\/v2\/media?parent=296761"}],"wp:term":[{"taxonomy":"category","embeddable":true,"href":"https:\/\/www.europesays.com\/es\/wp-json\/wp\/v2\/categories?post=296761"},{"taxonomy":"post_tag","embeddable":true,"href":"https:\/\/www.europesays.com\/es\/wp-json\/wp\/v2\/tags?post=296761"}],"curies":[{"name":"wp","href":"https:\/\/api.w.org\/{rel}","templated":true}]}}