{"id":296818,"date":"2025-12-19T22:01:18","date_gmt":"2025-12-19T22:01:18","guid":{"rendered":"https:\/\/www.europesays.com\/es\/296818\/"},"modified":"2025-12-19T22:01:18","modified_gmt":"2025-12-19T22:01:18","slug":"la-junta-electoral-expedienta-a-sanchez-por-la-rueda-de-prensa-de-balance-del-gobierno","status":"publish","type":"post","link":"https:\/\/www.europesays.com\/es\/296818\/","title":{"rendered":"La Junta Electoral expedienta a S\u00e1nchez por la rueda de prensa de balance del Gobierno"},"content":{"rendered":"\n<p>  19\/12\/2025 &#8211; 15:42  Actualizado: 19\/12\/2025 &#8211; 17:02   <\/p>\n<p> La Junta Electoral Central ha abierto <strong>expediente al presidente<\/strong> del Gobierno, Pedro S\u00e1nchez, por las declaraciones que hizo en la rueda de prensa de<a href=\"https:\/\/blogs.elconfidencial.com\/espana\/notebook\/2025-12-18\/ruptura-autodeterminacion-frente-plurinacional-sanchez-1hms_4268400\/\" target=\"_self\" rel=\"nofollow noopener\"> balance anual del Ejecutivo <\/a>del pasado lunes, cuando la campa\u00f1a electoral para las <strong>elecciones en Extremadura<\/strong> estaba en su ecuador. <\/p>\n<p> Con este acuerdo, la Junta Electoral Central estima la<a href=\"https:\/\/www.elconfidencial.com\/espana\/2025-12-16\/genova-denuncia-a-sanchez-ante-la-jec-por-comparecer-en-moncloa-en-plena-campana-electoral_4267831\/\" target=\"_self\" rel=\"nofollow noopener\"> denuncia presentada por el PP, <\/a>al considerar que las manifestaciones de S\u00e1nchez durante la citada rueda de prensa podr\u00edan <strong>vulnerar el deber de neutralidad<\/strong> en actos institucionales durante periodos electorales. <\/p>\n<p> Adem\u00e1s de la apertura del expediente, este \u00f3rgano ordena en su escrito<strong> retirar del canal oficial de la Moncloa de YouTube <\/strong>las referidas expresiones. <\/p>\n<p> Asimismo, insta al presidente del Gobierno a <strong>abstenerse en lo que resta de campa\u00f1a <\/strong>electoral de hacer actuaciones similares \u00abque puedan suponer<a href=\"https:\/\/www.elconfidencial.com\/espana\/2025-12-15\/sanchez-se-parapeta-en-que-no-hay-financiacion-ilegal-para-negar-su-responsabilidad-en-la-corrupcion_4266852\/\" target=\"_self\" rel=\"nofollow noopener\"> la vulneraci\u00f3n del deber de neutralidad <\/a>exigido a las autoridades p\u00fablicas\u00bb en este periodo. <\/p>\n<p>              <img decoding=\"async\" class=\"inTextNews__img\" alt=\"Foto: sanchez-se-parapeta-en-que-no-hay-financiacion-ilegal-para-negar-su-responsabilidad-en-la-corrupcion\" src=\"https:\/\/www.europesays.com\/es\/wp-content\/uploads\/2025\/12\/f.elconfidencial.com\/original\/ba6\/6d4\/e4d\/ba66d4e4d8efcc4da5bb486dcc86c993.jpg\"  \/>     <\/p>\n<p>TE PUEDE INTERESAR<\/p>\n<p>      <a class=\"inTextNews__title\" href=\"https:\/\/www.elconfidencial.com\/espana\/2025-12-15\/sanchez-se-parapeta-en-que-no-hay-financiacion-ilegal-para-negar-su-responsabilidad-en-la-corrupcion_4266852\/\" onclick=\"window.ECCO.emit(&#039;amplitude&#039;, { dataEventName: &#039;click_related_article_module&#039;, data: { related_article_url: &#039;https:\/\/www.elconfidencial.com\/espana\/2025-12-15\/sanchez-se-parapeta-en-que-no-hay-financiacion-ilegal-para-negar-su-responsabilidad-en-la-corrupcion_4266852\/&#039;, related_article_author: &#039;Marisol Hern\u00e1ndez&#039;, related_article_section: &#039;espana&#039; } })\" rel=\"nofollow noopener\" target=\"_blank\"> S\u00e1nchez se parapeta en que no hay financiaci\u00f3n ilegal para negar su responsabilidad en la corrupci\u00f3n <\/a>   <\/p>\n<p>    Marisol Hern\u00e1ndez   <\/p>\n<p> La Junta Electoral Central ha basado su decisi\u00f3n en la aplicaci\u00f3n del art\u00edculo 50.2 de la Ley org\u00e1nica del R\u00e9gimen Electoral (Loreig), que establece que desde la convocatoria de las elecciones y hasta su celebraci\u00f3n <strong>quedan prohibidos los actos en los que los poderes p\u00fablicos<\/strong> hagan alusiones a los logros conseguidos. Tambi\u00e9n cita el deber de objetividad, que, de acuerdo al art\u00edculo 103.1 de la Constituci\u00f3n, <strong>se debe respetar por parte de cargos p\u00fablicos<\/strong>. <\/p>\n<p> Seg\u00fan argumenta la JEC, S\u00e1nchez no se limit\u00f3 en su rueda de prensa a comunicar extremos relativos a la rendici\u00f3n de cuentas prevista para el acto convocado, sino que hizo tambi\u00e9n <a href=\"https:\/\/www.elconfidencial.com\/economia\/2025-12-15\/sanchez-anuncia-abono-transportes-unico-60-euros_4266808\/\" target=\"_self\" rel=\"nofollow noopener\">una serie de apreciaciones cr\u00edticas <\/a>de la actuaci\u00f3n de otros l\u00edderes pol\u00edticos y de las comunidades aut\u00f3nomas gobernadas por la oposici\u00f3n. <\/p>\n<p>              <img decoding=\"async\" class=\"inTextNews__img\" alt=\"Foto: psoe-pp-pucherazo-extremadura-elecciones-1tps\" src=\"https:\/\/www.europesays.com\/es\/wp-content\/uploads\/2025\/12\/f.elconfidencial.com\/original\/033\/2e2\/ed6\/0332e2ed6e6302121488dd4185db3f05.jpg\"  \/>     <\/p>\n<p>TE PUEDE INTERESAR<\/p>\n<p>      <a class=\"inTextNews__title\" href=\"https:\/\/www.elconfidencial.com\/espana\/2025-12-19\/psoe-pp-pucherazo-extremadura-elecciones-1tps_4270475\/\" onclick=\"window.ECCO.emit(&#039;amplitude&#039;, { dataEventName: &#039;click_related_article_module&#039;, data: { related_article_url: &#039;https:\/\/www.elconfidencial.com\/espana\/2025-12-19\/psoe-pp-pucherazo-extremadura-elecciones-1tps_4270475\/&#039;, related_article_author: &#039;Nieves Mira&#039;, related_article_section: &#039;espana&#039; } })\" rel=\"nofollow noopener\" target=\"_blank\"> S\u00e1nchez cierra la campa\u00f1a cargando contra Guardiola por agitar el \u00abpucherazo\u00bb <\/a>   <\/p>\n<p>    Agencias   <\/p>\n<p> Por otro lado, la JEC ha decidido <strong>no estimar el recurso del PSOE<\/strong> contra el acuerdo de la Junta Electoral de Extremadura que desestimaba a su vez una denuncia de este partido contra Vox por la colocaci\u00f3n de banderolas con la imagen del candidato socialista a la Asamblea extreme\u00f1a, <a href=\"https:\/\/www.elconfidencial.com\/espana\/2025-12-18\/1qrt-quien-es-miguel-angel-gallardo-psoe-extremadura-dedicaba-politico_4266694\/\" target=\"_self\" rel=\"nofollow noopener\">Miguel \u00c1ngel Gallardo<\/a>. <\/p>\n<p> En las banderolas, situadas en Badajoz, C\u00e1ceres y M\u00e9rida, aparece la imagen de Gallardo y la de la presidenta en funciones de la Junta y candidata del PP, <a href=\"https:\/\/www.elconfidencial.com\/espana\/2025-12-19\/maria-guardiola-pp-dedicaba-1qrt_4263798\/\" target=\"_self\" rel=\"nofollow noopener\">Mar\u00eda Guardiola,<\/a> junto a la frase <strong>\u00ab\u00a1Que no te estafen!\u00bb.<\/strong> <\/p>\n<p> El PSOE sosten\u00eda que en ellas no aparece firma, simbolog\u00eda o nombre que<strong> permita identificar a la formaci\u00f3n pol\u00edtica<\/strong> responsable de su elaboraci\u00f3n y colocaci\u00f3n, por lo que puede inducir a error al electorado, vulnerando con ello el principio de transparencia recogido en la Loreg. <\/p>\n<p> Ahora la JEC resuelve que el soporte documental aportado<strong> \u00ablleva a esta misma conclusi\u00f3n\u00bb <\/strong>y que no se vulnera el principio de transparencia porque \u00abaunque utilicen im\u00e1genes de candidatos de otras formaciones, permiten identificar a la formaci\u00f3n pol\u00edtica responsable de su elaboraci\u00f3n y colocaci\u00f3n, no induciendo a error\u00bb. <\/p>\n<p> La Junta Electoral Central ha abierto <strong>expediente al presidente<\/strong> del Gobierno, Pedro S\u00e1nchez, por las declaraciones que hizo en la rueda de prensa de<a href=\"https:\/\/blogs.elconfidencial.com\/espana\/notebook\/2025-12-18\/ruptura-autodeterminacion-frente-plurinacional-sanchez-1hms_4268400\/\" target=\"_self\" rel=\"nofollow noopener\"> balance anual del Ejecutivo <\/a>del pasado lunes, cuando la campa\u00f1a electoral para las <strong>elecciones en Extremadura<\/strong> estaba en su ecuador. <\/p>\n","protected":false},"excerpt":{"rendered":"19\/12\/2025 &#8211; 15:42 Actualizado: 19\/12\/2025 &#8211; 17:02 La Junta Electoral Central ha abierto expediente al presidente del Gobierno,&hellip;\n","protected":false},"author":2,"featured_media":296819,"comment_status":"","ping_status":"","sticky":false,"template":"","format":"standard","meta":{"footnotes":""},"categories":[5],"tags":[17,18,25,24,13,14,11,19,20,9,10,15,16,23,12,21,22],"class_list":{"0":"post-296818","1":"post","2":"type-post","3":"status-publish","4":"format-standard","5":"has-post-thumbnail","7":"category-titulares","8":"tag-breaking-news","9":"tag-breakingnews","10":"tag-es","11":"tag-espana","12":"tag-featured-news","13":"tag-featurednews","14":"tag-headlines","15":"tag-latest-news","16":"tag-latestnews","17":"tag-news","18":"tag-noticias","19":"tag-noticias-destacadas","20":"tag-noticiasdestacadas","21":"tag-spain","22":"tag-titulares","23":"tag-ultimas-noticias","24":"tag-ultimasnoticias"},"share_on_mastodon":{"url":"https:\/\/pubeurope.com\/@es\/115748489723087121","error":""},"_links":{"self":[{"href":"https:\/\/www.europesays.com\/es\/wp-json\/wp\/v2\/posts\/296818","targetHints":{"allow":["GET"]}}],"collection":[{"href":"https:\/\/www.europesays.com\/es\/wp-json\/wp\/v2\/posts"}],"about":[{"href":"https:\/\/www.europesays.com\/es\/wp-json\/wp\/v2\/types\/post"}],"author":[{"embeddable":true,"href":"https:\/\/www.europesays.com\/es\/wp-json\/wp\/v2\/users\/2"}],"replies":[{"embeddable":true,"href":"https:\/\/www.europesays.com\/es\/wp-json\/wp\/v2\/comments?post=296818"}],"version-history":[{"count":0,"href":"https:\/\/www.europesays.com\/es\/wp-json\/wp\/v2\/posts\/296818\/revisions"}],"wp:featuredmedia":[{"embeddable":true,"href":"https:\/\/www.europesays.com\/es\/wp-json\/wp\/v2\/media\/296819"}],"wp:attachment":[{"href":"https:\/\/www.europesays.com\/es\/wp-json\/wp\/v2\/media?parent=296818"}],"wp:term":[{"taxonomy":"category","embeddable":true,"href":"https:\/\/www.europesays.com\/es\/wp-json\/wp\/v2\/categories?post=296818"},{"taxonomy":"post_tag","embeddable":true,"href":"https:\/\/www.europesays.com\/es\/wp-json\/wp\/v2\/tags?post=296818"}],"curies":[{"name":"wp","href":"https:\/\/api.w.org\/{rel}","templated":true}]}}