{"id":296832,"date":"2025-12-19T22:16:23","date_gmt":"2025-12-19T22:16:23","guid":{"rendered":"https:\/\/www.europesays.com\/es\/296832\/"},"modified":"2025-12-19T22:16:23","modified_gmt":"2025-12-19T22:16:23","slug":"asi-se-hizo-el-documental-ellas-en-las-ciudad","status":"publish","type":"post","link":"https:\/\/www.europesays.com\/es\/296832\/","title":{"rendered":"as\u00ed se hizo el documental \u00bbEllas en las ciudad&#8217;"},"content":{"rendered":"<p class=\"ft-text\">\u00abEstos barrios se construyeron con hormig\u00f3n, pero se sostuvieron con cuidados\u00bb. As\u00ed resume <strong>Reyes Gallegos<\/strong>, urbanista y cineasta la forma en que nacieron los barrios de la periferia de Sevilla. Esos lugares de enormes bloques que se levantaron en medio de la nada. Literal. Su documental<strong> <\/strong><a class=\"ft-link ft-link--decoration\" href=\"https:\/\/www.elcorreoweb.es\/sevilla\/2025\/05\/21\/pusieron-flores-bloques-hormigon-documental-117656211.html\" target=\"_blank\" rel=\"nofollow noopener\"><strong>Ellas en la ciudad,<\/strong><\/a> que se puede ver en la plataforma Movistar+, ha sido uno de los grandes hallazgos de la temporada de cine hecho en Andaluc\u00eda y una suerte de espejo donde ver reflejado todos esos barrios, casi id\u00e9nticos, que se levantaron en las grandes capitales de toda Espa\u00f1a.<\/p>\n<p class=\"ft-text\">El <strong>Centro de Iniciativas Culturales de la Universidad de Sevilla<\/strong> (Cicus) acoge desde este jueves la exposici\u00f3n <strong>Ellas en la ciudad<\/strong>, un proyecto que analiza la transformaci\u00f3n de esos barrios perif\u00e9ricos sevillanos desde una perspectiva de g\u00e9nero y memoria urbana. La muestra, comisariada por la arquitecta y cineasta Reyes Gallegos, creadora del documental, pone el foco <a class=\"ft-link ft-link--decoration\" href=\"https:\/\/www.elcorreoweb.es\/opinion\/2025\/06\/13\/paisaje-implicito-ciudad-118559602.html\" target=\"_blank\" rel=\"nofollow noopener\">en el papel de las mujeres que sostuvieron la vida cotidiana en estos entornos a trav\u00e9s del cuidado, la organizaci\u00f3n vecinal y la lucha colectiv<\/a>a.<\/p>\n<p>Del urbanismo del hormig\u00f3n a la arquitectura social<\/p>\n<p class=\"ft-text\">La exposici\u00f3n sit\u00faa su eje lejos de la planificaci\u00f3n urban\u00edstica tradicional para centrarse en lo que Gallegos define como \u00abarquitectura social\u00bb. El proyecto recupera los relatos de una generaci\u00f3n de mujeres que lleg\u00f3 a los nuevos barrios perif\u00e9ricos en la d\u00e9cada de los setenta, espacios marcados por la precariedad y la ausencia de servicios b\u00e1sicos.<\/p>\n<p><img decoding=\"async\" src=\"https:\/\/www.europesays.com\/es\/wp-content\/uploads\/2025\/12\/9564771e-33d2-4aeb-b760-b6b3351ff78b_alta-libre-aspect-ratio_default_0.jpg\" width=\"1200\" height=\"677\" alt=\"Exposici\u00f3n de la cartograf\u00eda del documental 'Ellas en la ciudad' en el Cicus.\" class=\"ft-helper-img-rd\" loading=\"lazy\"\/><\/p>\n<p class=\"ft-helper-fontColor-quaternary ft-helper-fontSize-body-S ft-helper-spacer-t-xxs\">Exposici\u00f3n de la cartograf\u00eda del documental &#8216;Ellas en la ciudad&#8217; en el Cicus.  \/ Cedida<\/p>\n<p class=\"ft-text\">Desde una perspectiva de g\u00e9nero,<strong> Ellas en la ciudad<\/strong> muestra c\u00f3mo estas mujeres transformaron espacios inacabados en comunidades cohesionadas, convirtiendo la experiencia dom\u00e9stica y vecinal en una herramienta pol\u00edtica de supervivencia.<\/p>\n<blockquote class=\"ft-mol-quote ft-mol-quote--basic\" data-aida-cite=\"\"><p>La muestra reivindica el trabajo invisible de las mujeres como patrimonio cultural imprescindible para entender la Sevilla contempor\u00e1nea<\/p><\/blockquote>\n<p>Una exposici\u00f3n concebida como archivo vivo<\/p>\n<p class=\"ft-text\">Lejos de una exposici\u00f3n convencional, <strong>Ellas en la ciudad<\/strong> se presenta como un archivo en donde el visitante puede recorrer el itinerario de investigaci\u00f3n que dio origen al largometraje documental hom\u00f3nimo que ha sido recientemente nominado a seis Premios Carmen, dos Premios Asecan (que se entregan este s\u00e1bado) y al Premio Arrebato Feroz de no ficci\u00f3n.<\/p>\n<p><img decoding=\"async\" src=\"https:\/\/www.europesays.com\/es\/wp-content\/uploads\/2025\/12\/27b2cd90-1190-4c16-a545-9c4db3410a80_alta-libre-aspect-ratio_default_0.jpg\" width=\"1200\" height=\"1600\" alt=\"La directora del documental, Reyes Gallegos, con algunas de las protagonistas de 'Ellas en la ciudad' en la inauguraci\u00f3n de la exposici\u00f3n del Cicus.\" class=\"ft-helper-img-rd\" loading=\"lazy\"\/><\/p>\n<p class=\"ft-helper-fontColor-quaternary ft-helper-fontSize-body-S ft-helper-spacer-t-xxs\">La directora del documental, Reyes Gallegos, con algunas de las protagonistas de &#8216;Ellas en la ciudad&#8217; en la inauguraci\u00f3n de la exposici\u00f3n del Cicus.  \/ Cedida<\/p>\n<p class=\"ft-text\">La Sala Casaj\u00fas re\u00fane fotograf\u00edas tomadas por la propia directora durante su trabajo de campo, junto a materiales de archivo y documentaci\u00f3n que dan cuenta de un proceso de investigaci\u00f3n desarrollado a lo largo de varios a\u00f1os.<\/p>\n<blockquote class=\"ft-mol-quote ft-mol-quote--basic\" data-aida-cite=\"\"><p>La exposici\u00f3n incorpora materiales que se ampl\u00edan en cada ciudad donde se proyecta el documental<\/p><\/blockquote>\n<p class=\"ft-text\">A este corpus visual se suman las aportaciones de las fot\u00f3grafas Bea Hohenleiter y Ana Cayuela, responsables de la fotograf\u00eda fija, el making off y el registro de las protagonistas. \u00abEl archivo no est\u00e1 cerrado: crece con cada barrio y con cada mujer que comparte su historia\u00bb, se\u00f1ala Gallegos.<\/p>\n<p>Un mapa en expansi\u00f3n de la memoria perif\u00e9rica<\/p>\n<p class=\"ft-text\">Uno de los elementos m\u00e1s singulares del proyecto es su car\u00e1cter abierto. La exposici\u00f3n integra publicaciones y documentos que la comisaria contin\u00faa recopilando de forma org\u00e1nica en los distintos barrios y ciudades donde se exhibe el documental, convirtiendo la muestra en un mapa vivo de la memoria urbana perif\u00e9rica.<\/p>\n<p class=\"ft-text\">Este planteamiento permite que el archivo trascienda el espacio f\u00edsico del CICUS y funcione como una cartograf\u00eda en constante expansi\u00f3n sobre la experiencia femenina en la ciudad.<\/p>\n<p>Jornadas sobre cuerpo, ciudad y cuidados<\/p>\n<p class=\"ft-text\"><strong>Ellas en la ciudad<\/strong> forma parte del segundo cap\u00edtulo de las jornadas hom\u00f3nimas organizadas por el Cicus bajo el t\u00edtulo Transformaci\u00f3n y encuentro. El programa reflexiona sobre el impacto del urbanismo moderno en la salud f\u00edsica y mental de las mujeres y combina el enfoque antropol\u00f3gico de Soledad Castillero, la pr\u00e1ctica participativa de Mar Romero Alba y la creaci\u00f3n de nuevas cartograf\u00edas intergeneracionales lideradas por Reyes Gallegos.<\/p>\n<p class=\"ft-text\">Las sesiones se han desarrollado en barrios como Alcosa, San Diego y La Oliva, con el objetivo de rescatar los saberes y legados de las periferias sevillanas. \u00abPensar la ciudad desde los cuidados no es una opci\u00f3n est\u00e9tica, es una necesidad pol\u00edtica\u00bb, subraya la organizaci\u00f3n.<\/p>\n<blockquote class=\"ft-mol-quote ft-mol-quote--basic\" data-aida-cite=\"\"><p>La muestra se enmarca en unas jornadas que reivindican la \u00e9tica de los cuidados como base para ciudades m\u00e1s justas<\/p><\/blockquote>\n<p>Fecha y horario<\/p>\n<p class=\"ft-text\">La exposici\u00f3n Ellas en la ciudad puede visitarse del 18 de diciembre de 2025 al 20 de febrero de 2026 en la Sala Casaj\u00fas del CICUS (calle Madre de Dios, 1).<\/p>\n<p class=\"ft-text\">El horario es de lunes a viernes, de 10.00 a 20.00 horas (los viernes hasta las 19.45).<\/p>\n<p class=\"ft-text\">La entrada es libre hasta completar aforo.<\/p>\n","protected":false},"excerpt":{"rendered":"\u00abEstos barrios se construyeron con hormig\u00f3n, pero se sostuvieron con cuidados\u00bb. As\u00ed resume Reyes Gallegos, urbanista y cineasta&hellip;\n","protected":false},"author":2,"featured_media":296833,"comment_status":"","ping_status":"","sticky":false,"template":"","format":"standard","meta":{"footnotes":""},"categories":[169],"tags":[21743,70713,177,209,6084,146,147,25,24,2003,176,63995,175,4044,70712,1171,2877,23],"class_list":{"0":"post-296832","1":"post","2":"type-post","3":"status-publish","4":"format-standard","5":"has-post-thumbnail","7":"category-cine","8":"tag-barrios","9":"tag-cicus","10":"tag-cine","11":"tag-cultura","12":"tag-documental","13":"tag-entertainment","14":"tag-entretenimiento","15":"tag-es","16":"tag-espana","17":"tag-exposicion","18":"tag-film","19":"tag-levantaron","20":"tag-movies","21":"tag-mujeres","22":"tag-periferia","23":"tag-sevilla","24":"tag-son","25":"tag-spain"},"share_on_mastodon":{"url":"https:\/\/pubeurope.com\/@es\/115748548390190732","error":""},"_links":{"self":[{"href":"https:\/\/www.europesays.com\/es\/wp-json\/wp\/v2\/posts\/296832","targetHints":{"allow":["GET"]}}],"collection":[{"href":"https:\/\/www.europesays.com\/es\/wp-json\/wp\/v2\/posts"}],"about":[{"href":"https:\/\/www.europesays.com\/es\/wp-json\/wp\/v2\/types\/post"}],"author":[{"embeddable":true,"href":"https:\/\/www.europesays.com\/es\/wp-json\/wp\/v2\/users\/2"}],"replies":[{"embeddable":true,"href":"https:\/\/www.europesays.com\/es\/wp-json\/wp\/v2\/comments?post=296832"}],"version-history":[{"count":0,"href":"https:\/\/www.europesays.com\/es\/wp-json\/wp\/v2\/posts\/296832\/revisions"}],"wp:featuredmedia":[{"embeddable":true,"href":"https:\/\/www.europesays.com\/es\/wp-json\/wp\/v2\/media\/296833"}],"wp:attachment":[{"href":"https:\/\/www.europesays.com\/es\/wp-json\/wp\/v2\/media?parent=296832"}],"wp:term":[{"taxonomy":"category","embeddable":true,"href":"https:\/\/www.europesays.com\/es\/wp-json\/wp\/v2\/categories?post=296832"},{"taxonomy":"post_tag","embeddable":true,"href":"https:\/\/www.europesays.com\/es\/wp-json\/wp\/v2\/tags?post=296832"}],"curies":[{"name":"wp","href":"https:\/\/api.w.org\/{rel}","templated":true}]}}