{"id":296847,"date":"2025-12-19T22:25:28","date_gmt":"2025-12-19T22:25:28","guid":{"rendered":"https:\/\/www.europesays.com\/es\/296847\/"},"modified":"2025-12-19T22:25:28","modified_gmt":"2025-12-19T22:25:28","slug":"el-palacio-real-de-madrid-acoge-el-concierto-de-navidad-de-la-orquesta-y-coro-de-rtve","status":"publish","type":"post","link":"https:\/\/www.europesays.com\/es\/296847\/","title":{"rendered":"El Palacio Real de Madrid acoge el concierto de Navidad de la Orquesta y Coro de RTVE"},"content":{"rendered":"<p>\n      Escriba las palabras clave:<\/p>\n<p>\n      S\u00f3lo de los tipos:<\/p>\n<p>        &#8211; Cualquiera -Archivo de PalacioArt\u00edculoCiclo de ConciertosColecci\u00f3n RealComunicado de prensaEspacioEspacios (salas)EventosExposicionesLanding &#8211; Ciclo de conciertosLanding PageNoticiasPremioProceso SelectivoPrograma educativoPublicaci\u00f3nP\u00e1gina b\u00e1sicaRecursos did\u00e1cticosRetratoRevista Reales SitiosSitios (Visitas)Tipo de Colecci\u00f3n Real\n        <\/p>\n<p>                  Buscar<\/p>\n","protected":false},"excerpt":{"rendered":"Escriba las palabras clave: S\u00f3lo de los tipos: &#8211; Cualquiera -Archivo de PalacioArt\u00edculoCiclo de ConciertosColecci\u00f3n RealComunicado de prensaEspacioEspacios&hellip;\n","protected":false},"author":2,"featured_media":296848,"comment_status":"","ping_status":"","sticky":false,"template":"","format":"standard","meta":{"footnotes":""},"categories":[5],"tags":[17,18,25,24,13,14,11,19,20,9,10,15,16,23,12,21,22],"class_list":{"0":"post-296847","1":"post","2":"type-post","3":"status-publish","4":"format-standard","5":"has-post-thumbnail","7":"category-titulares","8":"tag-breaking-news","9":"tag-breakingnews","10":"tag-es","11":"tag-espana","12":"tag-featured-news","13":"tag-featurednews","14":"tag-headlines","15":"tag-latest-news","16":"tag-latestnews","17":"tag-news","18":"tag-noticias","19":"tag-noticias-destacadas","20":"tag-noticiasdestacadas","21":"tag-spain","22":"tag-titulares","23":"tag-ultimas-noticias","24":"tag-ultimasnoticias"},"share_on_mastodon":{"url":"https:\/\/pubeurope.com\/@es\/115748583718268743","error":""},"_links":{"self":[{"href":"https:\/\/www.europesays.com\/es\/wp-json\/wp\/v2\/posts\/296847","targetHints":{"allow":["GET"]}}],"collection":[{"href":"https:\/\/www.europesays.com\/es\/wp-json\/wp\/v2\/posts"}],"about":[{"href":"https:\/\/www.europesays.com\/es\/wp-json\/wp\/v2\/types\/post"}],"author":[{"embeddable":true,"href":"https:\/\/www.europesays.com\/es\/wp-json\/wp\/v2\/users\/2"}],"replies":[{"embeddable":true,"href":"https:\/\/www.europesays.com\/es\/wp-json\/wp\/v2\/comments?post=296847"}],"version-history":[{"count":0,"href":"https:\/\/www.europesays.com\/es\/wp-json\/wp\/v2\/posts\/296847\/revisions"}],"wp:featuredmedia":[{"embeddable":true,"href":"https:\/\/www.europesays.com\/es\/wp-json\/wp\/v2\/media\/296848"}],"wp:attachment":[{"href":"https:\/\/www.europesays.com\/es\/wp-json\/wp\/v2\/media?parent=296847"}],"wp:term":[{"taxonomy":"category","embeddable":true,"href":"https:\/\/www.europesays.com\/es\/wp-json\/wp\/v2\/categories?post=296847"},{"taxonomy":"post_tag","embeddable":true,"href":"https:\/\/www.europesays.com\/es\/wp-json\/wp\/v2\/tags?post=296847"}],"curies":[{"name":"wp","href":"https:\/\/api.w.org\/{rel}","templated":true}]}}