{"id":296857,"date":"2025-12-19T22:36:11","date_gmt":"2025-12-19T22:36:11","guid":{"rendered":"https:\/\/www.europesays.com\/es\/296857\/"},"modified":"2025-12-19T22:36:11","modified_gmt":"2025-12-19T22:36:11","slug":"detenido-el-tesorero-del-eliseo-que-saqueo-mas-de-100-piezas-de-la-vajilla-de-macron-y-se-las-vendio-a-un-trabajador-del-louvre","status":"publish","type":"post","link":"https:\/\/www.europesays.com\/es\/296857\/","title":{"rendered":"Detenido el tesorero del El\u00edseo, que saque\u00f3 m\u00e1s de 100 piezas de la vajilla de Macron y se las vendi\u00f3 a un trabajador del Louvre"},"content":{"rendered":"<p style=\"\">Francia asiste at\u00f3nita al expolio de sus tesoros patrimoniales en una oleada de robos sin precedentes. Al<a href=\"https:\/\/www.abc.es\/cultura\/cierran-museo-louvre-paris-tars-reportar-robo-20251019113225-nt.html\" title=\"www.abc.es\" data-voc-vtm-id=\"in-text-traffic\" data-mrf-link=\"www.abc.es\" rel=\"nofollow noopener\" target=\"_blank\"> saqueo de joyas del Louvre, <\/a>de oro en el Museo de Historia Natural o cer\u00e1mica en el Museo Adrien-Dubouch\u00e9 de Limoges se suma nada menos que la  &#8230; propia casa del presidente, Emmanuel Macron. Este lunes el <strong>tesorero del palacio del El\u00edseo<\/strong> ha reconocido que durante casi dos a\u00f1os robaba piezas de porcelana de la vajilla de Presidencia para vend\u00e9rsela, precisamente, a un coleccionista de Versalles y trabajador del Louvre.<\/p>\n<p class=\"voc-p\" style=\"\">Tal como ha contado el diario &#8216;Le Parisien&#8217;, Thomas M., de unos cuarenta a\u00f1os, maestro de sala y tesorero de la Presidencia de la Rep\u00fablica, habr\u00eda urdido un plan para retirar<strong> piezas de porcelana de la vajilla del El\u00edseo<\/strong> para poder venderlas a un coleccionista. Incluso lleg\u00f3 a falsificar los inventarios de tesorer\u00eda del palacio, por lo que goz\u00f3 de discreci\u00f3n en su actividad criminal durante m\u00e1s de un a\u00f1o, a pesar de que los objetos eran de uso habitual en cenas y otras ceremonias oficiales que tienen lugar en la hist\u00f3rica vivienda del jefe del Estado franc\u00e9s y su familia, en este caso, su mujer, Brigitte Macron.<\/p>\n<p class=\"voc-p\" style=\"\">Gracias a su puesto como m\u00e1ximo responsable de la gesti\u00f3n de este patrimonio, que hab\u00eda ostentado durante los \u00faltimos cinco a\u00f1os, Thomas M. logr\u00f3 sustraer <strong>m\u00e1s de 100 piezas,<\/strong> como tazas, platos o cubiertos, parte de una colecci\u00f3n que Marcon orden\u00f3 comprar a la prestigiosa f\u00e1brica de porcelana de S\u00e8vres por medio mill\u00f3n de euros, como<a href=\"https:\/\/www.abc.es\/internacional\/abci-acusan-macron-gastarse-500000-euros-vajilla-nueva-para-palacio-eliseo-201806161109_noticia.html\" title=\"www.abc.es\" data-voc-vtm-id=\"in-text-traffic\" data-mrf-link=\"www.abc.es\" rel=\"nofollow noopener\" target=\"_blank\"> ya cont\u00f3 ABC en 2018. <\/a><\/p>\n<p class=\"voc-p\" style=\"\">En el juicio de este lunes, adem\u00e1s del tesorero se han sentado en el banquillo su mujer, que trabaja en un anticuario, y una tercera persona: un joven de 30 a\u00f1os residente en Versalles, que adem\u00e1s de ser un a<strong>pasionado coleccionista de porcelana<\/strong> trabaja dentro del equipo de seguridad del Museo del Louvre, en principio, sin relaci\u00f3n con el robo de m\u00e1s de 88 millones de euros en joyas del pasado octubre.<\/p>\n<p class=\"voc-p\" style=\"\">Seg\u00fan la investigaci\u00f3n de la Gendarmer\u00eda, fue el joven, conocido como Ghislain M., quien habr\u00eda convencido al tesorero de urdir un plan para que le vendiera porcelana del El\u00edseo. Tuvieron un primer contacto en redes sociales en 2024 y al poco tiempo, mes tras mes, recib\u00eda partes de la vajilla de Estado fuera de todo rastro, aunque finalmente las desapariciones llamaron la atenci\u00f3n del personal del palacio, que <strong>puso sobre aviso a las autoridades.<\/strong><\/p>\n<p class=\"voc-p\" style=\"\">El pasado martes se produjeron las tres detenciones y todos confesaron en custodia. En el dormitorio del coleccionista apareci\u00f3 gran parte de las piezas, cuidadosamente envueltas y guardadas. \u00abSin duda, se dej\u00f3 llevar por la pasi\u00f3n que lo impulsaba\u00bb, lo ha justificado su abogado este viernes durante el juicio. <\/p>\n<p class=\"voc-p\" style=\"\">Aunque de menor valor, este incidente es el \u00faltimo de una extra\u00f1a <strong>tendencia de robos de arte <\/strong>en territorio franc\u00e9s que empez\u00f3 a concentrarse a finales de 2024. Todo un a\u00f1o para no olvidar, especialmente si se quiere marcar el final de una oleada sin precedentes.<\/p>\n","protected":false},"excerpt":{"rendered":"Francia asiste at\u00f3nita al expolio de sus tesoros patrimoniales en una oleada de robos sin precedentes. Al saqueo&hellip;\n","protected":false},"author":2,"featured_media":296858,"comment_status":"","ping_status":"","sticky":false,"template":"","format":"standard","meta":{"footnotes":""},"categories":[173],"tags":[21882,229,233,231,230,232,8838,234,47820,146,147,25,24,9212,24564,5534,70715,23,70714,11791,70716,18102],"class_list":{"0":"post-296857","1":"post","2":"type-post","3":"status-publish","4":"format-standard","5":"has-post-thumbnail","7":"category-arte-y-diseno","8":"tag-21882","9":"tag-arte","10":"tag-arte-y-diseno","11":"tag-arts","12":"tag-arts-and-design","13":"tag-design","14":"tag-detenido","15":"tag-diseno","16":"tag-eliseo","17":"tag-entertainment","18":"tag-entretenimiento","19":"tag-es","20":"tag-espana","21":"tag-louvre","22":"tag-macron","23":"tag-piezas","24":"tag-saqueo","25":"tag-spain","26":"tag-tesorero","27":"tag-trabajador","28":"tag-vajilla","29":"tag-vendio"},"share_on_mastodon":{"url":"https:\/\/pubeurope.com\/@es\/115748626977305805","error":""},"_links":{"self":[{"href":"https:\/\/www.europesays.com\/es\/wp-json\/wp\/v2\/posts\/296857","targetHints":{"allow":["GET"]}}],"collection":[{"href":"https:\/\/www.europesays.com\/es\/wp-json\/wp\/v2\/posts"}],"about":[{"href":"https:\/\/www.europesays.com\/es\/wp-json\/wp\/v2\/types\/post"}],"author":[{"embeddable":true,"href":"https:\/\/www.europesays.com\/es\/wp-json\/wp\/v2\/users\/2"}],"replies":[{"embeddable":true,"href":"https:\/\/www.europesays.com\/es\/wp-json\/wp\/v2\/comments?post=296857"}],"version-history":[{"count":0,"href":"https:\/\/www.europesays.com\/es\/wp-json\/wp\/v2\/posts\/296857\/revisions"}],"wp:featuredmedia":[{"embeddable":true,"href":"https:\/\/www.europesays.com\/es\/wp-json\/wp\/v2\/media\/296858"}],"wp:attachment":[{"href":"https:\/\/www.europesays.com\/es\/wp-json\/wp\/v2\/media?parent=296857"}],"wp:term":[{"taxonomy":"category","embeddable":true,"href":"https:\/\/www.europesays.com\/es\/wp-json\/wp\/v2\/categories?post=296857"},{"taxonomy":"post_tag","embeddable":true,"href":"https:\/\/www.europesays.com\/es\/wp-json\/wp\/v2\/tags?post=296857"}],"curies":[{"name":"wp","href":"https:\/\/api.w.org\/{rel}","templated":true}]}}