{"id":296892,"date":"2025-12-19T23:02:13","date_gmt":"2025-12-19T23:02:13","guid":{"rendered":"https:\/\/www.europesays.com\/es\/296892\/"},"modified":"2025-12-19T23:02:13","modified_gmt":"2025-12-19T23:02:13","slug":"jon-larsen-recuerda-el-momento-mas-terrorifico-de-volbeat-en-un-concierto-algo-iba-mal-busque-con-la-mirada-al-tipo-que-tiene-el-boton-del-hombre-muerto","status":"publish","type":"post","link":"https:\/\/www.europesays.com\/es\/296892\/","title":{"rendered":"Jon Larsen recuerda el momento m\u00e1s terror\u00edfico de Volbeat en un concierto: \u201cAlgo iba mal; busqu\u00e9 con la mirada al tipo que tiene el bot\u00f3n del hombre muerto\u201d"},"content":{"rendered":"<p data-start=\"118\" data-end=\"396\">Con la llegada de la Navidad, la m\u00fasica es uno de los mejores regalos que le puedes brindar a tus seres queridos. Pero m\u00e1s all\u00e1 de los vinilos y CDs, que seguramente ya tendr\u00e1s preparados, qu\u00e9 mejor que obsequiar a un mel\u00f3mano con una buena dosis de contenido de rock y metal.<\/p>\n<p data-start=\"366\" data-end=\"742\">El n\u00famero <strong data-start=\"369\" data-end=\"397\"><a href=\"https:\/\/mariskalrock.com\/actualidad\/la-heavy-477-ya-a-la-venta-con-megadeth-en-portada-junto-al-rockalendario-2026-scorpions-helloween-o-avatar-thomas-raggi-o-volbeat\/\" target=\"_blank\" rel=\"noopener nofollow\">477 de La Heavy<\/a><\/strong>, con cien p\u00e1ginas y contenidos exclusivos que no encontrar\u00e1s en ning\u00fan otro soporte, ya est\u00e1 a la venta en\u00a0<strong>kioscos y puntos de venta de todo el pa\u00eds por<\/strong>\u00a0<strong data-start=\"563\" data-end=\"570\">5 \u20ac<\/strong>, y tambi\u00e9n en\u00a0<strong><a href=\"https:\/\/tienda.mariskalrock.com\/producto\/la-heavy-477-ya-a-la-venta-con-megadeth-en-portada-junto-al-rockalendario-2026-scorpions-helloween-avatar-thoman-raggi-o-volbeat\/\" target=\"_blank\" rel=\"noopener nofollow\">nuestra tienda online por 6 \u20ac<\/a><\/strong>, env\u00edo incluido. \u00bfA qu\u00e9 esperas? Hazte con la tuya y disfruta de la mejor informaci\u00f3n sobre tu m\u00fasica favorita.<\/p>\n<p data-start=\"366\" data-end=\"742\">En esta ocasi\u00f3n, encontrar\u00e1s entrevistas en profundidad a <strong data-start=\"467\" data-end=\"484\">Dave Mustaine (Megadeth)<\/strong> y <strong data-start=\"500\" data-end=\"517\">Matthias Jabs<\/strong> <strong>(Scorpions)<\/strong>, entre muchos otros contenidos imperdibles. Tambi\u00e9n, al pasar p\u00e1ginas, podr\u00e1s descubrir una interesante conversaci\u00f3n entre <strong data-start=\"658\" data-end=\"675\">Jason Cenador<\/strong> y <strong data-start=\"678\" data-end=\"692\">Jon Larsen<\/strong>, bater\u00eda de <strong>Volbeat.<\/strong><\/p>\n<p data-start=\"366\" data-end=\"742\">La charla se extendi\u00f3 demasiado, causando que no pudiera comprimirse al completo en la revista. Uno de los instantes que no aparecen reflejados es cuando Larsen record\u00f3 cu\u00e1l fue el momento m\u00e1s terror\u00edfico de la banda en un concierto: \u201cProbablemente cuando hace a\u00f1os hicimos un concierto al aire libre en Aarhus, en Dinamarca, en el que llev\u00e1bamos mucha pirotecnia, la cual no era la que us\u00e1bamos habitualmente, sino que era de una empresa diferente, aunque no nos lo dijeron\u201d.<\/p>\n<blockquote class=\"instagram-media\" style=\"background: #FFF; border: 0; border-radius: 3px; box-shadow: 0 0 1px 0 rgba(0,0,0,0.5),0 1px 10px 0 rgba(0,0,0,0.15); margin: 1px; max-width: 540px; min-width: 326px; padding: 0; width: calc(100% - 2px);\" data-instgrm-captioned=\"\" data-instgrm-permalink=\"https:\/\/www.instagram.com\/p\/DQAr5BcD55U\/?utm_source=ig_embed&amp;utm_campaign=loading\" data-instgrm-version=\"14\">\n<\/blockquote>\n<p data-start=\"1197\" data-end=\"1663\">Y continu\u00f3 relatando c\u00f3mo fue este instante tan tenso: \u201cLas llamas ten\u00edan que salir de ambos lados y llenarlo todo al final de la canci\u00f3n, pero cuando empezaron a salir, sentimos que hab\u00eda much\u00edsimo m\u00e1s calor del normal, que algo iba mal. Las llamas segu\u00edan saliendo, algo iba mal en t\u00e9rminos de seguridad, as\u00ed que busqu\u00e9 con la mirada al tipo que tiene lo que llamamos \u2018el bot\u00f3n del hombre muerto\u2019, que puede apretar para que todo se interrumpa. Pero no lo ve\u00eda\u201d.<\/p>\n<p data-start=\"1665\" data-end=\"2192\">Despu\u00e9s de esto, comenz\u00f3 a angustiarse: \u201cMi t\u00e9cnico de bater\u00eda sali\u00f3 corriendo, aunque siempre lo hac\u00eda durante la pirotecnia, nunca se quedaba. Y yo pod\u00eda sentir las llamas, estaba claro que algo fallaba. \u00a1Me iba a quemar ah\u00ed! Intent\u00e9 mirar alrededor mientras tocaba y no encontraba a nadie, y no quer\u00eda dejar de tocar porque era un concierto grande. Despu\u00e9s, consegu\u00ed cruzar la mirada con el t\u00e9cnico de guitarra de Michael (Poulsen) e intent\u00e9 hacerle la se\u00f1al de que todo se parase, y \u00e9l estaba como: \u2018\u00bfC\u00f3mo? No quiero\u2019\u201d.<\/p>\n<p data-start=\"2194\" data-end=\"2816\">Y la situaci\u00f3n empez\u00f3 a empeorar: \u201cAs\u00ed que las llamas empezaron a acercarse y yo empec\u00e9 a inclinarme hacia la bater\u00eda esperando que no me alcanzaran. Cuando al final todo se apag\u00f3, simplemente tuve que dejar de tocar. No me pod\u00eda mover de la bater\u00eda. Y Michael, siendo como es, solamente se dio la vuelta dijo: \u2018Oh, creo que hemos frito al viejo. \u00bfEst\u00e1s bien?\u2019 Y s\u00ed, estaba bien, pero resulta que utilizaban un l\u00edquido diferente al que sol\u00edamos usar y nadie nos dijo que iba a ser mucho m\u00e1s duro. Todo era seguro, pero dio bastante miedo. No hemos usado pirotecnia desde entonces, aunque no por ese motivo\u201d.<\/p>\n<p style=\"text-align: center;\" data-start=\"2194\" data-end=\"2816\"><a target=\"_blank\" href=\"https:\/\/tienda.mariskalrock.com\/producto\/la-heavy-477-ya-a-la-venta-con-megadeth-en-portada-junto-al-rockalendario-2026-scorpions-helloween-avatar-thoman-raggi-o-volbeat\/\" rel=\"nofollow noopener\"><img fetchpriority=\"high\" decoding=\"async\" class=\"alignnone wp-image-380367 size-full\" src=\"https:\/\/www.europesays.com\/es\/wp-content\/uploads\/2025\/12\/la-heavy-477-fb.webp.webp\" alt=\"\" width=\"600\" height=\"315\"  \/><\/a><\/p>\n<p data-start=\"2686\" data-end=\"3006\">Si quieres conocer m\u00e1s detalles sobre <strong>Volbeat<\/strong>, a trav\u00e9s de su ic\u00f3nico bater\u00eda <strong data-start=\"678\" data-end=\"692\">Jon Larsen<\/strong>, recuerda que <strong data-start=\"2839\" data-end=\"2855\">La Heavy 477<\/strong>\u00a0te est\u00e1 esperando en kioscos de todo el pa\u00eds\u00a0y en\u00a0<a href=\"https:\/\/tienda.mariskalrock.com\/producto\/la-heavy-477-ya-a-la-venta-con-megadeth-en-portada-junto-al-rockalendario-2026-scorpions-helloween-avatar-thoman-raggi-o-volbeat\/\" target=\"_blank\" rel=\"noopener nofollow\"><strong>nuestra tienda online<\/strong><\/a>. Adem\u00e1s, puedes consultar nuestro\u00a0<strong><a href=\"https:\/\/mariskalrock.com\/wp-content\/uploads\/2025\/10\/puntos-de-venta-preferentes-2025-2.xlsx\" target=\"_blank\" rel=\"noopener nofollow\">kilom\u00e9trico listado de puntos de venta preferentes<\/a>,<\/strong>\u00a0con la seguridad de que habr\u00e1 un kiosco muy cerca de ti con tu revista favorita, o mandar un e-mail a\u00a0<strong data-start=\"3194\" data-end=\"3231\"><a href=\"https:\/\/mariskalrock.com\/actualidad\/jon-larsen-recuerda-el-momento-mas-terrorifico-de-volbeat-en-un-concierto-algo-iba-mal-busque-con-la-mirada-al-tipo-que-tiene-el-boton-del-hombre-muerto\/mailto:pedidos@mariskalrock.com\" target=\"_blank\" rel=\"noopener nofollow\">pedidos@mariskalrock.com<\/a><\/strong>\u00a0para que, casi por arte de magia, aparezca en el punto de venta que t\u00fa quieres.<\/p>\n<p data-start=\"3008\" data-end=\"3313\"><strong><a href=\"https:\/\/tienda.mariskalrock.com\/\" target=\"_blank\" rel=\"noopener nofollow\">\u00a1Tambi\u00e9n puedes conseguir n\u00fameros antiguos en nuestra tienda online!<\/a><\/strong>\u00a0Y recuerda que tienes disponible la\u00a0<strong><a href=\"https:\/\/tienda.mariskalrock.com\/producto\/suscripcion-anual\/\" target=\"_blank\" rel=\"noopener nofollow\">suscripci\u00f3n anual a La Heavy<\/a><\/strong>, con 12 n\u00fameros que llegar\u00e1n puntualmente a tu casa\u00a0<strong><a href=\"https:\/\/tienda.mariskalrock.com\/producto\/suscripcion-anual\/\" target=\"_blank\" rel=\"noopener nofollow\">por solo 50\u20ac<\/a><\/strong>.<\/p>\n<p>                         <a target=\"_blank\" href=\"http:\/\/www.mariskalrock.com\" class=\"url\" title=\"Alfonso Herreros\" rel=\"nofollow noopener\"> <img loading=\"lazy\" decoding=\"async\" alt=\"Alfonso Herreros\" src=\"https:\/\/www.europesays.com\/es\/wp-content\/uploads\/2025\/12\/1766185333_200_26c6e9bbf17d5bd012e077614c37eae6ad0f217989dda0aede0e4c1fcfe3ae72\"  class=\"avatar avatar-250 photo\" height=\"250\" width=\"250\"\/><\/a>  <a href=\"http:\/\/www.mariskalrock.com\" class=\"url\" target=\"_blank\" title=\"Alfonso Herreros\" rel=\"nofollow noopener\"><img loading=\"lazy\" decoding=\"async\" alt=\"Alfonso Herreros\" src=\"https:\/\/www.europesays.com\/es\/wp-content\/uploads\/2025\/12\/1766185333_200_26c6e9bbf17d5bd012e077614c37eae6ad0f217989dda0aede0e4c1fcfe3ae72\"  class=\"avatar avatar-250 photo\" height=\"250\" width=\"250\"\/><\/a>\u00daltimas entradas de Alfonso Herreros (<a target=\"_blank\" href=\"https:\/\/mariskalrock.com\/author\/alfonso-herreros\/\" rel=\"nofollow noopener\">ver todo<\/a>)  <\/p>\n<p>\t\t\t\t<script async src=\"\/\/www.instagram.com\/embed.js\"><\/script><\/p>\n","protected":false},"excerpt":{"rendered":"Con la llegada de la Navidad, la m\u00fasica es uno de los mejores regalos que le puedes brindar&hellip;\n","protected":false},"author":2,"featured_media":296893,"comment_status":"","ping_status":"","sticky":false,"template":"","format":"standard","meta":{"footnotes":""},"categories":[170],"tags":[21619,146,147,25,24,70727,66992,70728,13321,4622,184,185,58482,23,45444],"class_list":{"0":"post-296892","1":"post","2":"type-post","3":"status-publish","4":"format-standard","5":"has-post-thumbnail","7":"category-musica","8":"tag-dave-mustaine","9":"tag-entertainment","10":"tag-entretenimiento","11":"tag-es","12":"tag-espana","13":"tag-jon-larsen","14":"tag-la-heavy-477","15":"tag-matthias-jabs","16":"tag-megadeth","17":"tag-mr2022","18":"tag-music","19":"tag-musica","20":"tag-scorpions","21":"tag-spain","22":"tag-volbeat"},"share_on_mastodon":{"url":"https:\/\/pubeurope.com\/@es\/115748729508089545","error":""},"_links":{"self":[{"href":"https:\/\/www.europesays.com\/es\/wp-json\/wp\/v2\/posts\/296892","targetHints":{"allow":["GET"]}}],"collection":[{"href":"https:\/\/www.europesays.com\/es\/wp-json\/wp\/v2\/posts"}],"about":[{"href":"https:\/\/www.europesays.com\/es\/wp-json\/wp\/v2\/types\/post"}],"author":[{"embeddable":true,"href":"https:\/\/www.europesays.com\/es\/wp-json\/wp\/v2\/users\/2"}],"replies":[{"embeddable":true,"href":"https:\/\/www.europesays.com\/es\/wp-json\/wp\/v2\/comments?post=296892"}],"version-history":[{"count":0,"href":"https:\/\/www.europesays.com\/es\/wp-json\/wp\/v2\/posts\/296892\/revisions"}],"wp:featuredmedia":[{"embeddable":true,"href":"https:\/\/www.europesays.com\/es\/wp-json\/wp\/v2\/media\/296893"}],"wp:attachment":[{"href":"https:\/\/www.europesays.com\/es\/wp-json\/wp\/v2\/media?parent=296892"}],"wp:term":[{"taxonomy":"category","embeddable":true,"href":"https:\/\/www.europesays.com\/es\/wp-json\/wp\/v2\/categories?post=296892"},{"taxonomy":"post_tag","embeddable":true,"href":"https:\/\/www.europesays.com\/es\/wp-json\/wp\/v2\/tags?post=296892"}],"curies":[{"name":"wp","href":"https:\/\/api.w.org\/{rel}","templated":true}]}}