{"id":296910,"date":"2025-12-19T23:11:28","date_gmt":"2025-12-19T23:11:28","guid":{"rendered":"https:\/\/www.europesays.com\/es\/296910\/"},"modified":"2025-12-19T23:11:28","modified_gmt":"2025-12-19T23:11:28","slug":"quien-es-el-padre-de-carlos-alcaraz-al-que-senalan-en-su-divorcio-profesional-con-ferrero","status":"publish","type":"post","link":"https:\/\/www.europesays.com\/es\/296910\/","title":{"rendered":"Qui\u00e9n es el padre de Carlos Alcaraz al que se\u00f1alan en su divorcio profesional con Ferrero"},"content":{"rendered":"<p class=\"paragraph\">Todas las miradas se dirigen hacia <b>Carlos Alcaraz<\/b> despu\u00e9s de que este mi\u00e9rcoles emitiera un comunicado en el que anunciaba su ruptura profesional con<b> Juan Carlos Ferrero<\/b>, al que muchos consideran el art\u00edfice de su ascenso en el tenis. Tras la carta p\u00fablica del deportista murciano haciendo p\u00fablica la separaci\u00f3n profesional de su director t\u00e9cnico, lleg\u00f3 el turno de Ferrero, que entre muchas otras cosas, ha dejado claro que le hubiera gustado seguir entrenando a Alcaraz. Estas palabras fueron interpretadas por todos los seguidores del tenis de tal manera que no hab\u00eda sido una decisi\u00f3n mutua y consensuada. Es por ello que, entre las teor\u00edas que se acercan a este divorcio, cobra fuerza la que se\u00f1ala al padre de Carlos Alcaraz.<\/p>\n<p class=\"paragraph\">El origen del adi\u00f3s de Ferrero a Alcaraz se habr\u00eda dado en las <b>negociaciones de la renovaci\u00f3n de su contrato,<\/b> por lo que una de las razones de esta ruptura ser\u00eda econ\u00f3mica y no por una mala relaci\u00f3n -de hecho, el tenista ha dado cuenta en su comunicado la admiraci\u00f3n que siente por su ya ex entrenador-. Es por ello que una de las hip\u00f3tesis apunta a Carlos Alcaraz Gonz\u00e1lez -padre del deportista-, como el culpable de esta decisi\u00f3n. \u00c9l tambi\u00e9n triunf\u00f3 como tenista, lleg\u00f3 a ser subcampe\u00f3n de Espa\u00f1a y a principios de los 90 form\u00f3 parte del circuito de la ATP (su mejor r\u00e1nking fue 963 del mundo, seg\u00fan la web oficial), pero no cont\u00f3 con las oportunidades necesarias para desarrollarse como jugador, empezando por las econ\u00f3micas.<\/p>\n<p class=\"c-detail__media__subtitle composite_image\">\n<p>        Carlos Alcaraz celebra el t\u00edtulo de Roland Garros con sus padres Virginia y Carlos y con su hermano \u00c1lvaroAFP<\/p>\n<p class=\"paragraph\">Ha sido la Cadena COPE la que, en primera instancia, ha puesto sobre la mesa esta conjetura que apunta tensiones entre Ferrero y el padre del ganador de seis Grand Slams, que siempre ha tratado de mantenerse en la sombra pese a la fama de su v\u00e1stago. Eso s\u00ed, en 2022, cuando su hijo se convirti\u00f3 en el tenista m\u00e1s joven en la calificaci\u00f3n de la ATP no dud\u00f3, como padre orgulloso, en dar declaraciones a medios, lo que le hizo saltar a la palestra medi\u00e1tica.<\/p>\n<p class=\"paragraph\">Carlos Alcaraz senior siempre ha tratado que el tenista mantenga los pies en la tierra pese a su \u00e9xito, pese a que fue la primera persona que confi\u00f3 en \u00e9l. \u00abCuando yo ten\u00eda ocho o nueve a\u00f1os, los domingos que no hab\u00eda nadie trabajando en el club, \u00edbamos a dar unas bolas durante una hora u hora y media. Los domingos por la noche, los s\u00e1bados&#8230; Pero durante la semana yo ten\u00eda mi entrenador, mi grupo. Y \u00e9l nunca se ha metido en la pista\u00bb, confes\u00f3 el tenista en una publicaci\u00f3n en su cuenta de Instagram, donde tambi\u00e9n revel\u00f3 que su progenitor -que es director de la escuela de tenis del <b>Club de Campo de Murcia<\/b>&#8211; siempre ha sido aficionado a este deporte -de hecho, aunque no de manera profesional, tambi\u00e9n se dedic\u00f3 al tenis-.<\/p>\n<p class=\"paragraph\"><b>Virginia Garfia <\/b>tambi\u00e9n se ha encargado de que el tenista mantenga los valores y la humildad de su vida antes de ser conocido. Al igual que su marido, Virginia siempre ha apoyado su hijo desde las gradas cuando se enfrentaba a partidos en tierra batida y siempre ha estado presente en los d\u00edas m\u00e1s importantes para su v\u00e1stago, como en Wimbledon, en el Mutua Madrid Open o en Roland Garros como su fan n\u00famero uno.<\/p>\n<p class=\"paragraph\">De la misma manera que han trascendido pocos detalles sobre la vida privada del padre de Alcaraz, de su madre solo se conoce que es sevillana, aunque desde hace tiempo reside en Murcia, donde ha formado su hogar con su esposo y con el resto de sus hijos, \u00c1lvaro, Jaime y Sergio, hermanos del hombre m\u00e1s buscado del d\u00eda.<\/p>\n","protected":false},"excerpt":{"rendered":"Todas las miradas se dirigen hacia Carlos Alcaraz despu\u00e9s de que este mi\u00e9rcoles emitiera un comunicado en el&hellip;\n","protected":false},"author":2,"featured_media":296911,"comment_status":"","ping_status":"","sticky":false,"template":"","format":"standard","meta":{"footnotes":""},"categories":[5],"tags":[17,18,25,24,13,14,11,19,20,9,10,15,16,23,12,21,22],"class_list":{"0":"post-296910","1":"post","2":"type-post","3":"status-publish","4":"format-standard","5":"has-post-thumbnail","7":"category-titulares","8":"tag-breaking-news","9":"tag-breakingnews","10":"tag-es","11":"tag-espana","12":"tag-featured-news","13":"tag-featurednews","14":"tag-headlines","15":"tag-latest-news","16":"tag-latestnews","17":"tag-news","18":"tag-noticias","19":"tag-noticias-destacadas","20":"tag-noticiasdestacadas","21":"tag-spain","22":"tag-titulares","23":"tag-ultimas-noticias","24":"tag-ultimasnoticias"},"share_on_mastodon":{"url":"https:\/\/pubeurope.com\/@es\/115748764597433544","error":""},"_links":{"self":[{"href":"https:\/\/www.europesays.com\/es\/wp-json\/wp\/v2\/posts\/296910","targetHints":{"allow":["GET"]}}],"collection":[{"href":"https:\/\/www.europesays.com\/es\/wp-json\/wp\/v2\/posts"}],"about":[{"href":"https:\/\/www.europesays.com\/es\/wp-json\/wp\/v2\/types\/post"}],"author":[{"embeddable":true,"href":"https:\/\/www.europesays.com\/es\/wp-json\/wp\/v2\/users\/2"}],"replies":[{"embeddable":true,"href":"https:\/\/www.europesays.com\/es\/wp-json\/wp\/v2\/comments?post=296910"}],"version-history":[{"count":0,"href":"https:\/\/www.europesays.com\/es\/wp-json\/wp\/v2\/posts\/296910\/revisions"}],"wp:featuredmedia":[{"embeddable":true,"href":"https:\/\/www.europesays.com\/es\/wp-json\/wp\/v2\/media\/296911"}],"wp:attachment":[{"href":"https:\/\/www.europesays.com\/es\/wp-json\/wp\/v2\/media?parent=296910"}],"wp:term":[{"taxonomy":"category","embeddable":true,"href":"https:\/\/www.europesays.com\/es\/wp-json\/wp\/v2\/categories?post=296910"},{"taxonomy":"post_tag","embeddable":true,"href":"https:\/\/www.europesays.com\/es\/wp-json\/wp\/v2\/tags?post=296910"}],"curies":[{"name":"wp","href":"https:\/\/api.w.org\/{rel}","templated":true}]}}