{"id":296920,"date":"2025-12-19T23:21:11","date_gmt":"2025-12-19T23:21:11","guid":{"rendered":"https:\/\/www.europesays.com\/es\/296920\/"},"modified":"2025-12-19T23:21:11","modified_gmt":"2025-12-19T23:21:11","slug":"chef-karlos-arguinano-77-anos-hago-watsu-que-es-una-gimnasia-que-solo-se-hace-en-tres-sitios-en-espana","status":"publish","type":"post","link":"https:\/\/www.europesays.com\/es\/296920\/","title":{"rendered":"Chef Karlos Argui\u00f1ano (77 a\u00f1os): \u201cHago Watsu, que es una gimnasia que solo se hace en tres sitios en Espa\u00f1a\u201d"},"content":{"rendered":"<p class=\"\"><b>Karlos Argui\u00f1ano<\/b> es sin\u00f3nimo de vitalidad. A sus <b>77 a\u00f1os<\/b>, no vislumbra la retirada de la televisi\u00f3n, donde d\u00eda tras d\u00eda conquista a su audiencia con el programa de \u2018Cocina abierta\u2019, en Antena 3.<\/p>\n<p class=\"\">Un programa del que ha hablado este mismo jueves durante su entrevista en <b>\u2018El Hormiguero\u2019<\/b>, donde tambi\u00e9n se ha referido a otros temas cuando le ha preguntado Pablo Motos, siendo uno de ellos su buen estado f\u00edsico.<\/p>\n<p class=\"\">\u201c\u00bfPor qu\u00e9 est\u00e1s tan joven?<b> \u00bfHaces Watsu?<\/b>\u201c, le preguntaba Motos, a lo que el chef vasco, que no tuvo problemas en abordar el tema, contest\u00f3 afirmando, refiri\u00e9ndose a esta metodolog\u00eda de entrenamiento desconocida para mucha gente.<\/p>\n<p class=\"\">Y es que muy poca gente es consciente de lo que es realmente el <b>Watsu<\/b>. <b>\u201cEs una gimnasia que se hace en piscina climatizada, y que te tienen una hora\u201d<\/b>, se\u00f1alaba, incidiendo en que se debe practicar dentro del agua y con la ayuda de un monitor.<\/p>\n<p class=\"\">Entonces, Argui\u00f1ano explicaba el propio funcionamiento del ejercicio: \u201c<b>Tienes la cabeza fuera del agua, te cogen con cari\u00f1o, te van moviendo los brazos y las piernas. Sales absolutamente relajado<\/b>\u201d.<\/p>\n<p class=\"\">Se trata de un deporte que es de origen oriental y que no es muy conocido en Espa\u00f1a. De hecho, tal y como ha reconocido el propio Karlos Argui\u00f1ano,<b> \u201csolo hay tres sitios donde se hace\u201d<\/b>. \u201cYo te lo recomiendo\u201d, le dec\u00eda a Pablo Motos.<\/p>\n<p>Noticias relacionadas<a href=\"https:\/\/as.com\/tikitakas\/gastronomia\/chef-karlos-arguinano-las-tres-mejores-recetas-de-mi-vida-llevarian-huevo-una-legumbre-y-una-buena-costilla-de-cerdo-f202512-n\/\" class=\"s_m_w\" title=\"El cocinero vasco ha sido el \u00faltimo invitado de \u2018El Hormiguero\u2019 de Pablo Motos en el a\u00f1o 2025.\" data-tb-link=\"\" rel=\"nofollow noopener\" target=\"_blank\"><img decoding=\"async\" src=\"https:\/\/www.europesays.com\/es\/wp-content\/uploads\/2025\/12\/JFWRRWYXJ5DX7JPACQ3VHKFAUU.jpg\" alt=\"Chef Karlos Argui\u00f1ano: \u201cLas tres mejores recetas de mi vida llevan huevo, una legumbre y una buena costilla de cerdo\u201d\" class=\"\" height=\"9\" width=\"16\"   loading=\"lazy\" data-tb-thumbnail=\"\"\/><\/a><a href=\"https:\/\/as.com\/tikitakas\/famosos\/karlos-arguinano-sobre-como-conocio-a-su-mujer-hace-52-anos-pedi-un-baile-en-una-discoteca-y-como-era-el-agarrau-ahora-somos-28-f202512-n\/\" class=\"s_m_w\" title=\"El cocinero ha revelado en una entrevista con el medio vasco \u2018Naiz\u2019 la singular forma en la que conoci\u00f3 a su mujer, Mar\u00eda Luisa Ameztoy Alfaro.\" data-tb-link=\"\" rel=\"nofollow noopener\" target=\"_blank\"><img decoding=\"async\" src=\"https:\/\/www.europesays.com\/es\/wp-content\/uploads\/2025\/12\/1766186471_639_WBGJT3STUFHA5J3RIUD6PRBWX4.png\" alt=\"Karlos Argui\u00f1ano, sobre c\u00f3mo conoci\u00f3 a su mujer: \u201cHace 52 a\u00f1os ped\u00ed un baile en una discoteca y como era el \u2018agarrau\u2019 ahora somos 28\u201d\" class=\"\" height=\"9\" width=\"16\"   loading=\"lazy\" data-tb-thumbnail=\"\"\/><\/a><\/p>\n<p class=\"\">Un ejercicio f\u00edsico que apenas le roba tiempo, y es que, como \u00e9l mismo se\u00f1ala, <b>\u201chago mi rutina de 45 minutos<\/b>. Esto es oriental\u201d.<\/p>\n<p class=\"\"><b>\u00a1Tus opiniones importan!<\/b> Comenta en los art\u00edculos y suscr\u00edbete gratis a nuestra <a href=\"https:\/\/asfan.as.com\/newsletters\/\" target=\"_blank\" rel=\"nofollow noopener\" title=\"https:\/\/asfan.as.com\/newsletters\/\">newsletter<\/a> y a las alertas informativas en la <a href=\"https:\/\/as.com\/aplicacion-de-as-n\/\" target=\"_blank\" rel=\"nofollow noopener\" title=\"https:\/\/as.com\/aplicacion-de-as-n\/\">App<\/a> o el canal de <a href=\"https:\/\/www.whatsapp.com\/channel\/0029VaAasdA7j6g745nz9M10\" target=\"_blank\" rel=\"nofollow noopener\" title=\"https:\/\/www.whatsapp.com\/channel\/0029VaAasdA7j6g745nz9M10\">WhatsApp<\/a>. \u00bfBuscas licenciar contenido? Haz clic <a href=\"https:\/\/profesional.elpais.com\/soluciones-sindicacion?utm_medium=interno&amp;utm_source=crosslinking&amp;utm_campaign=sindicacion_as_pie_articulos\" target=\"_blank\" rel=\"nofollow noopener\" title=\"https:\/\/profesional.elpais.com\/soluciones-sindicacion?utm_medium=interno&amp;utm_source=crosslinking&amp;utm_campaign=sindicacion_as_pie_articulos\">aqu\u00ed<\/a><\/p>\n","protected":false},"excerpt":{"rendered":"Karlos Argui\u00f1ano es sin\u00f3nimo de vitalidad. A sus 77 a\u00f1os, no vislumbra la retirada de la televisi\u00f3n, donde&hellip;\n","protected":false},"author":2,"featured_media":123749,"comment_status":"","ping_status":"","sticky":false,"template":"","format":"standard","meta":{"footnotes":""},"categories":[174],"tags":[255,146,147,25,24,256,23],"class_list":{"0":"post-296920","1":"post","2":"type-post","3":"status-publish","4":"format-standard","5":"has-post-thumbnail","7":"category-famosos","8":"tag-celebrities","9":"tag-entertainment","10":"tag-entretenimiento","11":"tag-es","12":"tag-espana","13":"tag-famosos","14":"tag-spain"},"share_on_mastodon":{"url":"https:\/\/pubeurope.com\/@es\/115748804353066730","error":""},"_links":{"self":[{"href":"https:\/\/www.europesays.com\/es\/wp-json\/wp\/v2\/posts\/296920","targetHints":{"allow":["GET"]}}],"collection":[{"href":"https:\/\/www.europesays.com\/es\/wp-json\/wp\/v2\/posts"}],"about":[{"href":"https:\/\/www.europesays.com\/es\/wp-json\/wp\/v2\/types\/post"}],"author":[{"embeddable":true,"href":"https:\/\/www.europesays.com\/es\/wp-json\/wp\/v2\/users\/2"}],"replies":[{"embeddable":true,"href":"https:\/\/www.europesays.com\/es\/wp-json\/wp\/v2\/comments?post=296920"}],"version-history":[{"count":0,"href":"https:\/\/www.europesays.com\/es\/wp-json\/wp\/v2\/posts\/296920\/revisions"}],"wp:featuredmedia":[{"embeddable":true,"href":"https:\/\/www.europesays.com\/es\/wp-json\/wp\/v2\/media\/123749"}],"wp:attachment":[{"href":"https:\/\/www.europesays.com\/es\/wp-json\/wp\/v2\/media?parent=296920"}],"wp:term":[{"taxonomy":"category","embeddable":true,"href":"https:\/\/www.europesays.com\/es\/wp-json\/wp\/v2\/categories?post=296920"},{"taxonomy":"post_tag","embeddable":true,"href":"https:\/\/www.europesays.com\/es\/wp-json\/wp\/v2\/tags?post=296920"}],"curies":[{"name":"wp","href":"https:\/\/api.w.org\/{rel}","templated":true}]}}