{"id":296921,"date":"2025-12-19T23:22:30","date_gmt":"2025-12-19T23:22:30","guid":{"rendered":"https:\/\/www.europesays.com\/es\/296921\/"},"modified":"2025-12-19T23:22:30","modified_gmt":"2025-12-19T23:22:30","slug":"una-casa-reformada-en-estilo-minimalista-que-ha-sacado-a-la-luz-la-roca-del-suelo","status":"publish","type":"post","link":"https:\/\/www.europesays.com\/es\/296921\/","title":{"rendered":"Una casa reformada en estilo minimalista que ha sacado a la luz la roca del suelo"},"content":{"rendered":"<p data-journey-content=\"true\" data-node-id=\"2\" class=\"css-6wxqfj emevuu60\">En muchas <strong data-node-id=\"2.1\">reformas<\/strong>, a la hora de excavar pueden surgir sorpresas de todo tipo: en esta casa la sorpresa fue el caliche, la piedra calc\u00e1rea de la zona de<strong data-node-id=\"2.5\"> Los Montesinos (Alicante).<\/strong> Sin embargo, en lugar de ocultarlo o eliminarlo aqu\u00ed se incorpor\u00f3 al propio proyecto, dejando entrever el origen de la vivienda situada en pleno casco urbano de la localidad. Adem\u00e1s, el interior se ha dise\u00f1ado <strong data-node-id=\"2.7\">en tonos neutros y con materiales casi minimalistas, <\/strong>con lo que la piedra cobra a\u00fan m\u00e1s protagonistmo, mezcla las formas curvas con las l\u00edneas rectas y los espacios parecen no tener l\u00edmite. <\/p>\n<p data-journey-content=\"true\" data-node-id=\"5\" class=\"css-6wxqfj emevuu60\">Serg\u00fan explican desde el <strong data-node-id=\"5.1\">estudio de arquitectura ABEZ<\/strong>, encargados del proyecto, la casa se encuentra en una parcela alargada encajada entre otros edificios y cuenta con un patio en uno de sus extremos al que acceden los espacios principales. Al haber crecido las viviendas contiguas en altura, uno de los aspectos m\u00e1s importante ha sido la b\u00fasqueda de la luz, algo que se ha logrado abriendo la cubierta. \u201cLos nuevos huecos permiten que el sol llegue hasta el nivel de la piedra, poniendo en relaci\u00f3n directa la roca, la luz y el recorrido del sol. La luz se va desplazando sobre las rocas a lo largo del d\u00eda, una forma de hacer visible el paso del tiempo en el interior\u201d, se\u00f1alan desde el estudio.  <\/p>\n<p><img draggable=\"true\" alt=\"casa abez\" title=\"casa abez\" loading=\"lazy\" width=\"1500\" height=\"2000\" decoding=\"async\" data-nimg=\"1\" style=\"color:transparent;width:100%;height:auto;\"   src=\"https:\/\/www.europesays.com\/es\/wp-content\/uploads\/2025\/12\/38-bunker-abez-web-692eefac6bc60.jpg\" class=\"css-0 e1g79fud0\"\/><\/p>\n<p>David Zarzoso<\/p>\n<p><img draggable=\"true\" alt=\"casa abez\" title=\"casa abez\" loading=\"lazy\" width=\"2000\" height=\"1500\" decoding=\"async\" data-nimg=\"1\" style=\"color:transparent;width:100%;height:auto;\"   src=\"https:\/\/www.europesays.com\/es\/wp-content\/uploads\/2025\/12\/17-bunker-abez-web-692eefa0a8c17.jpg\" class=\"css-0 e1g79fud0\"\/><\/p>\n<p>David Zarzoso<\/p>\n<p><img draggable=\"true\" alt=\"casa abez\" title=\"casa abez\" loading=\"lazy\" width=\"1500\" height=\"2000\" decoding=\"async\" data-nimg=\"1\" style=\"color:transparent;width:100%;height:auto;\"   src=\"https:\/\/www.europesays.com\/es\/wp-content\/uploads\/2025\/12\/37-bunker-abez-web-692eefa6e1b82.jpg\" class=\"css-0 e1g79fud0\"\/><\/p>\n<p>David Zarzoso<\/p>\n<p><img draggable=\"true\" alt=\"casa abez\" title=\"casa abez\" loading=\"lazy\" width=\"1500\" height=\"2000\" decoding=\"async\" data-nimg=\"1\" style=\"color:transparent;width:100%;height:auto;\"   src=\"https:\/\/www.europesays.com\/es\/wp-content\/uploads\/2025\/12\/33-bunker-abez-web-692eefa64d358.jpg\" class=\"css-0 e1g79fud0\"\/><\/p>\n<p>David Zarzoso<\/p>\n<p><img draggable=\"true\" alt=\"casa abez\" title=\"casa abez\" loading=\"lazy\" width=\"1500\" height=\"2000\" decoding=\"async\" data-nimg=\"1\" style=\"color:transparent;width:100%;height:auto;\"   src=\"https:\/\/www.europesays.com\/es\/wp-content\/uploads\/2025\/12\/09-bunker-abez-web-692eefa046dbc.jpg\" class=\"css-0 e1g79fud0\"\/><\/p>\n<p>David Zarzoso<\/p>\n<p><img draggable=\"true\" alt=\"casa abez\" title=\"casa abez\" loading=\"lazy\" width=\"1500\" height=\"2000\" decoding=\"async\" data-nimg=\"1\" style=\"color:transparent;width:100%;height:auto;\"   src=\"https:\/\/www.europesays.com\/es\/wp-content\/uploads\/2025\/12\/01-bunker-abez-web-692eefa0a698b.jpg\" class=\"css-0 e1g79fud0\"\/><\/p>\n<p>David Zarzoso<\/p>\n<p><img draggable=\"true\" alt=\"casa abez\" title=\"casa abez\" loading=\"lazy\" width=\"1500\" height=\"2000\" decoding=\"async\" data-nimg=\"1\" style=\"color:transparent;width:100%;height:auto;\"   src=\"https:\/\/www.europesays.com\/es\/wp-content\/uploads\/2025\/12\/32-bunker-abez-web-692eefa0afbb1.jpg\" class=\"css-0 e1g79fud0\"\/><\/p>\n<p>David Zarzoso<\/p>\n<p data-journey-content=\"true\" data-node-id=\"14\" class=\"css-6wxqfj emevuu60\">Se ha instalado un suelo continuo de hormig\u00f3n, que unifica la planta y sirve de base neutra sobre la cual aparece, de forma puntual, la piedra calc\u00e1rea. Por su parte, <strong data-node-id=\"14.1\">la distribuci\u00f3n de la vivienda <\/strong>est\u00e1 organizada sin pasillos haciendo los l\u00edmites de las distintas estancias difusos, como una secuencia de recorridos que conduce a las habitaciones. La circulaci\u00f3n y la forma de habitar se mezclan y \u201cse atraviesan las estancias para moverse por la casa, funcionando como un espacio compartido y no como suma de cuartos independientes\u201d. <\/p>\n<p data-journey-content=\"true\" data-node-id=\"18\" class=\"css-6wxqfj emevuu60\">Por su parte, <strong data-node-id=\"18.1\">la fachada<\/strong> apenas se ha modificado, manteni\u00e9ndo elementos como el z\u00f3calo a la tirolesa tradicional o los cercos de m\u00e1rmol en las ventanas. Tambi\u00e9n se mantiene la gran puerta de garaje que permite abrir la casa a los amigos abriendo el interior a la calle. \u201cUna continuidad con la manera local de vivir a ras de suelo\u201d, concluyen desde el estudio. <\/p>\n<p><img draggable=\"true\" alt=\"casa abez\" title=\"casa abez\" loading=\"lazy\" width=\"1500\" height=\"2000\" decoding=\"async\" data-nimg=\"1\" style=\"color:transparent;width:100%;height:auto;\"   src=\"https:\/\/www.europesays.com\/es\/wp-content\/uploads\/2025\/12\/39-bunker-abez-web-692eeface3ecf.jpg\" class=\"css-0 e1g79fud0\"\/><\/p>\n<p>David Zarzoso<\/p>\n<p> <img draggable=\"true\" alt=\"casa abez\" title=\"casa abez\" loading=\"lazy\" width=\"1500\" height=\"2000\" decoding=\"async\" data-nimg=\"1\" style=\"color:transparent;width:100%;height:auto;\"   src=\"https:\/\/www.europesays.com\/es\/wp-content\/uploads\/2025\/12\/05-bunker-abez-web-692eefa6ac0cf.jpg\" class=\"css-0 e1g79fud0\"\/><\/p>\n<p>David Zarzoso<\/p>\n<p><img draggable=\"true\" alt=\"casa abez\" title=\"casa abez\" loading=\"lazy\" width=\"1500\" height=\"2000\" decoding=\"async\" data-nimg=\"1\" style=\"color:transparent;width:100%;height:auto;\"   src=\"https:\/\/www.europesays.com\/es\/wp-content\/uploads\/2025\/12\/31-bunker-abez-web-692eefa0a3ee0.jpg\" class=\"css-0 e1g79fud0\"\/><\/p>\n<p>David Zarzoso<\/p>\n<p><img draggable=\"true\" alt=\"casa abez\" title=\"casa abez\" loading=\"lazy\" width=\"1500\" height=\"2000\" decoding=\"async\" data-nimg=\"1\" style=\"color:transparent;width:100%;height:auto;\"   src=\"https:\/\/www.europesays.com\/es\/wp-content\/uploads\/2025\/12\/29-bunker-abez-web-692eefa0e7a48.jpg\" class=\"css-0 e1g79fud0\"\/><\/p>\n<p>David Zarzoso<\/p>\n<p><img draggable=\"true\" alt=\"casa abez\" title=\"casa abez\" loading=\"lazy\" width=\"1500\" height=\"2000\" decoding=\"async\" data-nimg=\"1\" style=\"color:transparent;width:100%;height:auto;\"   src=\"https:\/\/www.europesays.com\/es\/wp-content\/uploads\/2025\/12\/35-bunker-abez-web-692eefa6dfb3e.jpg\" class=\"css-0 e1g79fud0\"\/><\/p>\n<p>David Zarzoso<\/p>\n<p><img draggable=\"true\" alt=\"casa abez\" title=\"casa abez\" loading=\"lazy\" width=\"1500\" height=\"2000\" decoding=\"async\" data-nimg=\"1\" style=\"color:transparent;width:100%;height:auto;\"   src=\"https:\/\/www.europesays.com\/es\/wp-content\/uploads\/2025\/12\/07-bunker-abez-web-692eefa6d6da8.jpg\" class=\"css-0 e1g79fud0\"\/><\/p>\n<p>David Zarzoso<\/p>\n<p><img draggable=\"true\" alt=\"casa abez\" title=\"casa abez\" loading=\"lazy\" width=\"1500\" height=\"2000\" decoding=\"async\" data-nimg=\"1\" style=\"color:transparent;width:100%;height:auto;\"   src=\"https:\/\/www.europesays.com\/es\/wp-content\/uploads\/2025\/12\/14-bunker-abez-web-692eefa687df6.jpg\" class=\"css-0 e1g79fud0\"\/><\/p>\n<p>David Zarzoso<\/p>\n<p data-journey-content=\"true\" data-node-id=\"31\" class=\"css-6wxqfj emevuu60\"><strong data-node-id=\"31.0\"><a href=\"https:\/\/abez.design\/\" target=\"_blank\" rel=\"nofollow noopener\" data-vars-ga-outbound-link=\"https:\/\/abez.design\/\" data-vars-ga-ux-element=\"Hyperlink\" data-vars-ga-call-to-action=\"abez.design\" data-node-id=\"31.0.0.0\" class=\"body-link css-15fjk10 emevuu60\">abez.design<\/a><\/strong><\/p>\n<p><img src=\"https:\/\/www.europesays.com\/es\/wp-content\/uploads\/2025\/12\/7ffc8884-8cd8-409c-8495-02a57a523805_1660891687.file\" alt=\"Headshot of Eduardo Infante\" title=\"Headshot of Eduardo Infante\" width=\"100%\" height=\"100%\" decoding=\"async\" loading=\"lazy\" class=\"css-o0wq4v ev8dhu53\"\/><\/p>\n<p>\u00a0<a href=\" https:\/\/www.linkedin.com\/in\/eduardo-infante-mart%C3%ADn-16468a27\/\">Eduardo Infante<\/a> es periodista especializado en estilo de vida, concretamente en temas de dise\u00f1o, interiorismo, arquitectura, artesan\u00eda y decoraci\u00f3n.\u00a0<\/p>\n<p>\u00a0Desde hace casi una d\u00e9cada ha centrado su carrera en seleccionar y escribir sobre las novedades m\u00e1s interesantes en estos campos: desde la reforma de una vivienda a la inauguraci\u00f3n de un nuevo hotel, pasando por la \u00faltima colecci\u00f3n de muebles outdoor o el lanzamiento de un libro especializado.\u00a0<\/p>\n<p>\u00a0Licenciado en Periodismo en la Universidad del Pa\u00eds Vasco, antes de formar parte del equipo de Elle Decor Espa\u00f1a ha trabajado como redactor en AD Espa\u00f1a, la revista Tentaciones o la agencia Europa Press. Como colaborador, su firma ha sido habitual en medios como El Pa\u00eds, Arquitectura y Dise\u00f1o, Vanity Fair o El Confidencial.\u00a0<\/p>\n<p>\u00a0Adem\u00e1s de su trabajo como periodista, Eduardo Infante ha trabajado como consultor de comunicaci\u00f3n y content curator para estudios de interiorismo y arquitectura y como copy creativo para marcas del sector. Tambi\u00e9n ha impartido clases en varios cursos dirigidos a profesionales del interiorismo y es profesor de la asignatura de Comunicaci\u00f3n de Proyecto en el M\u00e1ster de Interiorismo de IED Madrid.\u00a0<\/p>\n<p>\u00a0En sus ratos libres, se declara fan fatal de Los Simpson, los podcasts de true crime, la m\u00fasica Italo Disco y el vermut.\u00a0<\/p>\n","protected":false},"excerpt":{"rendered":"En muchas reformas, a la hora de excavar pueden surgir sorpresas de todo tipo: en esta casa la&hellip;\n","protected":false},"author":2,"featured_media":296922,"comment_status":"","ping_status":"","sticky":false,"template":"","format":"standard","meta":{"footnotes":""},"categories":[173],"tags":[229,233,231,230,232,234,1180,146,147,25,24,23],"class_list":{"0":"post-296921","1":"post","2":"type-post","3":"status-publish","4":"format-standard","5":"has-post-thumbnail","7":"category-arte-y-diseno","8":"tag-arte","9":"tag-arte-y-diseno","10":"tag-arts","11":"tag-arts-and-design","12":"tag-design","13":"tag-diseno","14":"tag-editorial","15":"tag-entertainment","16":"tag-entretenimiento","17":"tag-es","18":"tag-espana","19":"tag-spain"},"share_on_mastodon":{"url":"https:\/\/pubeurope.com\/@es\/115748808337344498","error":""},"_links":{"self":[{"href":"https:\/\/www.europesays.com\/es\/wp-json\/wp\/v2\/posts\/296921","targetHints":{"allow":["GET"]}}],"collection":[{"href":"https:\/\/www.europesays.com\/es\/wp-json\/wp\/v2\/posts"}],"about":[{"href":"https:\/\/www.europesays.com\/es\/wp-json\/wp\/v2\/types\/post"}],"author":[{"embeddable":true,"href":"https:\/\/www.europesays.com\/es\/wp-json\/wp\/v2\/users\/2"}],"replies":[{"embeddable":true,"href":"https:\/\/www.europesays.com\/es\/wp-json\/wp\/v2\/comments?post=296921"}],"version-history":[{"count":0,"href":"https:\/\/www.europesays.com\/es\/wp-json\/wp\/v2\/posts\/296921\/revisions"}],"wp:featuredmedia":[{"embeddable":true,"href":"https:\/\/www.europesays.com\/es\/wp-json\/wp\/v2\/media\/296922"}],"wp:attachment":[{"href":"https:\/\/www.europesays.com\/es\/wp-json\/wp\/v2\/media?parent=296921"}],"wp:term":[{"taxonomy":"category","embeddable":true,"href":"https:\/\/www.europesays.com\/es\/wp-json\/wp\/v2\/categories?post=296921"},{"taxonomy":"post_tag","embeddable":true,"href":"https:\/\/www.europesays.com\/es\/wp-json\/wp\/v2\/tags?post=296921"}],"curies":[{"name":"wp","href":"https:\/\/api.w.org\/{rel}","templated":true}]}}