{"id":296939,"date":"2025-12-19T23:32:28","date_gmt":"2025-12-19T23:32:28","guid":{"rendered":"https:\/\/www.europesays.com\/es\/296939\/"},"modified":"2025-12-19T23:32:28","modified_gmt":"2025-12-19T23:32:28","slug":"ceremonia-de-egreso-conjunto-en-el-colegio-militar-de-la-nacion","status":"publish","type":"post","link":"https:\/\/www.europesays.com\/es\/296939\/","title":{"rendered":"Ceremonia de Egreso Conjunto en el Colegio Militar de la Naci\u00f3n"},"content":{"rendered":"<p>El Palomar &#8211; Ayer por la tarde se llev\u00f3 a cabo la ceremonia de Egreso Conjunto en el Patio de Honor \u201cGeneral San Mart\u00edn\u201d del Colegio Militar de la Naci\u00f3n. En ese marco, guardiamarinas, subtenientes y alf\u00e9reces recibieron sus sables y espadas, y prestaron juramento de fidelidad y respeto a la Constituci\u00f3n Nacional, incorpor\u00e1ndose formalmente como oficiales de las Fuerzas Armadas.<\/p>\n<p>El acto fue presidido por el Presidente de la Naci\u00f3n, Doctor Javier Gerardo Milei, acompa\u00f1ado por la Secretaria General de la Presidencia, Karina Milei, y el Ministro de Defensa, Teniente General Carlos Alberto Presti.<\/p>\n<p><img decoding=\"async\" src=\"https:\/\/www.europesays.com\/es\/wp-content\/uploads\/2025\/12\/1766167407726.jpg\" alt=\"\" title=\"Foto Ministerio de Defensa\"\/>Foto Ministerio de Defensa<\/p>\n<p>Tambi\u00e9n estuvieron presentes el Jefe del Estado Mayor Conjunto de las Fuerzas Armadas, Vicealmirante Marcelo Dalle Nogare, y los jefes de las tres Fuerzas Armadas: el Vicealmirante Juan Carlos Romay, por la Armada Argentina; el General de Divisi\u00f3n Oscar Zarich, por el Ej\u00e9rcito Argentino; y el Brigadier Mayor Gustavo Javier Valverde, por la Fuerza A\u00e9rea Argentina.<\/p>\n<p>Funcionarios ministeriales y autoridades municipales, as\u00ed como integrantes de las Fuerzas Armadas y de Seguridad, familiares de los egresados e invitados especiales tambi\u00e9n participaron de la celebraci\u00f3n.<\/p>\n<p>Luego de entonarse las estrofas del Himno Nacional Argentino, interpretado por la Agrupaci\u00f3n Sinf\u00f3nica del Ej\u00e9rcito Argentino, el Vicario General Castrense, Monse\u00f1or Gustavo Fabi\u00e1n Acu\u00f1a, realiz\u00f3 una invocaci\u00f3n religiosa y procedi\u00f3 a la bendici\u00f3n de los sables, espadas y premios que ser\u00edan entregados a los nuevos oficiales.<\/p>\n<p>A continuaci\u00f3n, el Presidente de la Naci\u00f3n se dirigi\u00f3 a los egresados, a quienes felicit\u00f3 por culminar la formaci\u00f3n b\u00e1sica para el servicio a la Patria: \u201cHoy comienza una nueva etapa en sus vidas: hoy dejan de ser estudiantes e inician su vida profesional, en la que no solo llevar\u00e1n a la pr\u00e1ctica todos los conocimientos aprendidos durante estos a\u00f1os, sino que tambi\u00e9n continuar\u00e1n aprendiendo todo lo que no se encuentra en los libros y es igual de valioso e importante para su desarrollo y desempe\u00f1o\u201d, destac\u00f3.<\/p>\n<p><img decoding=\"async\" src=\"https:\/\/www.europesays.com\/es\/wp-content\/uploads\/2025\/12\/1766167443330.jpg\" alt=\"\" title=\"Foto Ministerio de Defensa\"\/>Foto Ministerio de Defensa<\/p>\n<p>El jefe de Estado subray\u00f3 adem\u00e1s que, con el egreso, los oficiales se integran formalmente a una hermandad que desde hace 219 a\u00f1os tiene la misi\u00f3n de proteger a la Naci\u00f3n: \u201cTal como reza el lema de esta alma mater, el orden, el valor y la gloria, son pilares fundamentales del c\u00f3digo militar y por tanto pilares fundamentales de la gran Naci\u00f3n\u201d.<\/p>\n<p>Antes de concluir sus palabras, el mandatario recalc\u00f3 el apoyo hacia los nuevos egresados y a las Fuerzas Armadas en general: \u201cSin ellas y sin ustedes no podremos asegurar la continuidad de ese crecimiento, que no es otra cosa que el bienestar y la libertad de todos los argentinos\u201d, apunt\u00f3.<\/p>\n<p><img decoding=\"async\" src=\"https:\/\/www.europesays.com\/es\/wp-content\/uploads\/2025\/12\/1766167463609.jpg\" alt=\"\" title=\"Foto Colegio Militar de la Naci\u00f3n.\"\/>Foto Colegio Militar de la Naci\u00f3n.<\/p>\n<p>Siguiendo con el acto, se llev\u00f3 a cabo la toma de juramento de fidelidad y respeto a la Constituci\u00f3n Nacional. Posteriormente, el Presidente de la Naci\u00f3n entreg\u00f3 los atributos de mando a los becados extranjeros que cursaron sus estudios en la Argentina y distingui\u00f3 a los primeros de promoci\u00f3n de cada uno de los institutos de formaci\u00f3n, quienes recibieron los premios \u201cPresidencia de la Naci\u00f3n\u201d y \u201cNaci\u00f3n Argentina\u201d.<\/p>\n<p>Para finalizar, se procedi\u00f3 a la entrega de los sables y espadas al resto de los egresados.<\/p>\n<p><img decoding=\"async\" src=\"https:\/\/www.europesays.com\/es\/wp-content\/uploads\/2025\/12\/1766167480026.jpg\" alt=\"\" title=\"Foto Ministerio de Defensa\"\/>Foto Ministerio de Defensa<\/p>\n","protected":false},"excerpt":{"rendered":"El Palomar &#8211; Ayer por la tarde se llev\u00f3 a cabo la ceremonia de Egreso Conjunto en el&hellip;\n","protected":false},"author":2,"featured_media":296940,"comment_status":"","ping_status":"","sticky":false,"template":"","format":"standard","meta":{"footnotes":""},"categories":[42],"tags":[5063,5065,5059,5078,17,18,594,1639,693,13,14,5064,5066,582,5060,5069,5061,11,61,62,63,64,19,20,5073,813,9,10,15,16,5074,5075,5077,5076,4500,5062,4113,5071,5070,12,5067,5068,5072,21,22,65,66,67],"class_list":{"0":"post-296939","1":"post","2":"type-post","3":"status-publish","4":"format-standard","5":"has-post-thumbnail","7":"category-internacional","8":"tag-administracion","9":"tag-administracion-publica","10":"tag-argentino","11":"tag-beneficios","12":"tag-breaking-news","13":"tag-breakingnews","14":"tag-ciudadanos","15":"tag-digital","16":"tag-estado","17":"tag-featured-news","18":"tag-featurednews","19":"tag-gestion","20":"tag-gestion-publica","21":"tag-gobierno","22":"tag-gobierno-argentino","23":"tag-gobierno-digital","24":"tag-gobierno-nacional","25":"tag-headlines","26":"tag-internacional","27":"tag-international","28":"tag-international-news","29":"tag-internationalnews","30":"tag-latest-news","31":"tag-latestnews","32":"tag-modernizacion","33":"tag-nacional","34":"tag-news","35":"tag-noticias","36":"tag-noticias-destacadas","37":"tag-noticiasdestacadas","38":"tag-organismo","39":"tag-organismo-publico","40":"tag-organismos","41":"tag-organismos-publicos","42":"tag-publica","43":"tag-republica-argentina","44":"tag-servicios","45":"tag-servicios-digitales","46":"tag-servicios-en-linea","47":"tag-titulares","48":"tag-tramites","49":"tag-tramites-en-linea","50":"tag-transparencia","51":"tag-ultimas-noticias","52":"tag-ultimasnoticias","53":"tag-world","54":"tag-world-news","55":"tag-worldnews"},"share_on_mastodon":{"url":"","error":"Validation failed: Text character limit of 500 exceeded"},"_links":{"self":[{"href":"https:\/\/www.europesays.com\/es\/wp-json\/wp\/v2\/posts\/296939","targetHints":{"allow":["GET"]}}],"collection":[{"href":"https:\/\/www.europesays.com\/es\/wp-json\/wp\/v2\/posts"}],"about":[{"href":"https:\/\/www.europesays.com\/es\/wp-json\/wp\/v2\/types\/post"}],"author":[{"embeddable":true,"href":"https:\/\/www.europesays.com\/es\/wp-json\/wp\/v2\/users\/2"}],"replies":[{"embeddable":true,"href":"https:\/\/www.europesays.com\/es\/wp-json\/wp\/v2\/comments?post=296939"}],"version-history":[{"count":0,"href":"https:\/\/www.europesays.com\/es\/wp-json\/wp\/v2\/posts\/296939\/revisions"}],"wp:featuredmedia":[{"embeddable":true,"href":"https:\/\/www.europesays.com\/es\/wp-json\/wp\/v2\/media\/296940"}],"wp:attachment":[{"href":"https:\/\/www.europesays.com\/es\/wp-json\/wp\/v2\/media?parent=296939"}],"wp:term":[{"taxonomy":"category","embeddable":true,"href":"https:\/\/www.europesays.com\/es\/wp-json\/wp\/v2\/categories?post=296939"},{"taxonomy":"post_tag","embeddable":true,"href":"https:\/\/www.europesays.com\/es\/wp-json\/wp\/v2\/tags?post=296939"}],"curies":[{"name":"wp","href":"https:\/\/api.w.org\/{rel}","templated":true}]}}