{"id":296943,"date":"2025-12-19T23:34:31","date_gmt":"2025-12-19T23:34:31","guid":{"rendered":"https:\/\/www.europesays.com\/es\/296943\/"},"modified":"2025-12-19T23:34:31","modified_gmt":"2025-12-19T23:34:31","slug":"sanchez-niega-que-haya-deslealtad-por-parte-de-sumar-y-defiende-la-pulcritud-de-los-rescates-como-el-de-plus-ultra","status":"publish","type":"post","link":"https:\/\/www.europesays.com\/es\/296943\/","title":{"rendered":"S\u00e1nchez niega que haya \u00abdeslealtad\u00bb por parte de Sumar y defiende la \u00abpulcritud\u00bb de los rescates como el de Plus Ultra"},"content":{"rendered":"<p class=\"c-paragraph\">El presidente del Gobierno, <b>Pedro S\u00e1nchez<\/b>, ha comparecido este jueves en Bruselas tras una nueva cumbre del Consejo Europeo. <b>\u00abEl 2025 ha sido un a\u00f1o que ha puesto a prueba a la UE\u00bb<\/b>, comenz\u00f3 el presidente del Gobierno, que celebr\u00f3 los pasos dados por los socios. \u00abDebemos ser conscientes de que la Uni\u00f3n es una anomal\u00eda hist\u00f3rica\u00bb, dijo, en sentido positivo: \u00abUna Europa que protege a su gente y que defiende su modelo social\u00bb.<\/p>\n<p class=\"c-paragraph\">Pero puso parte del foco S\u00e1nchez ante los medios en la situaci\u00f3n nacional. <b>Ha descartado que haya \u00abdeslealtad\u00bb en la exigencia de Sumar y de Yolanda D\u00edaz al pedirle una crisis de Gobierno<\/b> por los presuntos casos de acoso que asolan al PSOE, as\u00ed como la corrupci\u00f3n. Tambi\u00e9n se refiri\u00f3 a la situaci\u00f3n del expresidente Jos\u00e9 Luis Rodr\u00edguez Zapatero por sus supuestos v\u00ednculos con Plus Ultra; defendi\u00f3 los \u00abpr\u00e9stamos\u00bb a las aerol\u00edneas y la \u00abpulcritud\u00bb del Ejecutivo.<\/p>\n<p class=\"c-paragraph\">En general en el encuentro, los l\u00edderes de los 27, reunidos durante m\u00e1s de 15 horas, han acordado tras otra cumbre eterna una soluci\u00f3n intermedia a la prevista:<b><b>\u00a0un pr\u00e9stamo \u00absin intereses\u00bb, para el corto plazo, que permita reforzar el apoyo a Ucrania mientras se busca el encaje definitivo del uso de activos rusos<\/b><\/b>\u00a0congelados, que es la &#8216;madre&#8217; de todos los debates. Esta &#8216;tercera&#8217; v\u00eda supone una mezcla entre las dos que hab\u00eda propuesto Bruselas y aplaca los recelos de B\u00e9lgica (que alberga el 62% de esos activos, que ascienden a 210.000 millones) de un lado y de los pa\u00edses que tienen dudas en cuanto a las garant\u00edas que se puedan dar al recurrir a los fondos de Mosc\u00fa confiscados en territorio europeo.<\/p>\n<p class=\"c-paragraph\">S\u00e1nchez valor\u00f3 positivamente el pr\u00e9stamo a trav\u00e9s de la deuda com\u00fan. \u00abEs legal y es necesario\u00bb, asegur\u00f3 el presidente del Gobierno, <b>que tambi\u00e9n reconoci\u00f3 que la v\u00eda de los activos rusos sigue abierta<\/b>. \u00abEs una doble decisi\u00f3n\u00bb para el corto plazo con la deuda y para el medio y el largo intentando encajar todav\u00eda el uso de los fondos confiscados a Mosc\u00fa.<\/p>\n<p class=\"c-paragraph\">S\u00ed que vio con peores ojos S\u00e1nchez que se haya pospuesto la ratificaci\u00f3n del acuerdo de la UE con Mercosur. \u00ab<b>Esperemos que se pueda llegar a un acuerdo porque Europa lo necesita <\/b>y el mundo necesita que Europa tenga esa capacidad\u00bb como actor internacional. De momento son los vetos de Francia e Italia los que han hecho que la decisi\u00f3n final no se pueda tomar en 2025. El jefe del Ejecutivo, mientras, ha pedido a sus colegas que piensen \u00aben una Europa abierta al mundo\u00bb. No obstante, no teme que el pacto se rompa: \u00abSi hemos esperado 25 a\u00f1os podemos esperar 25 a\u00f1os y un mes\u00bb.<\/p>\n","protected":false},"excerpt":{"rendered":"El presidente del Gobierno, Pedro S\u00e1nchez, ha comparecido este jueves en Bruselas tras una nueva cumbre del Consejo&hellip;\n","protected":false},"author":2,"featured_media":296944,"comment_status":"","ping_status":"","sticky":false,"template":"","format":"standard","meta":{"footnotes":""},"categories":[5],"tags":[17,18,25,24,13,14,11,19,20,9,10,15,16,2330,7667,199,23,12,21,22],"class_list":{"0":"post-296943","1":"post","2":"type-post","3":"status-publish","4":"format-standard","5":"has-post-thumbnail","7":"category-titulares","8":"tag-breaking-news","9":"tag-breakingnews","10":"tag-es","11":"tag-espana","12":"tag-featured-news","13":"tag-featurednews","14":"tag-headlines","15":"tag-latest-news","16":"tag-latestnews","17":"tag-news","18":"tag-noticias","19":"tag-noticias-destacadas","20":"tag-noticiasdestacadas","21":"tag-prensa","22":"tag-rueda","23":"tag-sanchez","24":"tag-spain","25":"tag-titulares","26":"tag-ultimas-noticias","27":"tag-ultimasnoticias"},"share_on_mastodon":{"url":"https:\/\/pubeurope.com\/@es\/115748855055454434","error":""},"_links":{"self":[{"href":"https:\/\/www.europesays.com\/es\/wp-json\/wp\/v2\/posts\/296943","targetHints":{"allow":["GET"]}}],"collection":[{"href":"https:\/\/www.europesays.com\/es\/wp-json\/wp\/v2\/posts"}],"about":[{"href":"https:\/\/www.europesays.com\/es\/wp-json\/wp\/v2\/types\/post"}],"author":[{"embeddable":true,"href":"https:\/\/www.europesays.com\/es\/wp-json\/wp\/v2\/users\/2"}],"replies":[{"embeddable":true,"href":"https:\/\/www.europesays.com\/es\/wp-json\/wp\/v2\/comments?post=296943"}],"version-history":[{"count":0,"href":"https:\/\/www.europesays.com\/es\/wp-json\/wp\/v2\/posts\/296943\/revisions"}],"wp:featuredmedia":[{"embeddable":true,"href":"https:\/\/www.europesays.com\/es\/wp-json\/wp\/v2\/media\/296944"}],"wp:attachment":[{"href":"https:\/\/www.europesays.com\/es\/wp-json\/wp\/v2\/media?parent=296943"}],"wp:term":[{"taxonomy":"category","embeddable":true,"href":"https:\/\/www.europesays.com\/es\/wp-json\/wp\/v2\/categories?post=296943"},{"taxonomy":"post_tag","embeddable":true,"href":"https:\/\/www.europesays.com\/es\/wp-json\/wp\/v2\/tags?post=296943"}],"curies":[{"name":"wp","href":"https:\/\/api.w.org\/{rel}","templated":true}]}}