{"id":296956,"date":"2025-12-19T23:48:21","date_gmt":"2025-12-19T23:48:21","guid":{"rendered":"https:\/\/www.europesays.com\/es\/296956\/"},"modified":"2025-12-19T23:48:21","modified_gmt":"2025-12-19T23:48:21","slug":"sonidos-indies-para-arrancar-el-festival-ballena-sound","status":"publish","type":"post","link":"https:\/\/www.europesays.com\/es\/296956\/","title":{"rendered":"Sonidos indies para arrancar el festival Ballena Sound"},"content":{"rendered":"<p><a class=\"v-mdl-ath__fig-a\" href=\"https:\/\/www.eldiariomontanes.es\/autor\/juanjo-santamaria-2937.html\" title=\"Juanjo Santamar\u00eda\" rel=\"nofollow noopener\" target=\"_blank\"><br \/>\n<img decoding=\"async\" class=\"v-mdl-ath__img\" src=\"https:\/\/www.europesays.com\/es\/wp-content\/uploads\/2025\/12\/autor-2937-foto-2.jpeg\" alt=\"Juanjo Santamar\u00eda\"\/><br \/>\n<\/a><\/p>\n<p class=\"v-mdl-ath__p v-mdl-ath__p--6\">\nViernes, 19 de diciembre 2025, 22:26<\/p>\n<p>| Actualizado 23:23h.<\/p>\n<p class=\"v-p\">La primera de las siete jornadas que tiene programadas el festival Ballena Sound arranc\u00f3 este viernes. Tres bandas pusieron sus ritmos al Palacio de los Deportes. Los veteranos La La Love You, con su habitual energ\u00eda; Marlena, presentando nuevo EP, &#8216;La Victoria&#8217; y la copla con electr\u00f3nica de Jim\u00e9nez con Jota, formada por una ma\u00f1a y un santanderino hicieron entrar en calor al p\u00fablico. El festival contin\u00faa este s\u00e1bado con el virtuosismo del violinista armenio Ara Malikian, a partir de las 19.30 horas, con su despliegue de intensidad, humor y emoci\u00f3n.<\/p>\n<p><img decoding=\"async\" loading=\"lazy\" src=\"https:\/\/www.europesays.com\/es\/wp-content\/uploads\/2025\/12\/Ballena Sound01.jpg\" class=\"v-a-img\" width=\"624\" height=\"900\" alt=\"Jim\u00e9nez con Jota en pleno show, en el que mezclan copla y electr\u00f3nica. \"\/><\/p>\n<p class=\"v-p\">Jim\u00e9nez con Jota en pleno show, en el que mezclan copla y electr\u00f3nica. <\/p>\n<p><img decoding=\"async\" loading=\"lazy\" src=\"https:\/\/www.europesays.com\/es\/wp-content\/uploads\/2025\/12\/Ballena Sound01.jpg\" class=\"v-mdl__img-z\" width=\"624\" height=\"900\" alt=\"Jim\u00e9nez con Jota en pleno show, en el que mezclan copla y electr\u00f3nica. \"\/><\/p>\n<p><img loading=\"lazy\" decoding=\"async\" src=\"https:\/\/www.europesays.com\/es\/wp-content\/uploads\/2025\/12\/Ballena Sound01.jpg\" class=\"v-mdl__img-z\" width=\"624\" height=\"900\" alt=\"Jim\u00e9nez con Jota en pleno show, en el que mezclan copla y electr\u00f3nica. \"\/><\/p>\n<p><img decoding=\"async\" loading=\"lazy\" src=\"https:\/\/www.europesays.com\/es\/wp-content\/uploads\/2025\/12\/Ballena Sound02.jpg\" class=\"v-a-img\" width=\"624\" height=\"900\" alt=\"Jim\u00e9nez con Jota, la banda formada por un c\u00e1ntabro y una ma\u00f1a, lo dio todo sobre el escenario.\"\/><\/p>\n<p class=\"v-p\">Jim\u00e9nez con Jota, la banda formada por un c\u00e1ntabro y una ma\u00f1a, lo dio todo sobre el escenario.<\/p>\n<p><img decoding=\"async\" loading=\"lazy\" src=\"https:\/\/www.europesays.com\/es\/wp-content\/uploads\/2025\/12\/Ballena Sound02.jpg\" class=\"v-mdl__img-z\" width=\"624\" height=\"900\" alt=\"Jim\u00e9nez con Jota, la banda formada por un c\u00e1ntabro y una ma\u00f1a, lo dio todo sobre el escenario.\"\/><\/p>\n<p><img loading=\"lazy\" decoding=\"async\" src=\"https:\/\/www.europesays.com\/es\/wp-content\/uploads\/2025\/12\/Ballena Sound02.jpg\" class=\"v-mdl__img-z\" width=\"624\" height=\"900\" alt=\"Jim\u00e9nez con Jota, la banda formada por un c\u00e1ntabro y una ma\u00f1a, lo dio todo sobre el escenario.\"\/><\/p>\n<p><img decoding=\"async\" loading=\"lazy\" src=\"https:\/\/www.europesays.com\/es\/wp-content\/uploads\/2025\/12\/Ballena Sound03.jpg\" class=\"v-a-img\" width=\"624\" height=\"900\" alt=\"Marina Villuendas durante la actuaci\u00f3n. \"\/><\/p>\n<p class=\"v-p\">Marina Villuendas durante la actuaci\u00f3n. <\/p>\n<p><img decoding=\"async\" loading=\"lazy\" src=\"https:\/\/www.europesays.com\/es\/wp-content\/uploads\/2025\/12\/Ballena Sound03.jpg\" class=\"v-mdl__img-z\" width=\"624\" height=\"900\" alt=\"Marina Villuendas durante la actuaci\u00f3n. \"\/><\/p>\n<p><img loading=\"lazy\" decoding=\"async\" src=\"https:\/\/www.europesays.com\/es\/wp-content\/uploads\/2025\/12\/Ballena Sound03.jpg\" class=\"v-mdl__img-z\" width=\"624\" height=\"900\" alt=\"Marina Villuendas durante la actuaci\u00f3n. \"\/><\/p>\n<p><img decoding=\"async\" loading=\"lazy\" src=\"https:\/\/www.europesays.com\/es\/wp-content\/uploads\/2025\/12\/Ballena Sound04.jpg\" class=\"v-a-img\" width=\"624\" height=\"900\" alt=\"El d\u00fao fue coreado por los asistentes.\"\/><\/p>\n<p class=\"v-p\">El d\u00fao fue coreado por los asistentes.<\/p>\n<p><img decoding=\"async\" loading=\"lazy\" src=\"https:\/\/www.europesays.com\/es\/wp-content\/uploads\/2025\/12\/Ballena Sound04.jpg\" class=\"v-mdl__img-z\" width=\"624\" height=\"900\" alt=\"El d\u00fao fue coreado por los asistentes.\"\/><\/p>\n<p><img loading=\"lazy\" decoding=\"async\" src=\"https:\/\/www.europesays.com\/es\/wp-content\/uploads\/2025\/12\/Ballena Sound04.jpg\" class=\"v-mdl__img-z\" width=\"624\" height=\"900\" alt=\"El d\u00fao fue coreado por los asistentes.\"\/><\/p>\n<p><img decoding=\"async\" loading=\"lazy\" src=\"https:\/\/www.europesays.com\/es\/wp-content\/uploads\/2025\/12\/Ballena Sound08.jpg\" class=\"v-a-img\" width=\"624\" height=\"900\" alt=\"El p\u00fablico, entregado en la primera jornada del festival. \"\/><\/p>\n<p class=\"v-p\">El p\u00fablico, entregado en la primera jornada del festival. <\/p>\n<p><img decoding=\"async\" loading=\"lazy\" src=\"https:\/\/www.europesays.com\/es\/wp-content\/uploads\/2025\/12\/Ballena Sound08.jpg\" class=\"v-mdl__img-z\" width=\"624\" height=\"900\" alt=\"El p\u00fablico, entregado en la primera jornada del festival. \"\/><\/p>\n<p><img loading=\"lazy\" decoding=\"async\" src=\"https:\/\/www.europesays.com\/es\/wp-content\/uploads\/2025\/12\/Ballena Sound08.jpg\" class=\"v-mdl__img-z\" width=\"624\" height=\"900\" alt=\"El p\u00fablico, entregado en la primera jornada del festival. \"\/><\/p>\n<p><img decoding=\"async\" loading=\"lazy\" src=\"https:\/\/www.europesays.com\/es\/wp-content\/uploads\/2025\/12\/Ballena Sound09.jpg\" class=\"v-a-img\" width=\"624\" height=\"900\" alt=\"Marlena se acerca al p\u00fablico en su actuaci\u00f3n. \"\/><\/p>\n<p class=\"v-p\">Marlena se acerca al p\u00fablico en su actuaci\u00f3n. <\/p>\n<p><img decoding=\"async\" loading=\"lazy\" src=\"https:\/\/www.europesays.com\/es\/wp-content\/uploads\/2025\/12\/Ballena Sound09.jpg\" class=\"v-mdl__img-z\" width=\"624\" height=\"900\" alt=\"Marlena se acerca al p\u00fablico en su actuaci\u00f3n. \"\/><\/p>\n<p><img loading=\"lazy\" decoding=\"async\" src=\"https:\/\/www.europesays.com\/es\/wp-content\/uploads\/2025\/12\/Ballena Sound09.jpg\" class=\"v-mdl__img-z\" width=\"624\" height=\"900\" alt=\"Marlena se acerca al p\u00fablico en su actuaci\u00f3n. \"\/><\/p>\n<p><img decoding=\"async\" loading=\"lazy\" src=\"https:\/\/www.europesays.com\/es\/wp-content\/uploads\/2025\/12\/Ballena Sound11.jpg\" class=\"v-a-img\" width=\"624\" height=\"900\" alt=\"Marlena presentando nuevo EP, 'La Victoria.\"\/><\/p>\n<p class=\"v-p\">Marlena presentando nuevo EP, &#8216;La Victoria.<\/p>\n<p><img decoding=\"async\" loading=\"lazy\" src=\"https:\/\/www.europesays.com\/es\/wp-content\/uploads\/2025\/12\/Ballena Sound11.jpg\" class=\"v-mdl__img-z\" width=\"624\" height=\"900\" alt=\"Marlena presentando nuevo EP, 'La Victoria.\"\/><\/p>\n<p><img loading=\"lazy\" decoding=\"async\" src=\"https:\/\/www.europesays.com\/es\/wp-content\/uploads\/2025\/12\/Ballena Sound11.jpg\" class=\"v-mdl__img-z\" width=\"624\" height=\"900\" alt=\"Marlena presentando nuevo EP, 'La Victoria.\"\/><\/p>\n<p><img decoding=\"async\" loading=\"lazy\" src=\"https:\/\/www.europesays.com\/es\/wp-content\/uploads\/2025\/12\/Ballena Sound12.jpg\" class=\"v-a-img\" width=\"624\" height=\"900\" alt=\"El d\u00fao madrile\u00f1o Marlena, formado por Carolina Moyano y Ana Legazpi, atraviesa uno de los momentos m\u00e1s s\u00f3lidos de su carrera y as\u00ed lo ha demostrado en Santander.\"\/><\/p>\n<p class=\"v-p\">El d\u00fao madrile\u00f1o Marlena, formado por Carolina Moyano y Ana Legazpi, atraviesa uno de los momentos m\u00e1s s\u00f3lidos de su carrera y as\u00ed lo ha demostrado en Santander.<\/p>\n<p><img decoding=\"async\" loading=\"lazy\" src=\"https:\/\/www.europesays.com\/es\/wp-content\/uploads\/2025\/12\/Ballena Sound12.jpg\" class=\"v-mdl__img-z\" width=\"624\" height=\"900\" alt=\"El d\u00fao madrile\u00f1o Marlena, formado por Carolina Moyano y Ana Legazpi, atraviesa uno de los momentos m\u00e1s s\u00f3lidos de su carrera y as\u00ed lo ha demostrado en Santander.\"\/><\/p>\n<p><img loading=\"lazy\" decoding=\"async\" src=\"https:\/\/www.europesays.com\/es\/wp-content\/uploads\/2025\/12\/Ballena Sound12.jpg\" class=\"v-mdl__img-z\" width=\"624\" height=\"900\" alt=\"El d\u00fao madrile\u00f1o Marlena, formado por Carolina Moyano y Ana Legazpi, atraviesa uno de los momentos m\u00e1s s\u00f3lidos de su carrera y as\u00ed lo ha demostrado en Santander.\"\/><\/p>\n<p><img decoding=\"async\" loading=\"lazy\" src=\"https:\/\/www.europesays.com\/es\/wp-content\/uploads\/2025\/12\/Ballena Sound13.jpg\" class=\"v-a-img\" width=\"624\" height=\"900\" alt=\"Marlena hizo vibrar al p\u00fablico en el Palacio de los Deportes de Santander con sus canciones m\u00e1s m\u00edticas y las de su \u00faltimo trabajo, 'La Victoria'.\"\/><\/p>\n<p class=\"v-p\">Marlena hizo vibrar al p\u00fablico en el Palacio de los Deportes de Santander con sus canciones m\u00e1s m\u00edticas y las de su \u00faltimo trabajo, &#8216;La Victoria&#8217;.<\/p>\n<p><img decoding=\"async\" loading=\"lazy\" src=\"https:\/\/www.europesays.com\/es\/wp-content\/uploads\/2025\/12\/Ballena Sound13.jpg\" class=\"v-mdl__img-z\" width=\"624\" height=\"900\" alt=\"Marlena hizo vibrar al p\u00fablico en el Palacio de los Deportes de Santander con sus canciones m\u00e1s m\u00edticas y las de su \u00faltimo trabajo, 'La Victoria'.\"\/><\/p>\n<p><img loading=\"lazy\" decoding=\"async\" src=\"https:\/\/www.europesays.com\/es\/wp-content\/uploads\/2025\/12\/Ballena Sound13.jpg\" class=\"v-mdl__img-z\" width=\"624\" height=\"900\" alt=\"Marlena hizo vibrar al p\u00fablico en el Palacio de los Deportes de Santander con sus canciones m\u00e1s m\u00edticas y las de su \u00faltimo trabajo, 'La Victoria'.\"\/><\/p>\n<p><img decoding=\"async\" loading=\"lazy\" src=\"https:\/\/www.europesays.com\/es\/wp-content\/uploads\/2025\/12\/Ballena Sound14.jpg\" class=\"v-a-img\" width=\"624\" height=\"900\" alt=\"Marlena apunta al p\u00fablico durante el concierto.\"\/><\/p>\n<p class=\"v-p\">Marlena apunta al p\u00fablico durante el concierto.<\/p>\n<p><img decoding=\"async\" loading=\"lazy\" src=\"https:\/\/www.europesays.com\/es\/wp-content\/uploads\/2025\/12\/Ballena Sound14.jpg\" class=\"v-mdl__img-z\" width=\"624\" height=\"900\" alt=\"Marlena apunta al p\u00fablico durante el concierto.\"\/><\/p>\n<p><img loading=\"lazy\" decoding=\"async\" src=\"https:\/\/www.europesays.com\/es\/wp-content\/uploads\/2025\/12\/Ballena Sound14.jpg\" class=\"v-mdl__img-z\" width=\"624\" height=\"900\" alt=\"Marlena apunta al p\u00fablico durante el concierto.\"\/><\/p>\n<p><img decoding=\"async\" loading=\"lazy\" src=\"https:\/\/www.europesays.com\/es\/wp-content\/uploads\/2025\/12\/Ballena Sound15.jpg\" class=\"v-a-img\" width=\"624\" height=\"900\" alt=\"El festival contin\u00faa este s\u00e1bado con el virtuosismo del violinista armenio Ara Malikian, a partir de las 19.30 horas, con su despliegue de intensidad, humor y emoci\u00f3n\"\/><\/p>\n<p class=\"v-p\">El festival contin\u00faa este s\u00e1bado con el virtuosismo del violinista armenio Ara Malikian, a partir de las 19.30 horas, con su despliegue de intensidad, humor y emoci\u00f3n<\/p>\n<p><img decoding=\"async\" loading=\"lazy\" src=\"https:\/\/www.europesays.com\/es\/wp-content\/uploads\/2025\/12\/Ballena Sound15.jpg\" class=\"v-mdl__img-z\" width=\"624\" height=\"900\" alt=\"El festival contin\u00faa este s\u00e1bado con el virtuosismo del violinista armenio Ara Malikian, a partir de las 19.30 horas, con su despliegue de intensidad, humor y emoci\u00f3n\"\/><\/p>\n<p><img loading=\"lazy\" decoding=\"async\" src=\"https:\/\/www.europesays.com\/es\/wp-content\/uploads\/2025\/12\/Ballena Sound15.jpg\" class=\"v-mdl__img-z\" width=\"624\" height=\"900\" alt=\"El festival contin\u00faa este s\u00e1bado con el virtuosismo del violinista armenio Ara Malikian, a partir de las 19.30 horas, con su despliegue de intensidad, humor y emoci\u00f3n\"\/><\/p>\n<p class=\"v-crt__t\"> L\u00edmite de sesiones alcanzadas<\/p>\n<p class=\"v-crt__p\">El acceso al contenido Premium est\u00e1 abierto por cortes\u00eda del establecimiento donde te encuentras, pero ahora mismo hay demasiados usuarios conectados a las vez.<\/p>\n<p class=\"v-crt__p\">Por favor, int\u00e9ntalo pasados unos minutos.<\/p>\n<p>\nVolver a intentar\n<\/p>\n<p class=\"v-crt__t\">Sesi\u00f3n cerrada<\/p>\n<p class=\"v-crt__p\">Al iniciar sesi\u00f3n desde un dispositivo distinto, por seguridad, se cerr\u00f3 la \u00faltima sesi\u00f3n en este.<\/p>\n<p class=\"v-crt__p\">Para continuar disfrutando de su suscripci\u00f3n digital, inicie sesi\u00f3n en este dispositivo.<\/p>\n<p>\nEste contenido es exclusivo para suscriptores<\/p>\n","protected":false},"excerpt":{"rendered":"Viernes, 19 de diciembre 2025, 22:26 | Actualizado 23:23h. La primera de las siete jornadas que tiene programadas&hellip;\n","protected":false},"author":2,"featured_media":296957,"comment_status":"","ping_status":"","sticky":false,"template":"","format":"standard","meta":{"footnotes":""},"categories":[170],"tags":[16237,61066,146,147,25,24,3931,70735,184,185,69677,26808,23],"class_list":{"0":"post-296956","1":"post","2":"type-post","3":"status-publish","4":"format-standard","5":"has-post-thumbnail","7":"category-musica","8":"tag-arrancar","9":"tag-ballena","10":"tag-entertainment","11":"tag-entretenimiento","12":"tag-es","13":"tag-espana","14":"tag-festival","15":"tag-indies","16":"tag-music","17":"tag-musica","18":"tag-sonidos","19":"tag-sound","20":"tag-spain"},"share_on_mastodon":{"url":"https:\/\/pubeurope.com\/@es\/115748911770714831","error":""},"_links":{"self":[{"href":"https:\/\/www.europesays.com\/es\/wp-json\/wp\/v2\/posts\/296956","targetHints":{"allow":["GET"]}}],"collection":[{"href":"https:\/\/www.europesays.com\/es\/wp-json\/wp\/v2\/posts"}],"about":[{"href":"https:\/\/www.europesays.com\/es\/wp-json\/wp\/v2\/types\/post"}],"author":[{"embeddable":true,"href":"https:\/\/www.europesays.com\/es\/wp-json\/wp\/v2\/users\/2"}],"replies":[{"embeddable":true,"href":"https:\/\/www.europesays.com\/es\/wp-json\/wp\/v2\/comments?post=296956"}],"version-history":[{"count":0,"href":"https:\/\/www.europesays.com\/es\/wp-json\/wp\/v2\/posts\/296956\/revisions"}],"wp:featuredmedia":[{"embeddable":true,"href":"https:\/\/www.europesays.com\/es\/wp-json\/wp\/v2\/media\/296957"}],"wp:attachment":[{"href":"https:\/\/www.europesays.com\/es\/wp-json\/wp\/v2\/media?parent=296956"}],"wp:term":[{"taxonomy":"category","embeddable":true,"href":"https:\/\/www.europesays.com\/es\/wp-json\/wp\/v2\/categories?post=296956"},{"taxonomy":"post_tag","embeddable":true,"href":"https:\/\/www.europesays.com\/es\/wp-json\/wp\/v2\/tags?post=296956"}],"curies":[{"name":"wp","href":"https:\/\/api.w.org\/{rel}","templated":true}]}}