{"id":297032,"date":"2025-12-20T00:49:14","date_gmt":"2025-12-20T00:49:14","guid":{"rendered":"https:\/\/www.europesays.com\/es\/297032\/"},"modified":"2025-12-20T00:49:14","modified_gmt":"2025-12-20T00:49:14","slug":"estas-son-las-cifras-de-audiencia-oficiales-de-la-whoop-uci-mtb-world-series-2025","status":"publish","type":"post","link":"https:\/\/www.europesays.com\/es\/297032\/","title":{"rendered":"Estas son las cifras de audiencia oficiales de la WHOOP UCI MTB World Series 2025"},"content":{"rendered":"<p>Seg\u00fan datos de la organizaci\u00f3n, la WHOOP UCI MTB World Series 2025 bate r\u00e9cords de audiencia y asistencia bajo el modelo de Warner Bros. Discovery, aunque en Espa\u00f1a persiste la comparaci\u00f3n con la era Red Bull y el futura de Warner Bros. Discovery abre nuevas inc\u00f3gnitas<\/p>\n<p><a href=\"https:\/\/www.europesays.com\/es\/wp-content\/uploads\/2025\/12\/sa1.jpg\" title=\"Salida\"><img loading=\"lazy\" decoding=\"async\" itemprop=\"image\" class=\"size-full\" src=\"https:\/\/www.europesays.com\/es\/wp-content\/uploads\/2025\/12\/sa1.jpg\" alt=\"\" width=\"1300\" height=\"866\"\/><\/a><\/p>\n<p class=\"wp-caption-text\">Salida<\/p>\n<blockquote class=\"quote-card lateral\">\n<p>Seg\u00fan datos de la organizaci\u00f3n, las cifras crecen en todos los apartados<\/p>\n<\/blockquote>\n<p>La WHOOP UCI Mountain Bike World Series 2025 cierra su temporada con cifras r\u00e9cord en audiencias, impacto digital y asistencia presencial seg\u00fan las cifras que ha proporcionado la propia organizaci\u00f3n. Warner Bros. Discovery Sports, en su tercer a\u00f1o como promotor, organizador y broadcaster del campeonato, presume de un crecimiento sostenido que, seg\u00fan sus datos, confirma el \u00e9xito de las profundas reformas introducidas desde 2023. Sin embargo, el an\u00e1lisis de estas cifras sigue planteando un debate inc\u00f3modo pero necesario: la comparaci\u00f3n directa con la etapa previa de Red Bull, con retransmisiones en abierto, sigue siendo compleja y poco transparente.<\/p>\n<p>\t Contin\u00faa tras los patrocinadores<\/p>\n<p>Cifras r\u00e9cord en televisi\u00f3n, digital y redes sociales<\/p>\n<blockquote class=\"quote-card lateral\">\n<p>El crecimiento digital (donde hay acceso a contenido de forma gratuita) es evidente<\/p>\n<\/blockquote>\n<p>Durante la temporada 2025, la WHOOP UCI Mountain Bike World Series super\u00f3 los 87 millones de visualizaciones acumuladas a trav\u00e9s de los canales de Warner Bros. Discovery, incluyendo HBO Max, Eurosport, discovery+ y TNT Sports. A ello se suman m\u00e1s de 250.000 nuevos seguidores en redes sociales oficiales y m\u00e1s de 5 millones de p\u00e1ginas vistas en la web del campeonato solo este a\u00f1o.<\/p>\n<p>En total, el ecosistema digital de la serie alcanza ya 1,25 millones de seguidores combinados, con m\u00e1s de 1.000 millones de impresiones acumuladas desde el inicio de la era WBD en 2023. La nueva web oficial del campeonato ha sido uno de los grandes motores de este crecimiento, con un aumento del 233 por ciento de tr\u00e1fico respecto a 2024 y m\u00e1s de 10 millones de p\u00e1ginas vistas acumuladas desde su lanzamiento.<\/p>\n<p><img fetchpriority=\"high\" decoding=\"async\" class=\"size-large wp-image-150149 \" src=\"https:\/\/www.europesays.com\/es\/wp-content\/uploads\/2025\/12\/ricahrq-1024x706.jpg\" alt=\"\" width=\"1024\" height=\"706\"  \/><\/p>\n<p class=\"wp-caption-text\">Richards<br \/> 2025 WHOOP UCI Mountain Bike World Series<\/p>\n<p>R\u00e9cord de asistencia presencial y alta fidelidad del p\u00fablico<\/p>\n<blockquote class=\"quote-card lateral\">\n<p>Seg\u00fan la encuesta realizada, la mayor\u00eda repetir\u00eda asistencia<\/p>\n<\/blockquote>\n<p>M\u00e1s all\u00e1 del consumo televisivo y online, la asistencia a los circuitos, seg\u00fan los datos de la propia organizaci\u00f3n, tambi\u00e9n alcanz\u00f3 un nuevo m\u00e1ximo hist\u00f3rico. Un total de 440.000 aficionados acudieron a las pruebas de la WHOOP UCI Mountain Bike World Series 2025, con un 97 por ciento de los encuestados afirmando que volver\u00edan a asistir a otro evento en el futuro.<\/p>\n<p>El epicentro europeo volvi\u00f3 a estar en Haute-Savoie, donde m\u00e1s de 100.000 espectadores se repartieron entre los fines de semana de Les Gets y Morillon, confirmando el enorme tir\u00f3n del MTB en directo cuando se combina con sedes ic\u00f3nicas y una buena experiencia para el p\u00fablico.<\/p>\n<p>Si bien es cierto que sedes como Haute-Savoie mostraron una gran afluencia de p\u00fablico, otras sedes del campeonato dieron una aparente imagen de estar lejos de la asistencia de los mejores a\u00f1os en sus carreras.<\/p>\n<p><img loading=\"lazy\" decoding=\"async\" class=\"size-large wp-image-155856 \" src=\"https:\/\/www.europesays.com\/es\/wp-content\/uploads\/2025\/09\/juaas07-1024x683.jpg\" alt=\"\" width=\"1024\" height=\"683\"  \/><\/p>\n<p class=\"wp-caption-text\">Jenny Rissveds<br \/> WHOOP UCI Mountain Bike World Series<\/p>\n<p>Reformas deportivas y mayor visibilidad para equipos y marcas<\/p>\n<blockquote class=\"quote-card lateral\">\n<p>En global, Canyon ha sido la marca que m\u00e1s ha ganado en las series<\/p>\n<\/blockquote>\n<p>La temporada 2025 ha sido tambi\u00e9n el primer gran test real para las reformas introducidas en el reglamento UCI. El nuevo sistema de clasificaci\u00f3n de equipos, la <a href=\"https:\/\/esmtb.com\/como-se-consigue-ser-equipo-whoop-uci-mountain-bike-world-series-y-los-cambios-para-2026\/\" target=\"_blank\" rel=\"noopener nofollow\">creaci\u00f3n de los WHOOP UCI Mountain Bike World Series Teams<\/a> y la simplificaci\u00f3n de los formatos de clasificaci\u00f3n en DH han marcado un punto de inflexi\u00f3n en la estructura del campeonato.<\/p>\n<p>Durante los 16 fines de semana de competici\u00f3n en 10 pa\u00edses y tres continentes, se coronaron 64 ganadores de Copa del Mundo y surgieron nuevos campeones generales en todas las categor\u00edas Elite salvo una. En paralelo, hasta 30 fabricantes lograron victorias en pruebas de Copa del Mundo a trav\u00e9s de sus equipos comerciales, con Canyon liderando el ranking, seguida de Cube y Specialized.<\/p>\n<p><img loading=\"lazy\" decoding=\"async\" class=\"size-large wp-image-144139 \" src=\"https:\/\/www.europesays.com\/es\/wp-content\/uploads\/2025\/12\/dhm4-1024x681.jpg\" alt=\"\" width=\"1024\" height=\"681\"  \/><\/p>\n<p class=\"wp-caption-text\">Marine Cabirou<br \/> WHOOP UCI Mountain Bike World Series \/ Innes Graham<\/p>\n<p>Producci\u00f3n televisiva m\u00e1s rica, pero con barreras de acceso<\/p>\n<blockquote class=\"quote-card lateral\">\n<p>M\u00e1s calidad y narrativa, pero menos accesibilidad para el espectador ocasional<\/p>\n<\/blockquote>\n<p>Warner Bros. Discovery tambi\u00e9n ha reforzado el producto audiovisual. La realizaci\u00f3n incorpora ahora m\u00e1s elementos gr\u00e1ficos en pantalla, como perfiles de corredores, im\u00e1genes de bicicletas, logotipos de equipos, dorsales hist\u00f3ricos y banderas nacionales. A ello se suman m\u00e9tricas fisiol\u00f3gicas en directo, como zonas de frecuencia card\u00edaca o datos de esfuerzo, integradas gracias a WHOOP.<\/p>\n<p>Adem\u00e1s, en 2025 se lanzaron dos documentales originales, Grit and Glory: Enduro Mountain Bike Racing y Race Bikes, ampliando el relato m\u00e1s all\u00e1 de las carreras en directo.<\/p>\n<p data-start=\"255\" data-end=\"850\">No obstante, aqu\u00ed vuelve a aparecer el punto cr\u00edtico. Aunque las cifras globales crecen, la fragmentaci\u00f3n del acceso y la fuerte dependencia de plataformas de pago hacen muy dif\u00edcil comparar el impacto real con la etapa de Red Bull, cuando las retransmisiones eran en abierto y las m\u00e9tricas de consumo m\u00e1s homog\u00e9neas y f\u00e1cilmente contrastables. Aun as\u00ed, esta barrera econ\u00f3mica se ha visto parcialmente amortiguada por el hecho de que algunos de estos canales formen parte de paquetes de televisi\u00f3n ampliamente extendidos, suavizando el cambio en la forma de acceder a las retransmisiones de MTB.<\/p>\n<p><img loading=\"lazy\" decoding=\"async\" class=\"size-large wp-image-139908 \" src=\"https:\/\/www.europesays.com\/es\/wp-content\/uploads\/2025\/12\/valdo1-1024x682.jpg\" alt=\"\" width=\"1024\" height=\"682\"  \/><\/p>\n<p class=\"wp-caption-text\">Amaury Pierron<br \/> WHOOP UCI Mountain Bike World Series<\/p>\n<p>Nuevas sedes y un calendario cada vez m\u00e1s global<\/p>\n<blockquote class=\"quote-card lateral\">\n<p>Un calendario m\u00e1s global en 2026<\/p>\n<\/blockquote>\n<p>La temporada 2025 tambi\u00e9n dej\u00f3 novedades en el mapa del campeonato. La Thuile, en el Valle de Aosta, se estren\u00f3 como sede con la <a href=\"https:\/\/esmtb.com\/una-carrera-de-copa-del-mundo-nocturna-es-lo-que-probaran-en-la-thuile\/\" target=\"_blank\" rel=\"noopener nofollow\">primera carrera nocturna de Enduro de la historia<\/a>, mientras que Lake Placid reforz\u00f3 su apuesta con un nuevo trazado de DH. El calendario combin\u00f3 regresos a sedes cl\u00e1sicas en Europa y Am\u00e9rica con una clara ambici\u00f3n global.<\/p>\n<p>Mirada puesta en 2026, con otro salto estrat\u00e9gico<\/p>\n<p>Seg\u00fan WBD y la UCI, 2025 ha supuesto la mayor transformaci\u00f3n del MTB de competici\u00f3n desde la creaci\u00f3n de la Copa del Mundo en 1991. El foco ya est\u00e1 puesto en 2026, que <a href=\"https:\/\/esmtb.com\/calendario-oficial-copa-del-mundo-de-mtb-2026-14-pruebas-en-3-continentes\/\" target=\"_blank\" rel=\"noopener nofollow\">arrancar\u00e1 en mayo en Corea del Sur<\/a>, devolviendo la Copa del Mundo al continente asi\u00e1tico por primera vez en 25 a\u00f1os.<\/p>\n<p>El calendario incluir\u00e1 tambi\u00e9n nuevas paradas en Soldier Hollow, Utah, y en Whistler Mountain Bike Park, uno de los templos hist\u00f3ricos del Descenso, con 14 fines de semana de competici\u00f3n en nueve pa\u00edses y tres continentes, incluidos dos eventos cu\u00e1druples y una gran final en Lake Placid.<\/p>\n<p>Inc\u00f3gnitas de cara al futuro<\/p>\n<p data-start=\"134\" data-end=\"672\" data-is-last-node=\"\" data-is-only-node=\"\">A este escenario se suma ahora una inc\u00f3gnita relevante de cara al futuro. La posible entrada de <a href=\"https:\/\/esmtb.com\/netflix-compra-wbd-pero-no-incluye-el-deporte-que-pasara-con-el-mtb\/\" target=\"_blank\" rel=\"noopener nofollow\">nuevos actores como Netflix<\/a> o <a href=\"https:\/\/esmtb.com\/paramount-dinamita-el-acuerdo-entre-netflix-y-wbd-con-una-opa-hostil-y-si-quiere-el-deporte\/\" target=\"_blank\" rel=\"noopener nofollow\">Paramount<\/a> en la estructura de derechos audiovisuales del campeonato abre interrogantes sobre c\u00f3mo se acceder\u00e1 al contenido en los pr\u00f3ximos a\u00f1os. Plataformas con modelos de consumo y estrategias muy distintas podr\u00edan alterar de nuevo el equilibrio entre alcance, accesibilidad y monetizaci\u00f3n, a\u00f1adiendo un nuevo elemento de incertidumbre a un campeonato que todav\u00eda est\u00e1 consolidando su actual modelo de difusi\u00f3n.<\/p>\n","protected":false},"excerpt":{"rendered":"Seg\u00fan datos de la organizaci\u00f3n, la WHOOP UCI MTB World Series 2025 bate r\u00e9cords de audiencia y asistencia&hellip;\n","protected":false},"author":2,"featured_media":297033,"comment_status":"","ping_status":"","sticky":false,"template":"","format":"standard","meta":{"footnotes":""},"categories":[273],"tags":[313,8186,312,168,25,24,23,167],"class_list":{"0":"post-297032","1":"post","2":"type-post","3":"status-publish","4":"format-standard","5":"has-post-thumbnail","7":"category-ciclismo","8":"tag-ciclismo","9":"tag-copa-del-mundo","10":"tag-cycling","11":"tag-deportes","12":"tag-es","13":"tag-espana","14":"tag-spain","15":"tag-sports"},"share_on_mastodon":{"url":"https:\/\/pubeurope.com\/@es\/115749150435593133","error":""},"_links":{"self":[{"href":"https:\/\/www.europesays.com\/es\/wp-json\/wp\/v2\/posts\/297032","targetHints":{"allow":["GET"]}}],"collection":[{"href":"https:\/\/www.europesays.com\/es\/wp-json\/wp\/v2\/posts"}],"about":[{"href":"https:\/\/www.europesays.com\/es\/wp-json\/wp\/v2\/types\/post"}],"author":[{"embeddable":true,"href":"https:\/\/www.europesays.com\/es\/wp-json\/wp\/v2\/users\/2"}],"replies":[{"embeddable":true,"href":"https:\/\/www.europesays.com\/es\/wp-json\/wp\/v2\/comments?post=297032"}],"version-history":[{"count":0,"href":"https:\/\/www.europesays.com\/es\/wp-json\/wp\/v2\/posts\/297032\/revisions"}],"wp:featuredmedia":[{"embeddable":true,"href":"https:\/\/www.europesays.com\/es\/wp-json\/wp\/v2\/media\/297033"}],"wp:attachment":[{"href":"https:\/\/www.europesays.com\/es\/wp-json\/wp\/v2\/media?parent=297032"}],"wp:term":[{"taxonomy":"category","embeddable":true,"href":"https:\/\/www.europesays.com\/es\/wp-json\/wp\/v2\/categories?post=297032"},{"taxonomy":"post_tag","embeddable":true,"href":"https:\/\/www.europesays.com\/es\/wp-json\/wp\/v2\/tags?post=297032"}],"curies":[{"name":"wp","href":"https:\/\/api.w.org\/{rel}","templated":true}]}}