{"id":297062,"date":"2025-12-20T01:12:16","date_gmt":"2025-12-20T01:12:16","guid":{"rendered":"https:\/\/www.europesays.com\/es\/297062\/"},"modified":"2025-12-20T01:12:16","modified_gmt":"2025-12-20T01:12:16","slug":"tour-serrania-conquense-nuevo-recorrido-desafio","status":"publish","type":"post","link":"https:\/\/www.europesays.com\/es\/297062\/","title":{"rendered":"Tour Serran\u00eda Conquense: Nuevo recorrido desaf\u00edo"},"content":{"rendered":"<p><a href=\"https:\/\/www.ciclo21.com\/wp-content\/uploads\/2025\/12\/Cartel-2.-TOUR-CYCLING-SERRANIA-CONQUENSE-2026-1.jpg\" target=\"_blank\" rel=\"noopener nofollow\"><img fetchpriority=\"high\" decoding=\"async\" aria-describedby=\"caption-attachment-454992\" class=\"wp-image-454992 size-large lazy\" src=\"data:image\/svg+xml,%3Csvg%20xmlns=\" http:=\"\" data-src=\"https:\/\/www.europesays.com\/es\/wp-content\/uploads\/2025\/12\/Cartel-2.-TOUR-CYCLING-SERRANIA-CONQUENSE-2026-1-1024x1024.jpg\" alt=\"\" width=\"620\" height=\"620\" data- data-\/><\/a><\/p>\n<p id=\"caption-attachment-454992\" class=\"wp-caption-text\">Cartel oficial \u00a9 Tour Serran\u00eda Conquense<\/p>\n<p><strong>Redacci\u00f3n \/ <a href=\"https:\/\/www.ciclo21.com\/whatsapp-telegram-2025\/\" target=\"_blank\" rel=\"noopener nofollow\">Ciclo 21<\/a><\/strong><\/p>\n<p style=\"font-weight: 400; text-align: justify;\"><strong>El Tour Cycling Serran\u00eda Conquense-Memorial Luis Oca\u00f1a<\/strong>, programado para los pr\u00f3ximos\u00a0<a href=\"https:\/\/www.ciclo21.com\/ciclismo-calendario-espanol-2026\/\" target=\"_blank\" rel=\"noopener nofollow\"><strong>23 y 24 de mayo de de 2026<\/strong><\/a>\u00a0en la hermosa localidad conquense de Priego, no s\u00f3lo rinde homenaje a una figura legendaria del ciclismo espa\u00f1ol, sino que tambi\u00e9n act\u00faa como un motor de revitalizaci\u00f3n y promoci\u00f3n del territorio rural que vio nacer y crecer al campe\u00f3n <strong>Luis Oca\u00f1a<\/strong>. A su paso por las majestuosas tierras de la Alcarria Conquense, la Serran\u00eda Conquense y el Alto Tajo, esta prueba se convierte en un viaje que une deporte, historia y naturaleza, impulsando la vida y la econom\u00eda de sus pueblos.<\/p>\n<p style=\"font-weight: 400; text-align: justify;\"><strong>Recorrido cl\u00e1sico<\/strong><\/p>\n<p><a href=\"https:\/\/www.europesays.com\/es\/wp-content\/uploads\/2025\/12\/Captura-de-pantalla-2025-12-18-a-las-13.05.32.png\" target=\"_blank\" rel=\"noopener\"><img loading=\"lazy\" decoding=\"async\" aria-describedby=\"caption-attachment-454944\" class=\"wp-image-454944 size-full lazy\" src=\"data:image\/svg+xml,%3Csvg%20xmlns=\" http:=\"\" data-src=\"https:\/\/www.europesays.com\/es\/wp-content\/uploads\/2025\/12\/Captura-de-pantalla-2025-12-18-a-las-13.05.32.png\" alt=\"\" width=\"822\" height=\"398\" data- data-\/><\/a><\/p>\n<p id=\"caption-attachment-454944\" class=\"wp-caption-text\">Perfil recorrido cl\u00e1sico<\/p>\n<p style=\"font-weight: 400; text-align: justify;\">Su recorrido total ser\u00e1 de\u00a0<strong>98,290 km<\/strong>\u00a0y transcurrir\u00e1 por los siguientes municipios: Priego, Ca\u00f1amares, Puente de Vadillos, Beteta, Masegosa, Lagunaseca, Santa Mar\u00eda del Val, Poyatos, Fuertescusa, Ca\u00f1amares y Priego. Con un desnivel positivo de 1.711m, ofrece una oportunidad \u00fanica para descubrir la autenticidad de la provincia de Cuenca, su patrimonio natural, su gastronom\u00eda y la calidez de sus gentes.<\/p>\n<p style=\"font-weight: 400; text-align: justify;\">En su tramo por la <strong>provincia de Guadalajara<\/strong>, los cicloturistas recorrer\u00e1n los impresionantes paisajes de Poveda de la Sierra, Taravilla, Terzaja y Peralejos de las Truchas enclaves de una belleza singular en pleno coraz\u00f3n del Parque Natural del Alto Tajo.<\/p>\n<p style=\"font-weight: 400; text-align: justify;\">Esta prueba no solo fomenta el turismo deportivo y sostenible, sino que tambi\u00e9n fortalece la <strong>identidad cultural de estas zonas<\/strong>, generando nuevas oportunidades para sus habitantes y recordando que el esp\u00edritu de superaci\u00f3n de Oca\u00f1a sigue vivo entre monta\u00f1as, r\u00edos y carreteras que respiran historia.<\/p>\n<p style=\"font-weight: 400; text-align: justify;\"><strong>Nuevo recorrido Desaf\u00edo<\/strong><\/p>\n<p><a href=\"https:\/\/www.europesays.com\/es\/wp-content\/uploads\/2025\/12\/Captura-de-pantalla-2025-12-18-a-las-13.05.47.png\" target=\"_blank\" rel=\"noopener\"><img loading=\"lazy\" decoding=\"async\" aria-describedby=\"caption-attachment-454945\" class=\"wp-image-454945 size-full lazy\" src=\"data:image\/svg+xml,%3Csvg%20xmlns=\" http:=\"\" data-src=\"https:\/\/www.europesays.com\/es\/wp-content\/uploads\/2025\/12\/Captura-de-pantalla-2025-12-18-a-las-13.05.47.png\" alt=\"\" width=\"1214\" height=\"396\" data- data-\/><\/a><\/p>\n<p id=\"caption-attachment-454945\" class=\"wp-caption-text\">Perfil recorrido desaf\u00edo<\/p>\n<p style=\"font-weight: 400; text-align: justify;\">Para el 2026 nace una circular fascinante que a\u00fana belleza y dureza con sus\u00a0<strong>160 km<\/strong>\u00a0y\u00a0con un desnivel positivo de 3.045m.,\u00a0un\u00a0<strong>DESAF\u00cdO<\/strong>\u00a0espectacular que con cada pedalada por estas comarcas supone un gesto de reconocimiento hacia los territorios que conservan intacto se encanto rural y su v\u00ednculo con la naturaleza.\u00a0Su recorrido transcurrir\u00e1 desde Priego, Ca\u00f1amares, Puente de Vadillos, Beteta, Cueva del Hierro, Poveda de la Sierra, Taravilla, Terzaga, Peralejos de las Truchas, Masegosa, Lagunaseca, Santa Mar\u00eda del Val, Poyatos, Fuertescusa, Ca\u00f1amares y Priego.<\/p>\n<p style=\"font-weight: 400; text-align: justify;\"><strong>INSCRIPCIONES<\/strong><\/p>\n<p style=\"font-weight: 400; text-align: justify;\">La inscripci\u00f3n se realizar\u00e1 online a trav\u00e9s de la web de la <strong>Federaci\u00f3n de Ciclismo de Castilla-La Mancha:\u00a0<\/strong><a href=\"http:\/\/www.ciclismoclm.com\/\" rel=\"nofollow noopener\" target=\"_blank\"><strong>www.ciclismoclm.com<\/strong><\/a><\/p>\n<p style=\"font-weight: 400; text-align: justify;\"><strong>Actividades para el s\u00e1bado 23 de mayo de 2026<\/strong><\/p>\n<ul>\n<li style=\"font-weight: 400; text-align: justify;\">17:00 a 19:00 h. Retirada de dorsales y bolsa conmemorativa en la antigua Alfarer\u00eda Mag\u00e1n (Plaza de los Condes de Priego).<\/li>\n<li style=\"font-weight: 400; text-align: justify;\">18:00: Visita Guiada cortes\u00eda de <strong>Jes\u00fas Parra<\/strong> por Priego comentando la vida de Luis Oca\u00f1a. Se visitar\u00e1 el recinto de la que fue su casa. Se podr\u00e1 \u00a0\u00a0\u00a0contemplar algunos objetos personales as\u00ed como una de las bicicletas que utilizaba en sus entrenamientos. Lugar: Alfarer\u00eda Jes\u00fas Parra.<\/li>\n<li style=\"font-weight: 400; text-align: justify;\"><strong>19:30: <\/strong><strong>Jornadas T\u00e9cnicas Profesionales en el Auditorio<\/strong>. Pendiente de confirmaci\u00f3n de ponentes para 2026. Estas jornadas son un referente a nivel nacional ya que hasta la fecha nos han acompa\u00f1ado grandes figuras del mundo del ciclismo y la comunicaci\u00f3n y dirigidas por el periodista de RTVE <strong>Arsenio Ca\u00f1ada<\/strong>. En las \u00faltimas ediciones hemos contado con las personalidades del ciclismo como Pedro Delgado, Carlos Sastre, Angel Arroyo, Jose Abileira, Juan Argudo, Luis Pasamontes, Jos\u00e9 Herrada, Francisco Cerezo; periodistas de la talla de Javier Ares, Carlos Arribas, Arsenio Ca\u00f1ada; y el director de la Vuelta Ciclista a Espa\u00f1a, Javier Guillen.<\/li>\n<\/ul>\n<p><strong>EL MAILLOT 2026<\/strong><\/p>\n<p><a href=\"https:\/\/www.europesays.com\/es\/wp-content\/uploads\/2025\/12\/Maillots-2026.jpeg\" target=\"_blank\" rel=\"noopener\"><img loading=\"lazy\" decoding=\"async\" aria-describedby=\"caption-attachment-454982\" class=\"wp-image-454982 size-full lazy\" src=\"data:image\/svg+xml,%3Csvg%20xmlns=\" http:=\"\" data-src=\"https:\/\/www.europesays.com\/es\/wp-content\/uploads\/2025\/12\/Maillots-2026.jpeg\" alt=\"\" width=\"1600\" height=\"1230\" data- data-\/><\/a><\/p>\n<p id=\"caption-attachment-454982\" class=\"wp-caption-text\">Los renovados maillots para la edici\u00f3n 2026<\/p>\n<p><a href=\"https:\/\/www.europesays.com\/es\/wp-content\/uploads\/2025\/12\/Cartel-anunciador-Tour-Cycling-SerranA_a-Conquense-2026.jpg\" target=\"_blank\" rel=\"noopener\"><img loading=\"lazy\" decoding=\"async\" aria-describedby=\"caption-attachment-454943\" class=\"wp-image-454943 size-full lazy\" src=\"data:image\/svg+xml,%3Csvg%20xmlns=\" http:=\"\" data-src=\"https:\/\/www.europesays.com\/es\/wp-content\/uploads\/2025\/12\/Cartel-anunciador-Tour-Cycling-SerranA_a-Conquense-2026.jpg\" alt=\"\" width=\"526\" height=\"526\" data- data-\/><\/a><\/p>\n<p id=\"caption-attachment-454943\" class=\"wp-caption-text\">Cartel del evento<\/p>\n","protected":false},"excerpt":{"rendered":"Cartel oficial \u00a9 Tour Serran\u00eda Conquense Redacci\u00f3n \/ Ciclo 21 El Tour Cycling Serran\u00eda Conquense-Memorial Luis Oca\u00f1a, programado&hellip;\n","protected":false},"author":2,"featured_media":297063,"comment_status":"","ping_status":"","sticky":false,"template":"","format":"standard","meta":{"footnotes":""},"categories":[273],"tags":[313,312,168,25,24,70750,23,167],"class_list":{"0":"post-297062","1":"post","2":"type-post","3":"status-publish","4":"format-standard","5":"has-post-thumbnail","7":"category-ciclismo","8":"tag-ciclismo","9":"tag-cycling","10":"tag-deportes","11":"tag-es","12":"tag-espana","13":"tag-memorial-luis-ocana","14":"tag-spain","15":"tag-sports"},"share_on_mastodon":{"url":"https:\/\/pubeurope.com\/@es\/115749240410203579","error":""},"_links":{"self":[{"href":"https:\/\/www.europesays.com\/es\/wp-json\/wp\/v2\/posts\/297062","targetHints":{"allow":["GET"]}}],"collection":[{"href":"https:\/\/www.europesays.com\/es\/wp-json\/wp\/v2\/posts"}],"about":[{"href":"https:\/\/www.europesays.com\/es\/wp-json\/wp\/v2\/types\/post"}],"author":[{"embeddable":true,"href":"https:\/\/www.europesays.com\/es\/wp-json\/wp\/v2\/users\/2"}],"replies":[{"embeddable":true,"href":"https:\/\/www.europesays.com\/es\/wp-json\/wp\/v2\/comments?post=297062"}],"version-history":[{"count":0,"href":"https:\/\/www.europesays.com\/es\/wp-json\/wp\/v2\/posts\/297062\/revisions"}],"wp:featuredmedia":[{"embeddable":true,"href":"https:\/\/www.europesays.com\/es\/wp-json\/wp\/v2\/media\/297063"}],"wp:attachment":[{"href":"https:\/\/www.europesays.com\/es\/wp-json\/wp\/v2\/media?parent=297062"}],"wp:term":[{"taxonomy":"category","embeddable":true,"href":"https:\/\/www.europesays.com\/es\/wp-json\/wp\/v2\/categories?post=297062"},{"taxonomy":"post_tag","embeddable":true,"href":"https:\/\/www.europesays.com\/es\/wp-json\/wp\/v2\/tags?post=297062"}],"curies":[{"name":"wp","href":"https:\/\/api.w.org\/{rel}","templated":true}]}}