{"id":297085,"date":"2025-12-20T01:27:13","date_gmt":"2025-12-20T01:27:13","guid":{"rendered":"https:\/\/www.europesays.com\/es\/297085\/"},"modified":"2025-12-20T01:27:13","modified_gmt":"2025-12-20T01:27:13","slug":"departamento-aeroportuario-recibe-a-la-diaspora-dominicana-a-ritmo-de-volvio-juanita-en-el-aeropuerto-las-americas","status":"publish","type":"post","link":"https:\/\/www.europesays.com\/es\/297085\/","title":{"rendered":"Departamento Aeroportuario recibe a la di\u00e1spora dominicana a ritmo de \u201cVolvi\u00f3 Juanita\u201d en el Aeropuerto las Am\u00e9ricas"},"content":{"rendered":"<p>Santo Domingo. DN. &#8211; El<strong> Departamento Aeroportuario (DA)<\/strong> dio hoy la <strong>bienvenida<\/strong> a cientos de <strong>dominicanos residentes en el exterior<\/strong>, quienes arribaron por el Aeropuerto Internacional de las Am\u00e9ricas <strong>(AILA)<\/strong> para pasar las <strong>festividades navide\u00f1as y de A\u00f1o Nuevo<\/strong> con sus familiares.<\/p>\n<p>En su tradicional <strong>acto de recibimiento del \u201cDominicano en el Exterior\u201d,<\/strong> a prop\u00f3sito de que el <strong>20 de diciembre se instituy\u00f3 este d\u00eda<\/strong>, mediante la<strong> Ley 101-87,<\/strong> el director del DA, <strong>V\u00edctor Pichardo<\/strong>, comparti\u00f3 saludos con los visitantes y obsequi\u00f3 una r\u00e9plica de la bandera tricolor, en medio de alegr\u00eda, m\u00fasica y confraternidad<\/p>\n<p>\u201cHoy, la Rep\u00fablica Dominicana est\u00e1 de fiesta. Los dominicanos que residen en el exterior, representan una pieza fundamental para el sost\u00e9n de nuestra econom\u00eda, fruto de su esfuerzo, dedicaci\u00f3n y sacrificio\u201d, expres\u00f3 Pichardo en sus palabras centrales.<\/p>\n<p>El funcionario destac\u00f3 el <strong>avance del Sistema Aeroportuario Dominicano<\/strong>, resaltando la <strong>inversi\u00f3n de 700 millones de d\u00f3lares<\/strong> en las diferentes terminales, tanto privadas como concesionadas, \u201cpara que hoy contemos con aeropuertos m\u00e1s seguros y confiables, gracias a la visi\u00f3n del presidente Luis Abinader\u201d.<\/p>\n<p><img decoding=\"async\" data-entity-uuid=\"1324cd39-138b-4b0b-8dff-f009696b6252\" data-entity-type=\"file\" src=\"https:\/\/www.europesays.com\/es\/wp-content\/uploads\/2025\/12\/Dominicano en el Exterior 2.jpeg\" width=\"1149\" height=\"801\" loading=\"lazy\"\/>\n<\/p>\n<p>Invit\u00f3 a los criollos que llegan al pa\u00eds a compartir con sus familiares y seres queridos, en un per\u00edodo que calific\u00f3 de <strong>amor, confraternidad y esperanza<\/strong> para todo el pueblo dominicano. \u201cQue Dios les bendiga\u201d, concluy\u00f3.<\/p>\n<p>La di\u00e1spora dominicana fue recibida con <strong>emotivas canciones distintivas de nuestra identidad<\/strong> como Santo Domingo, Mi Pueblo, Alegre Vengo y Volvi\u00f3 Juanita, interpretadas por el coro del Departamento Aeroportuario.<\/p>\n<p>\u201cEstoy feliz de llegar a mi pa\u00eds a compartir con mis familiares. Vengo con mis hijos y realmente tenemos muchos planes en esta navidad\u201d expres\u00f3 <strong>Teresa Cuevas<\/strong>, quien lleg\u00f3 al pa\u00eds desde Uruguay.<\/p>\n<p>Entre los participantes en el acto de bienvenida estuvieron el jefe de la Fuerza A\u00e9rea Dominicana, mayor general <strong>Floreal Su\u00e1rez<\/strong>; el director del CESAC, general <strong>Enmanuel Souffront Tamayo<\/strong>, y <strong>Bernarda Franco,<\/strong> en representaci\u00f3n de la Junta Aviaci\u00f3n Civil, as\u00ed como representantes de Aerodom, entre otros invitados del sector.<\/p>\n","protected":false},"excerpt":{"rendered":"Santo Domingo. DN. &#8211; El Departamento Aeroportuario (DA) dio hoy la bienvenida a cientos de dominicanos residentes en&hellip;\n","protected":false},"author":2,"featured_media":297086,"comment_status":"","ping_status":"","sticky":false,"template":"","format":"standard","meta":{"footnotes":""},"categories":[42],"tags":[17,18,13,14,11,69853,61,62,63,64,19,20,9,10,15,16,12,21,22,65,66,67],"class_list":{"0":"post-297085","1":"post","2":"type-post","3":"status-publish","4":"format-standard","5":"has-post-thumbnail","7":"category-internacional","8":"tag-breaking-news","9":"tag-breakingnews","10":"tag-featured-news","11":"tag-featurednews","12":"tag-headlines","13":"tag-institucionalidad","14":"tag-internacional","15":"tag-international","16":"tag-international-news","17":"tag-internationalnews","18":"tag-latest-news","19":"tag-latestnews","20":"tag-news","21":"tag-noticias","22":"tag-noticias-destacadas","23":"tag-noticiasdestacadas","24":"tag-titulares","25":"tag-ultimas-noticias","26":"tag-ultimasnoticias","27":"tag-world","28":"tag-world-news","29":"tag-worldnews"},"share_on_mastodon":{"url":"https:\/\/pubeurope.com\/@es\/115749299730150585","error":""},"_links":{"self":[{"href":"https:\/\/www.europesays.com\/es\/wp-json\/wp\/v2\/posts\/297085","targetHints":{"allow":["GET"]}}],"collection":[{"href":"https:\/\/www.europesays.com\/es\/wp-json\/wp\/v2\/posts"}],"about":[{"href":"https:\/\/www.europesays.com\/es\/wp-json\/wp\/v2\/types\/post"}],"author":[{"embeddable":true,"href":"https:\/\/www.europesays.com\/es\/wp-json\/wp\/v2\/users\/2"}],"replies":[{"embeddable":true,"href":"https:\/\/www.europesays.com\/es\/wp-json\/wp\/v2\/comments?post=297085"}],"version-history":[{"count":0,"href":"https:\/\/www.europesays.com\/es\/wp-json\/wp\/v2\/posts\/297085\/revisions"}],"wp:featuredmedia":[{"embeddable":true,"href":"https:\/\/www.europesays.com\/es\/wp-json\/wp\/v2\/media\/297086"}],"wp:attachment":[{"href":"https:\/\/www.europesays.com\/es\/wp-json\/wp\/v2\/media?parent=297085"}],"wp:term":[{"taxonomy":"category","embeddable":true,"href":"https:\/\/www.europesays.com\/es\/wp-json\/wp\/v2\/categories?post=297085"},{"taxonomy":"post_tag","embeddable":true,"href":"https:\/\/www.europesays.com\/es\/wp-json\/wp\/v2\/tags?post=297085"}],"curies":[{"name":"wp","href":"https:\/\/api.w.org\/{rel}","templated":true}]}}