{"id":297088,"date":"2025-12-20T01:29:25","date_gmt":"2025-12-20T01:29:25","guid":{"rendered":"https:\/\/www.europesays.com\/es\/297088\/"},"modified":"2025-12-20T01:29:25","modified_gmt":"2025-12-20T01:29:25","slug":"mercadona-dara-37-dias-de-vacaciones-al-ano-a-todos-sus-empleados-la-voz-de-galicia","status":"publish","type":"post","link":"https:\/\/www.europesays.com\/es\/297088\/","title":{"rendered":"Mercadona dar\u00e1 37 d\u00edas de vacaciones al a\u00f1o a todos sus empleados &#8211; La Voz de Galicia"},"content":{"rendered":"<ol>\n<li><a href=\"https:\/\/news.google.com\/rss\/articles\/CBMi1wFBVV95cUxOWjd2bmpYMVNiX29HQVZNZXMwcndQVFVmVHNqU21OTktiZHBZM1F3YnlTUW8yNW5fa3lsajF2SUlpcW5KLTJOLWhkRllSMlZVdXotVGk3NWZzd2ItSHpnQ0JGYmtadlY5aEl4Tmh5WlFISHF6Vk9qM0NEZ0ExejZ1RG5zajgxNjZMaU5WRzJZOWlYRkxOa3JJSlJlWVpOR3h5ZkE0akxuR25ROWEySmRqcWhRRlRWWldhOENPTFV3Q1YwZG9jTjFkalNvTjJVVk83STk3OXFNb9IB8wFBVV95cUxOXzVzdEhuLVhPWU1sVkNwUU50S3RxVURBQWlnOVBEY1h2NVhRS2FLZjFILW5zRktVOVZENTNVLXI5aWk1SmhkLW9ISDFXbVlGYTl0QjFxclYwM3ZfaEYtNFlGaGlwUUw5cUxxdS1yWHNBUDVyQkUwQnF0NWdxY21zdTl1ay1Bd25iQnJjUW1KUEg0RVlrNmNSamdjbkNkLVVkWmJLT0JXU015ZmYzOXJhUHJKZWxWTndveC0tQW85NXQxRDNLQWhxdmhGWU1jN0dGVV9NVjlhWVdGeFJrLVJDalNEcXg1amM3NTZjaV91QWZtX00?oc=5\" target=\"_blank\" rel=\"nofollow noopener\">Mercadona dar\u00e1 37 d\u00edas de vacaciones al a\u00f1o a todos sus empleados<\/a>&nbsp;&nbsp;La Voz de Galicia<\/li>\n<li><a href=\"https:\/\/news.google.com\/rss\/articles\/CBMi3gFBVV95cUxNbkFFcEVOQ2MxOHRLaEhYTzZMS2VFMXhJa0ZDMjdxeF9BWUR1ZkdFdk1yR3h3LVNWeTcwcS1tZVhqTDVWN0lmX2thTUgzV2xVejc3RUkwNDNYckJ2ckFGSnpVYW9nT25MYnV2TkM0TEFYbXRFQzBJQ3lnVFBpeXIwQndTOFp5bUJMUHFpZWZWd1ZZZmhsaW0tUHlGSEI2Qy1QN0Z2ekRGTXdMM0VPTnQtN3VZRlZTNEZsQ1oxdXdzSHJYY3d4S2N6ZzZsUFVDNkdMVW9ja0c0ZVk2VGFPQkE?oc=5\" target=\"_blank\" rel=\"nofollow noopener\">Mercadona concede una semana m\u00e1s de vacaciones y una n\u00f3mina extra a 110.000 empleados a partir de 2026<\/a>&nbsp;&nbsp;EL PA\u00cdS<\/li>\n<li><a href=\"https:\/\/news.google.com\/rss\/articles\/CBMiiAFBVV95cUxPMndGdFJ4R2hjdjc3TW1uai1IZEFPUk5WNlZnOERNRnpwWUhvMTMzelZYRFNuSnZnamNPakpYa2VOQlo4VTJhZHp5TEZiQUd6SHBEWDRmOHVEU0NENEgtS0JjNXhaS0VXOWJYLXAyLWFyLTAzTzZUSm9qUFhzb0d1S0p2a3dfdVlV0gGIAUFVX3lxTE9DQktSQWw3TDlJOXVFazE1M1ZaZmRGWTFzS1J4dXBQdDlvbmNucEN2dThCcFV1THpwell0RnU1TFFUbU1Wa0NSSDBNZURRQUVtQ1NVWmVSMzJGOVA1WlhFZFRKN0ZiaTUzOTM0RTZzYWp3Ym9acERmTkRxcHVoMGl6Zml5VTJMZkY?oc=5\" target=\"_blank\" rel=\"nofollow noopener\">De 30 a 37 d\u00edas de vacaciones para \u00abliderar la conciliaci\u00f3n laboral y familiar\u00bb: as\u00ed son desde enero las nuevas condiciones de trabajo en Mercadona<\/a>&nbsp;&nbsp;El Mundo<\/li>\n<li><a href=\"https:\/\/news.google.com\/rss\/articles\/CBMiuAFBVV95cUxPSXNKS3ZMMnlGQTZCZl9VRDdNWktBMDdiQVllbDhNdm1NOVFXUWw5S2ppZUpCV2NZaEdqb1oyR1JodlhaMlV3VUhvLTNVamJsb2U5OUJCVXBVdFZlMDhpYzV3NWEySm1hOE5WRUQtUkhJNFVjcUdhTmR1eExyZDdnbVl6d3lRZks4OHM5SXZmRGJCTnY0cnZfY05QdmpYNXc1OUlwNFZBQ01QY01Mbkl1Sld4cmYwNUFz0gHMAUFVX3lxTFBEaTh0emhkY1pfdmpQQWZ0bVNoenVrc0ZqZjA5bFYzemRpeWFfVmVyZWFxTm9lRkpnZm9lZW1lQ0lJNk9lbXg5YjFyOUNRYlF2TVZhV09KamlJRjNqMFdIdkJ6eG5zSjZNbEpqdFZnMHUxMUZjNktIMnVHenMtSHE3VG1UMzBfSlVuMGs5ZThoSGctVEFUeU5lcl9ETjZIdTlkOE44LXpWVnl5ZDhDUVV3UUxLTWl0ZC1pQlJuczVxUFlZSEkzNDViMjNYMg?oc=5\" target=\"_blank\" rel=\"nofollow noopener\">Es oficial: los dos \u2018extras\u2019 que Mercadona dar\u00e1 a sus trabajadores en 2026<\/a>&nbsp;&nbsp;Diario AS<\/li>\n<li><a href=\"https:\/\/news.google.com\/rss\/articles\/CBMigAFBVV95cUxPb1p4WEVlR25kOEsxd2lEbVZ0c21oejU0VGRkVlVaYV9KUGJ4OFFWQnpzVTVzVktKSjBveTl5eU1BUXVUMGVMTXpoSWdBZHVpeDRqaWFvV1RKV3lOdGowOXVRMlNrZmcybHI5SFFycDV5RWU2eWt1OWNEX3dwQUttUw?oc=5\" target=\"_blank\" rel=\"nofollow noopener\">Mercadona da una semana m\u00e1s de vacaciones y una nueva paga extra<\/a>&nbsp;&nbsp;Expansi\u00f3n<\/li>\n<\/ol>\n","protected":false},"excerpt":{"rendered":"Mercadona dar\u00e1 37 d\u00edas de vacaciones al a\u00f1o a todos sus empleados&nbsp;&nbsp;La Voz de Galicia Mercadona concede una&hellip;\n","protected":false},"author":2,"featured_media":297089,"comment_status":"","ping_status":"","sticky":false,"template":"","format":"standard","meta":{"footnotes":""},"categories":[5],"tags":[17,18,25,24,13,14,11,19,20,7100,4973,9,10,15,16,23,12,21,22],"class_list":{"0":"post-297088","1":"post","2":"type-post","3":"status-publish","4":"format-standard","5":"has-post-thumbnail","7":"category-titulares","8":"tag-breaking-news","9":"tag-breakingnews","10":"tag-es","11":"tag-espana","12":"tag-featured-news","13":"tag-featurednews","14":"tag-headlines","15":"tag-latest-news","16":"tag-latestnews","17":"tag-mercado-laboral","18":"tag-mercadona","19":"tag-news","20":"tag-noticias","21":"tag-noticias-destacadas","22":"tag-noticiasdestacadas","23":"tag-spain","24":"tag-titulares","25":"tag-ultimas-noticias","26":"tag-ultimasnoticias"},"share_on_mastodon":{"url":"https:\/\/pubeurope.com\/@es\/115749307227446321","error":""},"_links":{"self":[{"href":"https:\/\/www.europesays.com\/es\/wp-json\/wp\/v2\/posts\/297088","targetHints":{"allow":["GET"]}}],"collection":[{"href":"https:\/\/www.europesays.com\/es\/wp-json\/wp\/v2\/posts"}],"about":[{"href":"https:\/\/www.europesays.com\/es\/wp-json\/wp\/v2\/types\/post"}],"author":[{"embeddable":true,"href":"https:\/\/www.europesays.com\/es\/wp-json\/wp\/v2\/users\/2"}],"replies":[{"embeddable":true,"href":"https:\/\/www.europesays.com\/es\/wp-json\/wp\/v2\/comments?post=297088"}],"version-history":[{"count":0,"href":"https:\/\/www.europesays.com\/es\/wp-json\/wp\/v2\/posts\/297088\/revisions"}],"wp:featuredmedia":[{"embeddable":true,"href":"https:\/\/www.europesays.com\/es\/wp-json\/wp\/v2\/media\/297089"}],"wp:attachment":[{"href":"https:\/\/www.europesays.com\/es\/wp-json\/wp\/v2\/media?parent=297088"}],"wp:term":[{"taxonomy":"category","embeddable":true,"href":"https:\/\/www.europesays.com\/es\/wp-json\/wp\/v2\/categories?post=297088"},{"taxonomy":"post_tag","embeddable":true,"href":"https:\/\/www.europesays.com\/es\/wp-json\/wp\/v2\/tags?post=297088"}],"curies":[{"name":"wp","href":"https:\/\/api.w.org\/{rel}","templated":true}]}}