{"id":297117,"date":"2025-12-20T01:52:24","date_gmt":"2025-12-20T01:52:24","guid":{"rendered":"https:\/\/www.europesays.com\/es\/297117\/"},"modified":"2025-12-20T01:52:24","modified_gmt":"2025-12-20T01:52:24","slug":"la-princesa-pilota-por-primera-vez-un-avion-del-ejercito-del-aire","status":"publish","type":"post","link":"https:\/\/www.europesays.com\/es\/297117\/","title":{"rendered":"la princesa pilota por primera vez un avi\u00f3n del Ej\u00e9rcito del Aire"},"content":{"rendered":"<p class=\"c-paragraph\">La Princesa de Asturias ha volado por primera vez en solitario. Esto forma parte de su formaci\u00f3n militar en la Academia General del Aire y del Espacio de San Javier (Murcia), en la que cumple ya con<b> su cuarto mes de instrucci\u00f3n te\u00f3rica y pr\u00e1ctica como alf\u00e9rez del Ej\u00e9rcito del Aire<\/b> y del Espacio. Concretamente, ha sido el jueves 18 de diciembre.<\/p>\n<p class=\"c-paragraph\">Durante este cuatrimestre, Leronor, tal y como muestran las im\u00e1genes, ha realizado una formaci\u00f3n intensiva para adquirir los conocimientos aeron\u00e1uticos y del modelo de avi\u00f3n en el que se instruye y vuela (Pilatus\u00a0PC-21 (E.27)) y <b>ha atendido a otros aspectos que mejoren su conocimiento de la organizaci\u00f3n<\/b> y estructura del Ej\u00e9rcito del Aire y del Espacio.<\/p>\n<p class=\"c-paragraph\">Para llegar a volar en solitario, la princesa de Asturias ha completado la formaci\u00f3n te\u00f3rica y las sesiones de simulador y de vuelo real en\u00a0Pilatus\u00a0establecidas para alcanzar las competencias necesarias que <b>le han permitido realizar &#8216;la suelta&#8217; con seguridad.<\/b><\/p>\n<p class=\"c-paragraph\">La casa real ha difundido fotograf\u00edas y videos sobre la preparaci\u00f3n del vuelo, el paso\u00a0previo, la firma en el libro del avi\u00f3n y la revisi\u00f3n pre-vuelo, as\u00ed como otras escenas de los <b>vuelos de ense\u00f1anza y de su formaci\u00f3n en simuladores.<\/b><\/p>\n<p class=\"c-paragraph\">Se incluyen, adem\u00e1s, fotograf\u00edas de otras actividades de instrucci\u00f3n y adiestramiento como la de supervivencia en el mar, el momento de equiparse con el zah\u00f3n anti-g, (un traje especial para evitar la comprensi\u00f3n) e instantes del tradicional <b>acto de jura de bandera en la Academia General del Aire y del Espacio (AGA)<\/b>, en la festividad de la patrona de los aviadores, la Virgen de Loreto, celebrada este mismo mes.<\/p>\n","protected":false},"excerpt":{"rendered":"La Princesa de Asturias ha volado por primera vez en solitario. Esto forma parte de su formaci\u00f3n militar&hellip;\n","protected":false},"author":2,"featured_media":297118,"comment_status":"","ping_status":"","sticky":false,"template":"","format":"standard","meta":{"footnotes":""},"categories":[5],"tags":[17,18,25,24,13,14,11,19,20,11646,9,10,15,16,1650,9236,23,12,21,22,19606,3352],"class_list":{"0":"post-297117","1":"post","2":"type-post","3":"status-publish","4":"format-standard","5":"has-post-thumbnail","7":"category-titulares","8":"tag-breaking-news","9":"tag-breakingnews","10":"tag-es","11":"tag-espana","12":"tag-featured-news","13":"tag-featurednews","14":"tag-headlines","15":"tag-latest-news","16":"tag-latestnews","17":"tag-leonor","18":"tag-news","19":"tag-noticias","20":"tag-noticias-destacadas","21":"tag-noticiasdestacadas","22":"tag-princesa","23":"tag-sola","24":"tag-spain","25":"tag-titulares","26":"tag-ultimas-noticias","27":"tag-ultimasnoticias","28":"tag-vuela","29":"tag-ya"},"share_on_mastodon":{"url":"https:\/\/pubeurope.com\/@es\/115749397662507165","error":""},"_links":{"self":[{"href":"https:\/\/www.europesays.com\/es\/wp-json\/wp\/v2\/posts\/297117","targetHints":{"allow":["GET"]}}],"collection":[{"href":"https:\/\/www.europesays.com\/es\/wp-json\/wp\/v2\/posts"}],"about":[{"href":"https:\/\/www.europesays.com\/es\/wp-json\/wp\/v2\/types\/post"}],"author":[{"embeddable":true,"href":"https:\/\/www.europesays.com\/es\/wp-json\/wp\/v2\/users\/2"}],"replies":[{"embeddable":true,"href":"https:\/\/www.europesays.com\/es\/wp-json\/wp\/v2\/comments?post=297117"}],"version-history":[{"count":0,"href":"https:\/\/www.europesays.com\/es\/wp-json\/wp\/v2\/posts\/297117\/revisions"}],"wp:featuredmedia":[{"embeddable":true,"href":"https:\/\/www.europesays.com\/es\/wp-json\/wp\/v2\/media\/297118"}],"wp:attachment":[{"href":"https:\/\/www.europesays.com\/es\/wp-json\/wp\/v2\/media?parent=297117"}],"wp:term":[{"taxonomy":"category","embeddable":true,"href":"https:\/\/www.europesays.com\/es\/wp-json\/wp\/v2\/categories?post=297117"},{"taxonomy":"post_tag","embeddable":true,"href":"https:\/\/www.europesays.com\/es\/wp-json\/wp\/v2\/tags?post=297117"}],"curies":[{"name":"wp","href":"https:\/\/api.w.org\/{rel}","templated":true}]}}