{"id":297121,"date":"2025-12-20T02:01:15","date_gmt":"2025-12-20T02:01:15","guid":{"rendered":"https:\/\/www.europesays.com\/es\/297121\/"},"modified":"2025-12-20T02:01:15","modified_gmt":"2025-12-20T02:01:15","slug":"rashford-y-roony-vibran-en-el-palau","status":"publish","type":"post","link":"https:\/\/www.europesays.com\/es\/297121\/","title":{"rendered":"Rashford y Roony vibran en el Palau"},"content":{"rendered":"<p class=\"ft-text\">El Bar\u00e7a de Xavi Pascual ha contado con tres espectadores de excepci\u00f3n en el Palau Blaugrana. Dos de los tres fichajes del primer equipo de f\u00fatbol blaugrana han acudido hoy a animar a sus compa\u00f1eros del baloncesto en la jornada 17 de la Euroliga 2024-2025. Laia Aleixandri tampoco ha faltado a la cita del mejor balonesto europeo.<\/p>\n<p class=\"ft-text\"><strong>Marcus Rashford y Roony Bardghji\u00a0est\u00e1n cada vez m\u00e1s integrados en los esquemas de Hansi Flick y su aportaci\u00f3n est\u00e1 siendo destacable.<\/strong> Ambos jugadores han llegado con ganas de adaptarse al 100% a la ciudad de Barcelona y a la cultura catalana.<\/p>\n<p><img decoding=\"async\" src=\"https:\/\/www.europesays.com\/es\/wp-content\/uploads\/2025\/12\/40b0f0cd-db78-48e7-a981-eafcd073b49e_alta-libre-aspect-ratio_default_0.jpg\" width=\"1200\" height=\"675\" alt=\"Rashford acudi\u00f3 a ver al Bar\u00e7a de Xavi Pascual\" class=\"ft-helper-img-rd\" loading=\"lazy\"\/><\/p>\n<p class=\"ft-helper-fontColor-quaternary ft-helper-fontSize-body-S ft-helper-spacer-t-xxs\">Rashford acudi\u00f3 a ver al Bar\u00e7a de Xavi Pascual  \/ Dani Barbeito<\/p>\n<p class=\"ft-text\">Acudir al Palau Blaugrana es una experiencia que marca a todos los aficionados del Bar\u00e7a que acuden a este pavell\u00f3n. El ambiente m\u00e1gico que se vive en el Palau contagia al espectador m\u00e1s fr\u00edo.<\/p>\n<p class=\"ft-text\"><strong>Tras un irregular inicio de temporada, la mejor\u00eda que ha experimentado el equipo de Xavi Pascual es importante.<\/strong> Tras una etapa muy irregular con Pe\u00f1arroya, la secci\u00f3n de basket blaugrana parece haber encontrado el mejor camino para recuperar el camino que conduce a los t\u00edtulos.<\/p>\n<p><img decoding=\"async\" src=\"https:\/\/www.europesays.com\/es\/wp-content\/uploads\/2025\/12\/94ebf836-e07d-433e-b6bf-75c01bf85d54_alta-libre-aspect-ratio_default_0.jpg\" width=\"1200\" height=\"675\" alt=\"Roony y Rashford disfrutaron en el Palau\" class=\"ft-helper-img-rd\" loading=\"lazy\"\/><\/p>\n<p class=\"ft-helper-fontColor-quaternary ft-helper-fontSize-body-S ft-helper-spacer-t-xxs\">Roony y Rashford disfrutaron en el Palau  \/ Dani Barbeito<\/p>\n<p class=\"ft-text\"><strong>El futbolista que act\u00faa como cedido por el Manchester United as\u00ed como el zurdo fichado del Copenhaghe han vibrado con el equipo barcelonista de baloncesto que se ha dejado la piel ante un brillante Baskonia. <\/strong><\/p>\n<p class=\"ft-text\">Laia Aleixandri est\u00e1 siendo una de las grandes sensaciones del equipo de Pere Romeu. Sin Patri Guijarro, sus actuaciones en el centro del campo est\u00e1n sosteninendo al Bar\u00e7a.<\/p>\n<p class=\"ft-text\">Si es habitual ver en el Spotify Camp Nou a jugadores de las secciones del Bar\u00e7a, en el Palau los futbolistas blaugranas tambi\u00e9n saben que es un lugar para disfrutar de grandes emociones.<\/p>\n","protected":false},"excerpt":{"rendered":"El Bar\u00e7a de Xavi Pascual ha contado con tres espectadores de excepci\u00f3n en el Palau Blaugrana. Dos de&hellip;\n","protected":false},"author":2,"featured_media":297122,"comment_status":"","ping_status":"","sticky":false,"template":"","format":"standard","meta":{"footnotes":""},"categories":[268],"tags":[168,25,24,881,280,282,36891,3253,3561,281,23,167,70752],"class_list":{"0":"post-297121","1":"post","2":"type-post","3":"status-publish","4":"format-standard","5":"has-post-thumbnail","7":"category-futbol","8":"tag-deportes","9":"tag-es","10":"tag-espana","11":"tag-fc-barcelona","12":"tag-football","13":"tag-futbol","14":"tag-palau","15":"tag-rashford","16":"tag-roony","17":"tag-soccer","18":"tag-spain","19":"tag-sports","20":"tag-vibran"},"share_on_mastodon":{"url":"https:\/\/pubeurope.com\/@es\/115749433670679331","error":""},"_links":{"self":[{"href":"https:\/\/www.europesays.com\/es\/wp-json\/wp\/v2\/posts\/297121","targetHints":{"allow":["GET"]}}],"collection":[{"href":"https:\/\/www.europesays.com\/es\/wp-json\/wp\/v2\/posts"}],"about":[{"href":"https:\/\/www.europesays.com\/es\/wp-json\/wp\/v2\/types\/post"}],"author":[{"embeddable":true,"href":"https:\/\/www.europesays.com\/es\/wp-json\/wp\/v2\/users\/2"}],"replies":[{"embeddable":true,"href":"https:\/\/www.europesays.com\/es\/wp-json\/wp\/v2\/comments?post=297121"}],"version-history":[{"count":0,"href":"https:\/\/www.europesays.com\/es\/wp-json\/wp\/v2\/posts\/297121\/revisions"}],"wp:featuredmedia":[{"embeddable":true,"href":"https:\/\/www.europesays.com\/es\/wp-json\/wp\/v2\/media\/297122"}],"wp:attachment":[{"href":"https:\/\/www.europesays.com\/es\/wp-json\/wp\/v2\/media?parent=297121"}],"wp:term":[{"taxonomy":"category","embeddable":true,"href":"https:\/\/www.europesays.com\/es\/wp-json\/wp\/v2\/categories?post=297121"},{"taxonomy":"post_tag","embeddable":true,"href":"https:\/\/www.europesays.com\/es\/wp-json\/wp\/v2\/tags?post=297121"}],"curies":[{"name":"wp","href":"https:\/\/api.w.org\/{rel}","templated":true}]}}