{"id":297127,"date":"2025-12-20T02:06:12","date_gmt":"2025-12-20T02:06:12","guid":{"rendered":"https:\/\/www.europesays.com\/es\/297127\/"},"modified":"2025-12-20T02:06:12","modified_gmt":"2025-12-20T02:06:12","slug":"rels-b-rosalia-taylor-swift-y-aitana-se-disputan-este-sabado-el-no1-de-navidad","status":"publish","type":"post","link":"https:\/\/www.europesays.com\/es\/297127\/","title":{"rendered":"Rels B, Rosal\u00eda, Taylor Swift y Aitana se disputan este s\u00e1bado el N\u00ba1 de Navidad"},"content":{"rendered":"<p>El camino hacia el a\u00f1o nuevo va llegando a sus \u00faltimas etapas, y este s\u00e1bado en <b>#Del40al1CocaCola <\/b>repasaremos la lista del 20 de diciembre, con la intensidad habitual y regalos especiales para los oyentes. Ser\u00e1 a las 2 de la tarde (1 en Canarias) cuando sepamos si <a href=\"https:\/\/los40.com\/2025\/12\/13\/rels-b-rubrica-su-gran-ano-regresando-al-n1-de-la-lista-de-los40-con-tu-vas-sin-fav\/\" target=\"_blank\" rel=\"noreferrer nofollow noopener\" title=\"https:\/\/los40.com\/2025\/12\/13\/rels-b-rubrica-su-gran-ano-regresando-al-n1-de-la-lista-de-los40-con-tu-vas-sin-fav\/\">Rels B<\/a> resiste en el n\u00famero uno con T\u00fa vas sin (fav), sumando as\u00ed su cuarta semana de liderato, lo que supondr\u00eda un inmenso logro. No lo tendr\u00e1 f\u00e1cil, porque en los primeros puestos se acumulan artistas y canciones que tambi\u00e9n parten como favoritos. <\/p>\n<p>Si hablamos de <a href=\"https:\/\/los40.com\/2025\/12\/06\/la-joya-de-la-corona-rosalia-regresa-al-n1-de-los40-con-la-perla\/\" target=\"_blank\" rel=\"noreferrer nofollow noopener\" title=\"https:\/\/los40.com\/2025\/12\/06\/la-joya-de-la-corona-rosalia-regresa-al-n1-de-los40-con-la-perla\/\">Rosal\u00eda <\/a>(en el #2 con La perla), <a href=\"https:\/\/los40.com\/2025\/11\/29\/taylor-swift-se-convierte-en-n1-de-la-lista-de-los40-con-the-fate-of-ophelia\/\" target=\"_blank\" rel=\"noreferrer nofollow noopener\" title=\"https:\/\/los40.com\/2025\/11\/29\/taylor-swift-se-convierte-en-n1-de-la-lista-de-los40-con-the-fate-of-ophelia\/\">Taylor Swift<\/a> (en el #3 con The fate of Ophelia) o <a href=\"https:\/\/los40.com\/2025\/12\/17\/aitana-tras-los-pasos-de-los-beatles-llega-a-abbey-road-para-grabar-nueva-musica-con-el-productor-de-sabrina-carpenter\/\" target=\"_blank\" rel=\"noreferrer nofollow noopener\" title=\"https:\/\/los40.com\/2025\/12\/17\/aitana-tras-los-pasos-de-los-beatles-llega-a-abbey-road-para-grabar-nueva-musica-con-el-productor-de-sabrina-carpenter\/\">Aitana <\/a>(en el #4 con Superestrella) te har\u00e1s una idea de lo re\u00f1ido que est\u00e1 el asunto. En el #5 tenemos a <a href=\"https:\/\/los40.com\/2025\/10\/24\/huntrx-las-guerreras-k-pop-celebran-el-exito-de-golden-en-los40-estar-tres-semanas-en-el-n1-es-loco\/\" target=\"_blank\" rel=\"noreferrer nofollow noopener\" title=\"https:\/\/los40.com\/2025\/10\/24\/huntrx-las-guerreras-k-pop-celebran-el-exito-de-golden-en-los40-estar-tres-semanas-en-el-n1-es-loco\/\">HUNTR\/X <\/a>con Golden, otras chicas que, como las antes citadas, ya han estado en el n\u00famero uno. \u00bfPodr\u00e1 el girl power con Rels B este s\u00e1bado?<\/p>\n<p>Un grupo de chicos, sin embargo, acapara el apartado de candidatos. Se trata de <a href=\"https:\/\/los40.com\/2025\/12\/17\/marlon-dispuestos-a-regresar-a-la-lista-de-los40-con-hablales-avance-de-su-nueva-etapa\/\" target=\"_blank\" rel=\"noreferrer nofollow noopener\" title=\"https:\/\/los40.com\/2025\/12\/17\/marlon-dispuestos-a-regresar-a-la-lista-de-los40-con-hablales-avance-de-su-nueva-etapa\/\">Marlon<\/a>, la banda asturiana que prepara su nuevo disco, al que pertenece H\u00e1blales, el single de avance que puede colarse en la lista si recibe los apoyos necesarios con el HT <b>#MiVoto40Marlon. <\/b>Sabemos que <b>Adri\u00e1n, Juan y Jorge <\/b>cuentan con un gran n\u00famero de fans entre los y las oyentes de LOS40, as\u00ed que podr\u00edan conseguirlo.<\/p>\n<p><img decoding=\"async\" src=\"https:\/\/los40.com\/pf\/resources\/img\/logo-40-v-c.svg?d=922\" alt=\"LOS40\" class=\"i-pro\" width=\"68\" height=\"68\" loading=\"lazy\"\/><\/p>\n<p><b>Regalaremos un d\u00e9cimo de loter\u00eda de nuestro n\u00famero de siempre, el 40.040, cada hora, <\/b>y en la \u00faltima hora, <b>una cesta de Navidad con iPhone 17 Pro 256 GB, tres d\u00e9cimos del citado n\u00famero, un Apple Watch Series 11, AirPodes Pro 3 y una PlayStation 5 (CD Edition). <\/b>\u00a1Ah\u00ed es nada! Y, adem\u00e1s, para quienes voten en antena (900 35 40 40) regalaremos el libro de DK de Avatar: Fuego y ceniza, para celebrar que la peli ya est\u00e1 en cines.<\/p>\n<p>Y eso no es todo: presentaremos nuevos candidatos, viajaremos al pasado en <b>La M\u00e1quina del Tiempo<\/b> y os contaremos todo lo que se cuece en la m\u00fasica en este tramo final del a\u00f1o. \u00a1Te esperamos al otro lado!<\/p>\n","protected":false},"excerpt":{"rendered":"El camino hacia el a\u00f1o nuevo va llegando a sus \u00faltimas etapas, y este s\u00e1bado en #Del40al1CocaCola repasaremos&hellip;\n","protected":false},"author":2,"featured_media":297128,"comment_status":"","ping_status":"","sticky":false,"template":"","format":"standard","meta":{"footnotes":""},"categories":[170],"tags":[1765,146,147,25,24,184,185,23,1766],"class_list":{"0":"post-297127","1":"post","2":"type-post","3":"status-publish","4":"format-standard","5":"has-post-thumbnail","7":"category-musica","8":"tag-bestof","9":"tag-entertainment","10":"tag-entretenimiento","11":"tag-es","12":"tag-espana","13":"tag-music","14":"tag-musica","15":"tag-spain","16":"tag-topix"},"share_on_mastodon":{"url":"https:\/\/pubeurope.com\/@es\/115749452992224127","error":""},"_links":{"self":[{"href":"https:\/\/www.europesays.com\/es\/wp-json\/wp\/v2\/posts\/297127","targetHints":{"allow":["GET"]}}],"collection":[{"href":"https:\/\/www.europesays.com\/es\/wp-json\/wp\/v2\/posts"}],"about":[{"href":"https:\/\/www.europesays.com\/es\/wp-json\/wp\/v2\/types\/post"}],"author":[{"embeddable":true,"href":"https:\/\/www.europesays.com\/es\/wp-json\/wp\/v2\/users\/2"}],"replies":[{"embeddable":true,"href":"https:\/\/www.europesays.com\/es\/wp-json\/wp\/v2\/comments?post=297127"}],"version-history":[{"count":0,"href":"https:\/\/www.europesays.com\/es\/wp-json\/wp\/v2\/posts\/297127\/revisions"}],"wp:featuredmedia":[{"embeddable":true,"href":"https:\/\/www.europesays.com\/es\/wp-json\/wp\/v2\/media\/297128"}],"wp:attachment":[{"href":"https:\/\/www.europesays.com\/es\/wp-json\/wp\/v2\/media?parent=297127"}],"wp:term":[{"taxonomy":"category","embeddable":true,"href":"https:\/\/www.europesays.com\/es\/wp-json\/wp\/v2\/categories?post=297127"},{"taxonomy":"post_tag","embeddable":true,"href":"https:\/\/www.europesays.com\/es\/wp-json\/wp\/v2\/tags?post=297127"}],"curies":[{"name":"wp","href":"https:\/\/api.w.org\/{rel}","templated":true}]}}