{"id":297131,"date":"2025-12-20T02:08:09","date_gmt":"2025-12-20T02:08:09","guid":{"rendered":"https:\/\/www.europesays.com\/es\/297131\/"},"modified":"2025-12-20T02:08:09","modified_gmt":"2025-12-20T02:08:09","slug":"el-valencia-no-sabe-ser-feliz-1-1","status":"publish","type":"post","link":"https:\/\/www.europesays.com\/es\/297131\/","title":{"rendered":"El Valencia no sabe ser feliz (1-1)"},"content":{"rendered":"<p>Ni en Navidad. El Valencia es incapaz de dar felicidad ni tampoco disfrutarla. Una victoria en los \u00faltimos once partidos. Ni al Mallorca. No era  &#8230; el Atl\u00e9tico o el Villarreal. Ya pueden entonarse Isei, Gillhaus y Zamora en pasarle nombres a Gourlay porque este Valencia no hay quien lo enderece. Corber\u00e1n ya no es el t\u00e9cnico milagro. Ni el equipo consigue sumar de tres en tres, ni es capaz de activar remontadas ni sorprende con decisiones que llevaran al Valencia a disfrutar en el par\u00f3n. El sufrimiento sigue, tanto que si ma\u00f1ana el Girona es capaz de ganar al Al\u00e9tico de Madrid y Osasuna punt\u00faa, el conjunto blanquinegro se ir\u00e1 a puestos de descenso. \u00bfKiat, de esta afrenta qu\u00e9 dices? Nada, como con todo lo dem\u00e1s que afecta al club. Un punto de arrogancia s\u00ed mostr\u00f3 ante los accionistas, inter\u00e9s porque este equipo d\u00e9 \u00e9xitos a su p\u00fablico ya lo dejamos para otra vida. Porque desde Singapur ya se mand\u00f3 el mensaje de que refuerzos pocos y baratos.<\/p>\n<p class=\"v-p\">Los clubes se han bunkerizado y se han vuelto impersonales. Ahora es imposible ver un entrenamiento del Valencia cuando no hace muchos a\u00f1os lo hac\u00eda a puerta abierta y se ganaba la Liga y se jugaba la final de la Liga de Campeones. El f\u00fatbol moderno puede llegar a ser rid\u00edculo, con tanto dato y tanta historia. Porque estar\u00eda bien saber qu\u00e9 entrena este equipo. Las jugadas a bal\u00f3n parado est\u00e1 claro que no. \u00bfEntonces qu\u00e9 hacen? Lleva nueve goles encajados en un centro al \u00e1rea. Si hay un asistente dedicado a esta labor deber\u00eda estar ya en la calle. Ni se posicionan bien, ni act\u00faan con intensidad, ni se anticipan. Nada.<\/p>\n<p class=\"v-scr__t\">Valencia CF<\/p>\n<p class=\"v-scr__p v-scr__p--3\">Agirrezabala, Thierry (Foulquier, 77&#8242;), T\u00e1rrega, Copete, Gay\u00e0, Pepelu, Ugrinic (Javi Guerra, 72&#8242;), Almeida (Danjuma, 77&#8242;), Rioja (Ramazani, 72&#8242;), Beltr\u00e1n (Diego L\u00f3pez, 87&#8242;) y Hugo Duro.<\/p>\n<p class=\"v-scr__n-c v-scr__n-c--1 \">\n 1\n<\/p>\n<p class=\"v-scr__n-c v-scr__n-c--2\">\n&#8211;\n<\/p>\n<p class=\"v-scr__n-c v-scr__n-c--3 \">\n 1\n<\/p>\n<p class=\"v-scr__t\">RCD Mallorca<\/p>\n<p class=\"v-scr__p v-scr__p--3\">Rom\u00e1n, Maffeo, Valjent, Ra\u00edllo, Mojica, Morlanes (Darder, 57&#8242;), Sam\u00fa, Antonio (Morey, 87&#8242;), Virgili (Kumbulla, 66&#8242;), Joseph (Asano, 87&#8242;) y Muriqi.<\/p>\n<ul class=\"v-u\">\n<li class=\"v-u__l\">\n<p class=\"v-p\">\nGoles<br \/>\n0-1, Sam\u00fa Costa (23&#8242;). 1-1, Hugo Duro (52&#8242;).\n<\/p>\n<\/li>\n<li class=\"v-u__l\">\n<p class=\"v-p\">\n\u00c1rbitro<br \/>\nHern\u00e1ndez Maeso (Comit\u00e9 extreme\u00f1o). Amonest\u00f3 a Sam\u00fa Costa, Corber\u00e1n, Ugrinic, Rom\u00e1n, Joseph y Duro.\n<\/p>\n<\/li>\n<li class=\"v-u__l\">\n<p class=\"v-p\">\nIncidencias<br \/>\n41.179 espectadores en Mestalla.\n<\/p>\n<\/li>\n<\/ul>\n<p class=\"v-p\">Y ocurre lo inevitable. Bal\u00f3n al \u00e1rea, cabecea Ra\u00edllo ante T\u00e1rrega y el bal\u00f3n llega a Samu Costa, libre como el viento en el \u00e1rea, que golpea a bote pronto para batir a Agirrezabala. Es para cerrar el chiringuito, irse a 3\u00aa RFEF, que Meriton se vaya de una dichosa vez y volver a disfrutar de ser valencianista. El conjunto blanquinegro, en la primera mitad, fue tan previsible en los balones parados (gol en contra) como en el global de su juego. Muy poco por el centro, ni un desborde, ni un desmarque, y acaba y\u00e9ndose a las bandas para buscar centros al \u00e1rea (hasta 19 en la primera parte).<\/p>\n<p class=\"v-p\">Casi siempre con Luis Rioja como protagonista. Era el \u00fanico que desbordaba, que intentaba un regate, que buscaba la l\u00ednea de fondo, que quer\u00eda acabar las jugadas. Los dem\u00e1s pasaron desapercibidos, como si el Valencia no se estuviera jugando la vida. S\u00f3lo cuando sufri\u00f3 el golpetazo del gol mallorqu\u00edn sacaron algo de orgullo. El ruido de viento por momentos fue ensordecedor. La afici\u00f3n no aguanta m\u00e1s. S\u00f3lo en la fase final de la primera parte llegaron las ocasiones valencianistas, con una falta lanzada por Andr\u00e9 Almeida que roz\u00f3 la barrera y con una salvada de Valjent a un chut cruzado de Luis Rioja.<\/p>\n<p><a href=\"http:\/\/www.lasprovincias.es\/valenciacf\/1x1-valenciamallorca-thierry-vuelve-mejor-nivel-20251219231311-nt.html#vtm_modulosEngag=mod-rel:valenciacf:noticia:1:cmp:1-not\" class=\"v-a-link\" aria-label=\"Imagen\" rel=\"nofollow noopener\" target=\"_blank\"><\/p>\n<p><img decoding=\"async\" loading=\"lazy\" src=\"https:\/\/www.europesays.com\/es\/wp-content\/uploads\/2025\/12\/thierry-rendall-kPCH--366x256@Las Provincias-LasProvincias.jpg\" class=\"v-a-img\" width=\"258\" height=\"180\" alt=\"\" data-voc-vtm-id=\"in-text-traffic\"\/><\/p>\n<p><\/a><\/p>\n<p class=\"v-p\">Esa tendencia continu\u00f3 en la segunda fase, acrecentada por el inter\u00e9s por evitarle un sufrimiento a la afici\u00f3n. Tanto que pronto lleg\u00f3 el tanto del empate. Jugada de Thierry por la banda derecha, centro al \u00e1rea y Hugo Duro \u2013ponga un Hugo Duro en su vida\u2013 remataba de cabeza a gol. El madrile\u00f1o lleva 14 goles en este 2025. Mestalla se activaba. La afici\u00f3n da mucho con poco. El equipo se lanz\u00f3 en tromba. Gay\u00e0, tambi\u00e9n de cabeza, casi marc\u00f3 pero el bal\u00f3n se fue al palo. Por momentos, este Valencia parec\u00eda otro Valencia. Fluidez en el juega, hilaba acciones de ataque, Ugrinic romp\u00eda entre l\u00edneas por el centro.<\/p>\n<p class=\"v-p\">Lucas Beltr\u00e1n quer\u00eda mantener su buena racha y se lanzaba en plancha pero Rom\u00e1n sacaba el bal\u00f3n con el pie derecho. El Mallorca s\u00f3lo pudo estirarse en una ocasi\u00f3n con un remate de Mateo Joseph que se march\u00f3 rozando el palo de Agirrezabala. Pero el Valencia se qued\u00f3 ah\u00ed. Siempre se queda corto. Es descorazonador. La matem\u00e1tica es tozuda. 16 puntos en 17 jornadas. Ni un punto por partido. As\u00ed el desenlace se antoja tr\u00e1gido. \u00bfHay alguien ah\u00ed que pueda evitarlo? Kiat, hola, \u00bfest\u00e1s ah\u00ed o sigues comedido?<\/p>\n","protected":false},"excerpt":{"rendered":"Ni en Navidad. El Valencia es incapaz de dar felicidad ni tampoco disfrutarla. Una victoria en los \u00faltimos&hellip;\n","protected":false},"author":2,"featured_media":297132,"comment_status":"","ping_status":"","sticky":false,"template":"","format":"standard","meta":{"footnotes":""},"categories":[93],"tags":[168,25,24,6664,8828,23,167,235],"class_list":{"0":"post-297131","1":"post","2":"type-post","3":"status-publish","4":"format-standard","5":"has-post-thumbnail","7":"category-deportes","8":"tag-deportes","9":"tag-es","10":"tag-espana","11":"tag-feliz","12":"tag-sabe","13":"tag-spain","14":"tag-sports","15":"tag-valencia"},"share_on_mastodon":{"url":"https:\/\/pubeurope.com\/@es\/115749461222611343","error":""},"_links":{"self":[{"href":"https:\/\/www.europesays.com\/es\/wp-json\/wp\/v2\/posts\/297131","targetHints":{"allow":["GET"]}}],"collection":[{"href":"https:\/\/www.europesays.com\/es\/wp-json\/wp\/v2\/posts"}],"about":[{"href":"https:\/\/www.europesays.com\/es\/wp-json\/wp\/v2\/types\/post"}],"author":[{"embeddable":true,"href":"https:\/\/www.europesays.com\/es\/wp-json\/wp\/v2\/users\/2"}],"replies":[{"embeddable":true,"href":"https:\/\/www.europesays.com\/es\/wp-json\/wp\/v2\/comments?post=297131"}],"version-history":[{"count":0,"href":"https:\/\/www.europesays.com\/es\/wp-json\/wp\/v2\/posts\/297131\/revisions"}],"wp:featuredmedia":[{"embeddable":true,"href":"https:\/\/www.europesays.com\/es\/wp-json\/wp\/v2\/media\/297132"}],"wp:attachment":[{"href":"https:\/\/www.europesays.com\/es\/wp-json\/wp\/v2\/media?parent=297131"}],"wp:term":[{"taxonomy":"category","embeddable":true,"href":"https:\/\/www.europesays.com\/es\/wp-json\/wp\/v2\/categories?post=297131"},{"taxonomy":"post_tag","embeddable":true,"href":"https:\/\/www.europesays.com\/es\/wp-json\/wp\/v2\/tags?post=297131"}],"curies":[{"name":"wp","href":"https:\/\/api.w.org\/{rel}","templated":true}]}}