{"id":297133,"date":"2025-12-20T02:09:17","date_gmt":"2025-12-20T02:09:17","guid":{"rendered":"https:\/\/www.europesays.com\/es\/297133\/"},"modified":"2025-12-20T02:09:17","modified_gmt":"2025-12-20T02:09:17","slug":"europa-en-alerta-por-el-auge-de-las-its-gonorrea-clamidia-y-sifilis-se-disparan","status":"publish","type":"post","link":"https:\/\/www.europesays.com\/es\/297133\/","title":{"rendered":"Europa, en alerta por el auge de las ITS: gonorrea, clamidia y s\u00edfilis se disparan"},"content":{"rendered":"<p dir=\"ltr\">El <strong>Centro Europeo para la Prevenci\u00f3n y el Control de Enfermedades (ECDC) <\/strong>ha lanzado una <strong>advertencia contundente<\/strong> a las autoridades sanitarias de la Uni\u00f3n Europea. Seg\u00fan el informe &#8216;Seguimiento de las respuestas a las epidemias de ITS, 2024&#8217;, <strong>el continente se enfrenta a una <a href=\"https:\/\/www.consalud.es\/pacientes\/infecciosas\/repunte-sostenido-de-las-its-en-espana-gonorrea-y-clamidia-disparadas-en-menores-de-25-anos.html\" rel=\"nofollow noopener\" target=\"_blank\">crisis creciente de clamidia, gonorrea y s\u00edfilis<\/a><\/strong>, agravada por la <strong>falta de datos fiables y \u00abobst\u00e1culos significativos\u00bb<\/strong> que impiden a los ciudadanos acceder a pruebas y tratamientos.<\/p>\n<p><a href=\"https:\/\/www.consalud.es\/web\/assets\/contenedores\/banners\/banner_control_de_clicks.php?id=19\" target=\"_blank\" title=\"Pulse aqu\u00ed\" rel=\"nofollow noopener\"><img loading=\"lazy\" decoding=\"async\" src=\"https:\/\/www.europesays.com\/es\/wp-content\/uploads\/2025\/09\/media-19.jpg\" width=\"300\" height=\"250\" alt=\"Pulse aqu\u00ed\"\/><\/a><\/p>\n<p>El repunte de la gonorrea<\/p>\n<p dir=\"ltr\">Los datos epidemiol\u00f3gicos reflejan una tendencia alarmante.<strong> Entre 2014 y 2023<\/strong>, las tasas de notificaci\u00f3n de <strong>gonorrea aumentaron casi un 300% <\/strong>entre hombres homosexuales, bisexuales y otros hombres que tienen relaciones sexuales con hombres (HSH).<\/p>\n<p dir=\"ltr\">Sin embargo, el informe pone el foco en un <strong>nuevo grupo de riesgo<\/strong>: las<strong> mujeres j\u00f3venes.<\/strong> Solo entre <strong>2021 y 2023,<\/strong> la incidencia de <strong><a href=\"https:\/\/www.consalud.es\/pacientes\/infecciosas\/la-gonorrea-se-multiplica-por-ocho-en-galicia-si-la-estrategia-vacunal-es-efectiva-otros-paises-nos-seguiran.html\" rel=\"nofollow noopener\" target=\"_blank\">gonorrea en mujeres<\/a> de 20 a 24 a\u00f1os creci\u00f3 un 200%,<\/strong> un indicador que, seg\u00fan el ECDC, evidencia la necesidad \u201curgente de respuestas nacionales que sean robustas e inclusivas\u00bb.<\/p>\n<p><a href=\"https:\/\/www.consalud.es\/web\/assets\/contenedores\/banners\/banner_control_de_clicks.php?id=77\" target=\"_blank\" title=\"Pulse aqu\u00ed\" rel=\"nofollow noopener\"><img loading=\"lazy\" decoding=\"async\" src=\"https:\/\/www.europesays.com\/es\/wp-content\/uploads\/2025\/12\/media-77.gif\" width=\"300\" height=\"250\" alt=\"Pulse aqu\u00ed\"\/><\/a><\/p>\n<p>Planes obsoletos y barreras de acceso<\/p>\n<p dir=\"ltr\">A pesar de la gravedad de la situaci\u00f3n, la respuesta institucional parece haberse estancado. Aunque 18 de los 29 pa\u00edses analizados poseen una pol\u00edtica nacional de prevenci\u00f3n y control contra las <a href=\"https:\/\/www.consalud.es\/pacientes\/la-mitad-de-los-casos-de-vih-en-espana-se-diagnostican-tarde.html\" rel=\"nofollow noopener\" target=\"_blank\">infecciones de transmisi\u00f3n sexual<\/a> (ITS), <strong>solo diez han renovado sus planes en los \u00faltimos cinco a\u00f1os. <\/strong>Esto implica que la mayor\u00eda de <strong>las estrategias ignoran los cambios de comportamiento socia<\/strong>l tras la pandemia y las tendencias epidemiol\u00f3gicas m\u00e1s recientes.<\/p>\n<blockquote><p>&#13;<\/p>\n<p dir=\"ltr\">Tan s\u00f3lo 10 pa\u00edses de la UE han renovado sus planes de prevenci\u00f3n y control contra las ITS<\/p>\n<p>&#13;\n<\/p><\/blockquote>\n<p dir=\"ltr\">\u00abLa falta de estrategias actualizadas se ve agravada por importantes obst\u00e1culos para quienes buscan atenci\u00f3n m\u00e9dica\u00bb, indica el ECDC.<\/p>\n<p dir=\"ltr\">El informe detalla adem\u00e1s <strong>tres barreras cr\u00edticas<\/strong> que frenan la contenci\u00f3n de las epidemias. En primer lugar el <strong>coste econ\u00f3mico,<\/strong> en 13 pa\u00edses <strong>los ciudadanos todav\u00eda deben pagar <\/strong>de su bolsillo <strong>las pruebas b\u00e1sicas de ITS<\/strong>.<\/p>\n<p dir=\"ltr\">Adem\u00e1s, la <strong>falta de privacidad <\/strong>existente disuade a los afectados de pedir ayuda. <strong>Siete pa\u00edses exigen el consentimiento paterno a menores de 18 a\u00f1os<\/strong>, lo que genera rechazo en los adolescentes sexualmente activos de solicitar ayuda m\u00e9dica.<\/p>\n<p dir=\"ltr\">La <strong>Vacunaci\u00f3n insuficiente <\/strong>tambi\u00e9n supone un gran obst\u00e1culo. La cobertura contra la s\u00edfilis cong\u00e9nita sigue siendo muy baja, con <strong>apenas un 13,2% de la poblaci\u00f3n de riesgo vacunada<\/strong> con la pauta completa. En este sentido y a pesar de los graves riesgos asociados con la enfermedad, <strong>s\u00f3lo cuatro pa\u00edses pudieron presentar datos sobre la proporci\u00f3n de mujeres embarazadas sometidas a pruebas de detecci\u00f3n.<\/strong><\/p>\n<blockquote><p>&#13;<\/p>\n<p dir=\"ltr\">El coste econ\u00f3mico, la falta de privacidad y la vacunaci\u00f3n insuficiente suponen barreras criticas para la contenci\u00f3n de las ITS<\/p>\n<p>&#13;\n<\/p><\/blockquote>\n<p>Servicios m\u00e1s accesibles<\/p>\n<p dir=\"ltr\">Por ello, el <strong>ECDC insta <\/strong>a las autoridades de salud p\u00fablica a <strong>mantener una vigilancia estricta y garantizar el acceso a la vacunaci\u00f3n <\/strong>para las personas con mayor riesgo, dada la continua <strong>transmisi\u00f3n de mpox,<\/strong> incluyendo la reciente detecci\u00f3n de casos de mpox del clado Ib adquiridos localmente entre hombres que tienen relaciones sexuales con hombres en Europa.<\/p>\n<p dir=\"ltr\">Los hallazgos subrayan la necesidad de <strong>servicios accesibles y resultados mensurables<\/strong>. Para<strong> frenar eficazmente estas epidemias,<\/strong> se insta a los pa\u00edses a actualizar sus estrategias nacionales, eliminar las barreras para las pruebas y fortalecer los datos de vigilancia de las ITS y la cobertura de las intervenciones para orientar mejor y mejorar las iniciativas de prevenci\u00f3n.<\/p>\n<p class=\"pie-articulo\">*Los contenidos de ConSalud est\u00e1n elaborados por periodistas especializados en salud y avalados por un comit\u00e9 de expertos de primer nivel. No obstante, recomendamos al lector que cualquier duda relacionada con la salud sea consultada con un profesional del \u00e1mbito sanitario.<\/p>\n","protected":false},"excerpt":{"rendered":"El Centro Europeo para la Prevenci\u00f3n y el Control de Enfermedades (ECDC) ha lanzado una advertencia contundente a&hellip;\n","protected":false},"author":2,"featured_media":297134,"comment_status":"","ping_status":"","sticky":false,"template":"","format":"standard","meta":{"footnotes":""},"categories":[92],"tags":[25,24,165,166,23],"class_list":{"0":"post-297133","1":"post","2":"type-post","3":"status-publish","4":"format-standard","5":"has-post-thumbnail","7":"category-salud","8":"tag-es","9":"tag-espana","10":"tag-health","11":"tag-salud","12":"tag-spain"},"share_on_mastodon":{"url":"https:\/\/pubeurope.com\/@es\/115749464944578955","error":""},"_links":{"self":[{"href":"https:\/\/www.europesays.com\/es\/wp-json\/wp\/v2\/posts\/297133","targetHints":{"allow":["GET"]}}],"collection":[{"href":"https:\/\/www.europesays.com\/es\/wp-json\/wp\/v2\/posts"}],"about":[{"href":"https:\/\/www.europesays.com\/es\/wp-json\/wp\/v2\/types\/post"}],"author":[{"embeddable":true,"href":"https:\/\/www.europesays.com\/es\/wp-json\/wp\/v2\/users\/2"}],"replies":[{"embeddable":true,"href":"https:\/\/www.europesays.com\/es\/wp-json\/wp\/v2\/comments?post=297133"}],"version-history":[{"count":0,"href":"https:\/\/www.europesays.com\/es\/wp-json\/wp\/v2\/posts\/297133\/revisions"}],"wp:featuredmedia":[{"embeddable":true,"href":"https:\/\/www.europesays.com\/es\/wp-json\/wp\/v2\/media\/297134"}],"wp:attachment":[{"href":"https:\/\/www.europesays.com\/es\/wp-json\/wp\/v2\/media?parent=297133"}],"wp:term":[{"taxonomy":"category","embeddable":true,"href":"https:\/\/www.europesays.com\/es\/wp-json\/wp\/v2\/categories?post=297133"},{"taxonomy":"post_tag","embeddable":true,"href":"https:\/\/www.europesays.com\/es\/wp-json\/wp\/v2\/tags?post=297133"}],"curies":[{"name":"wp","href":"https:\/\/api.w.org\/{rel}","templated":true}]}}