{"id":297141,"date":"2025-12-20T02:13:09","date_gmt":"2025-12-20T02:13:09","guid":{"rendered":"https:\/\/www.europesays.com\/es\/297141\/"},"modified":"2025-12-20T02:13:09","modified_gmt":"2025-12-20T02:13:09","slug":"ee-uu-bombardea-mas-de-70-posiciones-de-estado-islamico-en-siria","status":"publish","type":"post","link":"https:\/\/www.europesays.com\/es\/297141\/","title":{"rendered":"EE UU bombardea m\u00e1s de 70 posiciones de Estado Isl\u00e1mico en Siria"},"content":{"rendered":"<p>Las autoridades estadounidenses han informado este viernes de que han lanzado un \u00abataque masivo\u00bb contra objetivos de Estado Isl\u00e1mico en Siria, en respuesta al ataque  &#8230; perpetrado durante el fin de semana pasado en la provincia siria de Palmira que se sald\u00f3 con la muerte de tres estadounidenses, incluidos dos militares. En concreto, las fuezas armadas estadounidenses han bombardeado 70 posiciones. <\/p>\n<p class=\"v-p\">\u00abTropas estadounidenses han iniciado un ataque a gran escala contra la infraestructura y los dep\u00f3sitos de armas de Estado Isl\u00e1mico en Siria. Este ataque masivo se produce tras el del 13 de diciembre contra fuerzas estadounidenses y aliadas\u00bb, ha anunciado el Mando Central de Estados Unidos (CENTCOM) a trav\u00e9s de un breve comunicado.<\/p>\n<p class=\"v-p\">El ataque perpetrado en el centro de Siria cuando los militares participaban como apoyo en una operaci\u00f3n antiterrorista contra el grupo yihadista se sald\u00f3 con la muerte de dos miembros de la Guardia Nacional de Iowa y de un int\u00e9rprete civil.<\/p>\n<p class=\"v-p\">El presidente estadounidense, Donald Trump, lament\u00f3 \u00abla p\u00e9rdida de tres grandes patriotas estadounidenses en Siria\u00bb y afirm\u00f3 que se hab\u00eda tratado de un \u00abataque de Estado Isl\u00e1mico contra Estados Unidos y Siria\u00bb en \u00abuna zona que no est\u00e1 totalmente controlada\u00bb por las autoridades sirias.<\/p>\n","protected":false},"excerpt":{"rendered":"Las autoridades estadounidenses han informado este viernes de que han lanzado un \u00abataque masivo\u00bb contra objetivos de Estado&hellip;\n","protected":false},"author":2,"featured_media":297142,"comment_status":"","ping_status":"","sticky":false,"template":"","format":"standard","meta":{"footnotes":""},"categories":[42],"tags":[1422,17,18,115,693,13,14,11,61,62,63,64,70753,2629,19,20,16396,9,10,15,16,32787,12,21,22,65,66,67],"class_list":{"0":"post-297141","1":"post","2":"type-post","3":"status-publish","4":"format-standard","5":"has-post-thumbnail","7":"category-internacional","8":"tag-ataque","9":"tag-breaking-news","10":"tag-breakingnews","11":"tag-eeuu","12":"tag-estado","13":"tag-featured-news","14":"tag-featurednews","15":"tag-headlines","16":"tag-internacional","17":"tag-international","18":"tag-international-news","19":"tag-internationalnews","20":"tag-islamico","21":"tag-lanza","22":"tag-latest-news","23":"tag-latestnews","24":"tag-masivo","25":"tag-news","26":"tag-noticias","27":"tag-noticias-destacadas","28":"tag-noticiasdestacadas","29":"tag-siria","30":"tag-titulares","31":"tag-ultimas-noticias","32":"tag-ultimasnoticias","33":"tag-world","34":"tag-world-news","35":"tag-worldnews"},"share_on_mastodon":{"url":"https:\/\/pubeurope.com\/@es\/115749480377822728","error":""},"_links":{"self":[{"href":"https:\/\/www.europesays.com\/es\/wp-json\/wp\/v2\/posts\/297141","targetHints":{"allow":["GET"]}}],"collection":[{"href":"https:\/\/www.europesays.com\/es\/wp-json\/wp\/v2\/posts"}],"about":[{"href":"https:\/\/www.europesays.com\/es\/wp-json\/wp\/v2\/types\/post"}],"author":[{"embeddable":true,"href":"https:\/\/www.europesays.com\/es\/wp-json\/wp\/v2\/users\/2"}],"replies":[{"embeddable":true,"href":"https:\/\/www.europesays.com\/es\/wp-json\/wp\/v2\/comments?post=297141"}],"version-history":[{"count":0,"href":"https:\/\/www.europesays.com\/es\/wp-json\/wp\/v2\/posts\/297141\/revisions"}],"wp:featuredmedia":[{"embeddable":true,"href":"https:\/\/www.europesays.com\/es\/wp-json\/wp\/v2\/media\/297142"}],"wp:attachment":[{"href":"https:\/\/www.europesays.com\/es\/wp-json\/wp\/v2\/media?parent=297141"}],"wp:term":[{"taxonomy":"category","embeddable":true,"href":"https:\/\/www.europesays.com\/es\/wp-json\/wp\/v2\/categories?post=297141"},{"taxonomy":"post_tag","embeddable":true,"href":"https:\/\/www.europesays.com\/es\/wp-json\/wp\/v2\/tags?post=297141"}],"curies":[{"name":"wp","href":"https:\/\/api.w.org\/{rel}","templated":true}]}}