{"id":297144,"date":"2025-12-20T02:16:36","date_gmt":"2025-12-20T02:16:36","guid":{"rendered":"https:\/\/www.europesays.com\/es\/297144\/"},"modified":"2025-12-20T02:16:36","modified_gmt":"2025-12-20T02:16:36","slug":"la-metedura-de-pata-de-pepa-bueno-al-anunciar-a-estopa-y-chenoa-como-presentadores-de-las-campanadas-de-rtve","status":"publish","type":"post","link":"https:\/\/www.europesays.com\/es\/297144\/","title":{"rendered":"La metedura de pata de Pepa Bueno al anunciar a Estopa y Chenoa como presentadores de las Campanadas de RTVE"},"content":{"rendered":"<p class=\"paragraph\" id=\"paragraph_1\">Por fin <a href=\"https:\/\/www.elespanol.com\/bluper\/20251218\/chenoa-estopa-presentaran-campanadas-rtve-baja-andreu-buenafuente-silvia-abril\/1003744062274_0.html?utm_cmp_rs=linksinline\" rel=\"nofollow noopener\" target=\"_blank\">se han anunciado los nombres de los presentadores para Fin de A\u00f1o en TVE<\/a> tras la <a href=\"https:\/\/www.elespanol.com\/bluper\/20251212\/andreu-buenafuente-anuncia-no-presentara-campanadas-rtve\/1003744052330_0.html?utm_cmp_rs=linksinline\" rel=\"nofollow noopener\" target=\"_blank\">baja de <strong>Andreu Buenafuente<\/strong> y <strong>Silvia Abril<\/strong><\/a>.<\/p>\n<p class=\"paragraph\" id=\"paragraph_2\"><strong>Pepa Bueno<\/strong> ha sido la encargada de dar los nombres de <strong>Chenoa<\/strong> y de los componentes de <strong>Estopa<\/strong>. Hasta aqu\u00ed todo bien. El problema ha llegado a la hora de dar el nombre de los int\u00e9rpretes de Tu calorro.<\/p>\n<p class=\"paragraph\" id=\"paragraph_3\">\u201cYa les podemos decir con qui\u00e9nes nos vamos a tomar las uvas, qui\u00e9nes van a presentar las Campanadas de RTVE. <strong>Ser\u00e1n tres, Chenoa y los hermanos Juan y David Mu\u00f1oz, los Estopa<\/strong>\u201d, ha informado la periodista.<\/p>\n<p><img loading=\"lazy\" decoding=\"async\" alt=\"David Broncano este martes en 'La Revuelta'.\" height=\"180\" src=\"https:\/\/www.europesays.com\/es\/wp-content\/uploads\/2025\/12\/1003744058855_260522609_320x180.jpg\" width=\"320\" data-lazy-status=\"processed\" data-lazy-info=\"remove loading item 1\"\/><\/p>\n<p class=\"paragraph\" id=\"paragraph_4\">Pero no, <strong>Estopa no son Juan y David Mu\u00f1oz<\/strong>. El cantante del d\u00fao ha aclarado prudentemente la confusi\u00f3n antes de una broma del protagonista del conocido <strong>\u00a1Vamos, Jose!<\/strong>, algo que conocen de sobra los fans del grupo.<\/p>\n<p class=\"paragraph\" id=\"paragraph_5\">\u201cDavid, \u00bfc\u00f3mo os tom\u00e1is esta enorme responsabilidad?\u201d, ha preguntado Pepa Bueno. \u201cHola, Pepa. <strong>Estoy aqu\u00ed con mi hermano Jos\u00e9 y con Laura<\/strong>\u201d, ha saludado el cantante.<\/p>\n<p class=\"paragraph\" id=\"paragraph_6\">Y <strong>Jos\u00e9 Mu\u00f1oz<\/strong>, o Jose para los fans del d\u00fao, no ha evitado ironizar con la situaci\u00f3n. <strong>\u201cQue soy tu tocayo, Pepa\u201d<\/strong>, ha dicho el m\u00fasico. \u201c\u00bfAh s\u00ed? Es verdad\u201d, ha contestado la periodista quiz\u00e1 consciente de su error.<\/p>\n<p class=\"paragraph\" id=\"paragraph_7\"><strong>Chenoa<\/strong>, que tambi\u00e9n puede presumir de buen humor, ha alargado un poco m\u00e1s la broma. \u201c<strong>Es Pepe malo<\/strong>\u201d, ha intercedido la cantante antes de re\u00edr espont\u00e1neamente.<\/p>\n<p class=\"paragraph\" id=\"paragraph_8\">Esta confusi\u00f3n ha servido para aligerar el ambiente justo antes de que <strong>Pepa Bueno<\/strong> les dijera que los ve\u00eda \u201cmuy tranquilos\u201d frente a esta responsabilidad.<\/p>\n<p class=\"paragraph\" id=\"paragraph_9\">Pero el cachondeo ha seguido. \u201c<strong>\u00bfQue qu\u00e9 nos tomamos?<\/strong>\u201d, ha dicho <strong>David Mu\u00f1oz<\/strong>. \u201c\u00a1No! Que c\u00f3mo te lo tomas. \u00a1Ay, Dios m\u00edo!\u201d, ha intercedido <strong>Chenoa llev\u00e1ndose las manos a la cabeza<\/strong>.<\/p>\n<p class=\"paragraph\" id=\"paragraph_10\">Sin duda, esperamos cachondeo y buen humor en las <strong>Campanadas de RTVE<\/strong>. Eso s\u00ed, parece que se lo van a tomar en serio a pesar de seguir con los chistes, un poco malos se debe confesar.<\/p>\n<p class=\"paragraph\" id=\"paragraph_11\">\u201cEs la cosa m\u00e1s importante que me han dicho en mi vida, yo creo. Lo hemos vivido siempre con mi familia\u201d, ha recordado el cantante del d\u00fao. Pero claro, <strong>Jos\u00e9 Mu\u00f1oz<\/strong> ten\u00eda m\u00e1s ganas de marcha.<\/p>\n<p><img decoding=\"async\" alt=\"Chenoa y Estopa dara\u0301n las Campanadas este\u0301 an\u0303o en TVE\" data-imgm=\"true\" height=\"180\" loading=\"lazy\"  src=\"https:\/\/www.europesays.com\/es\/wp-content\/uploads\/2025\/12\/1003744062313_260568071_1024x576.jpg\"  width=\"320\"\/><\/p>\n<p>                                                            Chenoa y Estopa dara\u0301n las Campanadas este\u0301 an\u0303o en TVE<\/p>\n<p>                    RTVE<\/p>\n<p class=\"paragraph\" id=\"paragraph_12\">\u201c<strong>Somos muy de olivas, de uvas, de cosas redondas<\/strong>\u201d, ha bromeado Jos\u00e9 Mu\u00f1oz. Su hermano no ha tardado nada en soltar el chiste malo: \u201cCuando t\u00fa vas\u201d, pronunciando de tal manera que destacaba la palabra U-VAS mientras se re\u00eda.<\/p>\n<p class=\"paragraph\" id=\"paragraph_13\"><strong>Chenoa<\/strong>, de momento no se ha arrepentido de aceptar tan magna tarea, pero ha querido tranquilizar a los espa\u00f1oles frente al gamberrismo de los Estopa. \u201c<strong>Vamos a intentar dar los cuartos y hacerlo todo bien<\/strong>\u201d, ha afirmado.<\/p>\n<p class=\"paragraph\" id=\"paragraph_14\">Por fortuna, tenemos a Chenoa para poner en vereda al d\u00fao m\u00e1s gamberro de la m\u00fasica espa\u00f1ola.<\/p>\n","protected":false},"excerpt":{"rendered":"Por fin se han anunciado los nombres de los presentadores para Fin de A\u00f1o en TVE tras la&hellip;\n","protected":false},"author":2,"featured_media":297145,"comment_status":"","ping_status":"","sticky":false,"template":"","format":"standard","meta":{"footnotes":""},"categories":[5],"tags":[1535,17,18,48603,17945,25,24,7670,13,14,11,19,20,9,10,15,16,30477,23,12,21,22],"class_list":{"0":"post-297144","1":"post","2":"type-post","3":"status-publish","4":"format-standard","5":"has-post-thumbnail","7":"category-titulares","8":"tag-bluper","9":"tag-breaking-news","10":"tag-breakingnews","11":"tag-campanadas","12":"tag-chenoa","13":"tag-es","14":"tag-espana","15":"tag-estopa","16":"tag-featured-news","17":"tag-featurednews","18":"tag-headlines","19":"tag-latest-news","20":"tag-latestnews","21":"tag-news","22":"tag-noticias","23":"tag-noticias-destacadas","24":"tag-noticiasdestacadas","25":"tag-pepa-bueno","26":"tag-spain","27":"tag-titulares","28":"tag-ultimas-noticias","29":"tag-ultimasnoticias"},"share_on_mastodon":{"url":"https:\/\/pubeurope.com\/@es\/115749492431279701","error":""},"_links":{"self":[{"href":"https:\/\/www.europesays.com\/es\/wp-json\/wp\/v2\/posts\/297144","targetHints":{"allow":["GET"]}}],"collection":[{"href":"https:\/\/www.europesays.com\/es\/wp-json\/wp\/v2\/posts"}],"about":[{"href":"https:\/\/www.europesays.com\/es\/wp-json\/wp\/v2\/types\/post"}],"author":[{"embeddable":true,"href":"https:\/\/www.europesays.com\/es\/wp-json\/wp\/v2\/users\/2"}],"replies":[{"embeddable":true,"href":"https:\/\/www.europesays.com\/es\/wp-json\/wp\/v2\/comments?post=297144"}],"version-history":[{"count":0,"href":"https:\/\/www.europesays.com\/es\/wp-json\/wp\/v2\/posts\/297144\/revisions"}],"wp:featuredmedia":[{"embeddable":true,"href":"https:\/\/www.europesays.com\/es\/wp-json\/wp\/v2\/media\/297145"}],"wp:attachment":[{"href":"https:\/\/www.europesays.com\/es\/wp-json\/wp\/v2\/media?parent=297144"}],"wp:term":[{"taxonomy":"category","embeddable":true,"href":"https:\/\/www.europesays.com\/es\/wp-json\/wp\/v2\/categories?post=297144"},{"taxonomy":"post_tag","embeddable":true,"href":"https:\/\/www.europesays.com\/es\/wp-json\/wp\/v2\/tags?post=297144"}],"curies":[{"name":"wp","href":"https:\/\/api.w.org\/{rel}","templated":true}]}}