{"id":297146,"date":"2025-12-20T02:20:09","date_gmt":"2025-12-20T02:20:09","guid":{"rendered":"https:\/\/www.europesays.com\/es\/297146\/"},"modified":"2025-12-20T02:20:09","modified_gmt":"2025-12-20T02:20:09","slug":"la-primera-ronda-del-nacional-infantil-termino-con-suspension-por-oscuridad","status":"publish","type":"post","link":"https:\/\/www.europesays.com\/es\/297146\/","title":{"rendered":"La primera ronda del Nacional Infantil termin\u00f3 con suspensi\u00f3n por oscuridad"},"content":{"rendered":"<p><strong>Entre los ni\u00f1os, el mejor \u2018score\u2019 del d\u00eda fue el 72 (E) del vallecaucano Lucas Loaiza (CC Cali)<\/strong>, en una jornada donde les rest\u00f3 un golpe a los hoyos 2, 7, y 16, con errores en el 3, 4 y 17, que no impidieron su ascenso a la cima.<\/p>\n<p>Con tres golpes m\u00e1s se encuentra Juan Ospina (Hatogrande), y con cuatro m\u00e1s avanza Mat\u00edas Castro (CC Pereira), quienes tambi\u00e9n se destacaron en el estreno este viernes.<\/p>\n<p>Por la tarde jugaron las categor\u00edas de 14-15 a\u00f1os.<strong> En el grupo de ni\u00f1as tambi\u00e9n se presenta un empate, a 79 golpes, entre la campeona defensora Gabriela Torres (Guaymaral) y Sof\u00eda Araque (Los B\u00fahos),<\/strong> y muy de cerca, a tan solo un golpe, yace Mar\u00eda Arboleda (CC Cali) en la tercera colocaci\u00f3n.<\/p>\n<blockquote class=\"instagram-media\" style=\"background: #FFF;border: 0;border-radius: 3px;margin: 1px;max-width: 540px;min-width: 326px;padding: 0;width: calc(100% - 2px)\" data-instgrm-permalink=\"https:\/\/www.instagram.com\/p\/DSduahXkRxQ\/?utm_source=ig_embed&amp;utm_campaign=loading\" data-instgrm-version=\"14\">\n<\/blockquote>\n<p>En cambio, la ronda termin\u00f3 en suspenso para los caballeros de 14-15 a\u00f1os, pues el ocaso lleg\u00f3 al campo atlanticense antes de que los grupos finales pudieran completar el recorrido.<\/p>\n<p><b>Estos grupos deber\u00e1n estar de vuelta en el campo a las 6:30 de la ma\u00f1ana en el lugar donde se encontraban al momento del cierre del campo, listos para reanudar el juego.<\/b><\/p>\n<p>Una vez estos grupos concluyan y entreguen sus tarjetas, se proceder\u00e1 a la elaboraci\u00f3n de sus horarios para la segunda ronda, que ser\u00e1n a partir de las 7:10 de la ma\u00f1ana.<\/p>\n<p>\t\t\t\t<script async src=\"\/\/www.instagram.com\/embed.js\"><\/script><\/p>\n","protected":false},"excerpt":{"rendered":"Entre los ni\u00f1os, el mejor \u2018score\u2019 del d\u00eda fue el 72 (E) del vallecaucano Lucas Loaiza (CC Cali),&hellip;\n","protected":false},"author":2,"featured_media":297147,"comment_status":"","ping_status":"","sticky":false,"template":"","format":"standard","meta":{"footnotes":""},"categories":[275],"tags":[168,25,24,329,23,167],"class_list":{"0":"post-297146","1":"post","2":"type-post","3":"status-publish","4":"format-standard","5":"has-post-thumbnail","7":"category-golf","8":"tag-deportes","9":"tag-es","10":"tag-espana","11":"tag-golf","12":"tag-spain","13":"tag-sports"},"share_on_mastodon":{"url":"https:\/\/pubeurope.com\/@es\/115749507659441127","error":""},"_links":{"self":[{"href":"https:\/\/www.europesays.com\/es\/wp-json\/wp\/v2\/posts\/297146","targetHints":{"allow":["GET"]}}],"collection":[{"href":"https:\/\/www.europesays.com\/es\/wp-json\/wp\/v2\/posts"}],"about":[{"href":"https:\/\/www.europesays.com\/es\/wp-json\/wp\/v2\/types\/post"}],"author":[{"embeddable":true,"href":"https:\/\/www.europesays.com\/es\/wp-json\/wp\/v2\/users\/2"}],"replies":[{"embeddable":true,"href":"https:\/\/www.europesays.com\/es\/wp-json\/wp\/v2\/comments?post=297146"}],"version-history":[{"count":0,"href":"https:\/\/www.europesays.com\/es\/wp-json\/wp\/v2\/posts\/297146\/revisions"}],"wp:featuredmedia":[{"embeddable":true,"href":"https:\/\/www.europesays.com\/es\/wp-json\/wp\/v2\/media\/297147"}],"wp:attachment":[{"href":"https:\/\/www.europesays.com\/es\/wp-json\/wp\/v2\/media?parent=297146"}],"wp:term":[{"taxonomy":"category","embeddable":true,"href":"https:\/\/www.europesays.com\/es\/wp-json\/wp\/v2\/categories?post=297146"},{"taxonomy":"post_tag","embeddable":true,"href":"https:\/\/www.europesays.com\/es\/wp-json\/wp\/v2\/tags?post=297146"}],"curies":[{"name":"wp","href":"https:\/\/api.w.org\/{rel}","templated":true}]}}